{"id":352640,"date":"2025-08-29T17:41:15","date_gmt":"2025-08-29T17:41:15","guid":{"rendered":"https:\/\/www.europesays.com\/fr\/352640\/"},"modified":"2025-08-29T17:41:15","modified_gmt":"2025-08-29T17:41:15","slug":"leurope-finit-dans-le-rouge-apres-une-journee-riche-en-donnees-economiques-29-08-2025-a-1808","status":"publish","type":"post","link":"https:\/\/www.europesays.com\/fr\/352640\/","title":{"rendered":"L&rsquo;Europe finit dans le rouge apr\u00e8s une journ\u00e9e riche en donn\u00e9es \u00e9conomiques &#8211; 29\/08\/2025 \u00e0 18:08"},"content":{"rendered":"<p>        <img fetchpriority=\"high\" decoding=\"async\" src=\"https:\/\/www.europesays.com\/fr\/wp-content\/uploads\/2025\/08\/3c56fb82c6d66584e02fa4f73cefe7a2-760x507.jpg\" alt=\"Bourse Euronext dans le quartier d'affaires de La D\u00e9fense \u00e0 Paris\" loading=\"eager\" width=\"760\" height=\"507\" style=\"max-width: 100%!important; height: auto;\"\/><\/p>\n<p class=\"c-image-news__legend\">Bourse Euronext dans le quartier d&rsquo;affaires de La D\u00e9fense \u00e0 Paris<\/p>\n<p>\n par Mara  Vilcu\n<\/p>\n<p>\n Les Bourses europ\u00e9ennes ont termin\u00e9 en baisse vendredi alors que les investisseurs ont pris connaissance de plusieurs donn\u00e9es \u00e9conomiques.\n<\/p>\n<p>\n \u00c0 Paris, le CAC 40 a perdu 0,76% \u00e0 7.703,90 points. \u00c0 Francfort, le Dax a abandonn\u00e9 0,50% et \u00e0 Londres, le FTSE 100 a recul\u00e9 de 0,32%.\n<\/p>\n<p>\n L&rsquo;indice EuroStoxx 50 a baiss\u00e9 de 0,77%, le FTSEurofirst 300 a abandonn\u00e9 0,65% et le Stoxx 600 a perdu 0,55%.\n<\/p>\n<p>\n Sur la semaine, le Stoxx 600 a abandonn\u00e9 1,90% et le CAC 40 a perdu 3,34%.\n<\/p>\n<p>\n Ce vendredi, tous les regards \u00e9taient tourn\u00e9s vers les donn\u00e9es \u00e9conomiques, en Europe et aux Etats-Unis.\n<\/p>\n<p>\n En Europe, c&rsquo;est surtout l&rsquo;inflation fran\u00e7aise et allemande qui ont concentr\u00e9 les attentions alors que le compte-rendu de politique mon\u00e9taire de la Banque centrale europ\u00e9enne (BCE) a confirm\u00e9 son attitude attentiste avec une l\u00e9g\u00e8re tendance \u00e0 l&rsquo;assouplissement.\n<\/p>\n<p>\n Aux Etats-Unis, les prix \u00e0 la consommation ont acc\u00e9l\u00e9r\u00e9 sur un an en juillet, conform\u00e9ment aux attentes, selon les donn\u00e9es publi\u00e9es vendredi par le d\u00e9partement du Commerce. \u00ab\u00a0Les chiffres publi\u00e9s aujourd&rsquo;hui (&#8230;) laissent la porte grande ouverte \u00e0 la Fed pour proc\u00e9der \u00e0 une baisse lors de sa r\u00e9union du 17 septembre\u00a0\u00bb, estime Art Hogan, strat\u00e8ge en chef des march\u00e9s chez B Riley Wealth.\n<\/p>\n<p>\n Les traders sur les contrats \u00e0 terme sur les fonds f\u00e9d\u00e9raux tablent d\u00e9sormais sur une probabilit\u00e9 de 89% d&rsquo;une baisse le mois prochain, contre 84% avant la publication des donn\u00e9es.\n<\/p>\n<p>\n Le gouverneur de la Fed Christopher Waller, candidat au poste de directeur de la banque centrale, a d\u00e9clar\u00e9 jeudi qu&rsquo;il souhaitait commencer \u00e0 baisser les taux le mois prochain, conform\u00e9ment aux demandes du locataire de la Maison blanche visant \u00e0 r\u00e9duire les co\u00fbts d&#8217;emprunt.\n<\/p>\n<p>\n Par ailleurs, vendredi, une juge f\u00e9d\u00e9rale a d\u00e9clar\u00e9 qu&rsquo;elle fixerait un calendrier acc\u00e9l\u00e9r\u00e9 pour l&rsquo;audience dans le cadre de la demande de la gouverneure de la Fed Lisa Cook visant \u00e0 emp\u00eacher temporairement le pr\u00e9sident Donald Trump de la licencier pendant qu&rsquo;elle poursuit une action en justice affirmant qu&rsquo;il n&rsquo;a aucune raison valable de la d\u00e9mettre de ses fonctions au sein de la banque centrale am\u00e9ricaine.\n<\/p>\n<p>\n VALEURS\n<\/p>\n<p>\n Ayvens a abandonn\u00e9 2,47% apr\u00e8s que Citigroup a abaiss\u00e9 sa recommandation sur la valeur \u00e0 \u00ab\u00a0neutre\u00a0\u00bb.\n<\/p>\n<p>\n A WALL STREET\n<\/p>\n<p>\n \u00c0 l&rsquo;heure de la cl\u00f4ture en Europe, les \u00e9changes \u00e0 la Bourse de New York indiquaient une baisse de 0,46% pour le Dow Jones, de 0,76% pour le Standard &amp; Poor&rsquo;s 500 et de 1,23% pour le Nasdaq Composite.\n<\/p>\n<p>\n LES INDICATEURS DU JOUR\n<\/p>\n<p>\n Les prix \u00e0 la consommation aux \u00c9tats-Unis ont acc\u00e9l\u00e9r\u00e9 sur un an en juillet, conform\u00e9ment aux attentes, montrent les donn\u00e9es publi\u00e9es vendredi par le d\u00e9partement du Commerce.\n<\/p>\n<p>\n L&rsquo;inflation allemande calcul\u00e9e selon les normes europ\u00e9ennes (IPCH) a augment\u00e9 plus que pr\u00e9vu sur un an en ao\u00fbt, \u00e0 2,1%, montrent les donn\u00e9es pr\u00e9liminaires publi\u00e9es jeudi par l&rsquo;Office f\u00e9d\u00e9ral de la statistique.\n<\/p>\n<p>\n CHANGES\n<\/p>\n<p>\n Le dollar est en baisse, les traders se pr\u00e9parant \u00e0 une baisse des taux d&rsquo;int\u00e9r\u00eat par la Fed le mois prochain.\n<\/p>\n<p>\n Le dollar perd 0,05% face \u00e0 un panier de devises de r\u00e9f\u00e9rence.\n<\/p>\n<p>\n L&rsquo;euro gagne 0,15% \u00e0 1,1699 dollar.\n<\/p>\n<p>\n TAUX\n<\/p>\n<p>\n Les rendements am\u00e9ricains \u00e0 dix ans sont en hausse, mais les rendements \u00e0 deux ans, sensibles aux taux d&rsquo;int\u00e9r\u00eat, \u00e9taient en passe d&rsquo;enregistrer leur plus forte baisse mensuelle depuis un an, les traders ayant ajust\u00e9 leurs positions avant le jour f\u00e9ri\u00e9 de lundi (Labor Day) et les donn\u00e9es sur l&rsquo;inflation pour le mois d&rsquo;ao\u00fbt ayant r\u00e9pondu aux attentes des \u00e9conomistes.\n<\/p>\n<p>\n Le rendement des Treasuries \u00e0 dix ans avance de 2,7 points de base \u00e0 4,2342%. Le deux ans abandonne 1,4 point de base \u00e0 3,6208%.\n<\/p>\n<p>\n Le rendement du Bund allemand \u00e0 dix ans avance de 1,9 point de base \u00e0 2,7165%. Le deux ans prend 0,3  point de base \u00e0 1,9391%.\n<\/p>\n<p>\n P\u00c9TROLE\n<\/p>\n<p>\n Les prix du p\u00e9trole baissent, mais devraient afficher une hausse hebdomadaire, tiraill\u00e9s entre l&rsquo;incertitude concernant l&rsquo;approvisionnement russe et les pr\u00e9visions d&rsquo;une baisse de la demande \u00e0 l&rsquo;approche de la fin de la saison estivale aux \u00c9tats-Unis, premier consommateur mondial de carburant.\n<\/p>\n<p>\n Le Brent recule de 0,68% \u00e0 68,15 dollars le baril et le brut l\u00e9ger am\u00e9ricain (West Texas Intermediate, WTI) abandonne 0,93% \u00e0 64,00 dollars.\n<\/p>\n<p>\n A SUIVRE LE 1ER SEPTEMBRE : [L8N3UK0CT]\n<\/p>\n<p>\n (Certaines donn\u00e9es peuvent accuser un l\u00e9ger d\u00e9calage)\n<\/p>\n<p>\n (R\u00e9dig\u00e9 par Mara V\u00eelcu, \u00e9dit\u00e9 par Kate Entringer)<\/p>\n","protected":false},"excerpt":{"rendered":"Bourse Euronext dans le quartier d&rsquo;affaires de La D\u00e9fense \u00e0 Paris par Mara Vilcu Les Bourses europ\u00e9ennes ont&hellip;\n","protected":false},"author":2,"featured_media":352641,"comment_status":"","ping_status":"","sticky":false,"template":"","format":"standard","meta":{"footnotes":""},"categories":[1586],"tags":[400,11,398,408,405,1777,674,1011,27,403,402,399,404,12,25,401,406,407],"class_list":{"0":"post-352640","1":"post","2":"type-post","3":"status-publish","4":"format-standard","5":"has-post-thumbnail","7":"category-europe","8":"tag-action-cac-40","9":"tag-actualites","10":"tag-bourse-de-paris","11":"tag-boursorama","12":"tag-cotations","13":"tag-eu","14":"tag-europe","15":"tag-fr","16":"tag-france","17":"tag-indices-devises","18":"tag-investir","19":"tag-investissement","20":"tag-marche-boursier","21":"tag-news","22":"tag-republique-francaise","23":"tag-sicav","24":"tag-trackers","25":"tag-warrants"},"share_on_mastodon":{"url":"https:\/\/pubeurope.com\/@fr\/115113288401358385","error":""},"_links":{"self":[{"href":"https:\/\/www.europesays.com\/fr\/wp-json\/wp\/v2\/posts\/352640","targetHints":{"allow":["GET"]}}],"collection":[{"href":"https:\/\/www.europesays.com\/fr\/wp-json\/wp\/v2\/posts"}],"about":[{"href":"https:\/\/www.europesays.com\/fr\/wp-json\/wp\/v2\/types\/post"}],"author":[{"embeddable":true,"href":"https:\/\/www.europesays.com\/fr\/wp-json\/wp\/v2\/users\/2"}],"replies":[{"embeddable":true,"href":"https:\/\/www.europesays.com\/fr\/wp-json\/wp\/v2\/comments?post=352640"}],"version-history":[{"count":0,"href":"https:\/\/www.europesays.com\/fr\/wp-json\/wp\/v2\/posts\/352640\/revisions"}],"wp:featuredmedia":[{"embeddable":true,"href":"https:\/\/www.europesays.com\/fr\/wp-json\/wp\/v2\/media\/352641"}],"wp:attachment":[{"href":"https:\/\/www.europesays.com\/fr\/wp-json\/wp\/v2\/media?parent=352640"}],"wp:term":[{"taxonomy":"category","embeddable":true,"href":"https:\/\/www.europesays.com\/fr\/wp-json\/wp\/v2\/categories?post=352640"},{"taxonomy":"post_tag","embeddable":true,"href":"https:\/\/www.europesays.com\/fr\/wp-json\/wp\/v2\/tags?post=352640"}],"curies":[{"name":"wp","href":"https:\/\/api.w.org\/{rel}","templated":true}]}}