{"id":352642,"date":"2025-08-29T17:42:12","date_gmt":"2025-08-29T17:42:12","guid":{"rendered":"https:\/\/www.europesays.com\/fr\/352642\/"},"modified":"2025-08-29T17:42:12","modified_gmt":"2025-08-29T17:42:12","slug":"on-a-eu-carte-blanche-sauf-sur-la-coiffure-de-stromae-voici-le-realisateur-belge-de-station-cachee-le-studio-derriere-le-nouveau-clip-du-maestro","status":"publish","type":"post","link":"https:\/\/www.europesays.com\/fr\/352642\/","title":{"rendered":"\u00ab\u00a0On a eu carte blanche, sauf sur la coiffure de Stromae\u00a0\u00bb: voici le r\u00e9alisateur belge de Station cach\u00e9e, le studio derri\u00e8re le nouveau clip du maestro"},"content":{"rendered":"<p class=\"ap-StoryElement ap-StoryElement--mb js-paywall-target ap-StoryText\">Kelzang Ravach, qui fait partie du duo de r\u00e9alisateurs Temple Cach\u00e9 (avec l&rsquo;animatrice Marion Cast\u00e9ra), vient donc aussi de r\u00e9aliser le nouveau clip de <a href=\"https:\/\/www.dhnet.be\/actualite\/personne\/stromae\/\" target=\"_self\" rel=\"noopener\">Stromae <\/a>depuis leur nouveau studio \u00ab\u00a0Station cach\u00e9e\u00a0\u00bb o\u00f9 tout est fait en circuit court, \u00ab\u00a0cach\u00e9\u00a0\u00bb dans une ancienne gare de Lunel pr\u00e8s de Montpellier. Soit, du \u00ab\u00a0home made\u00a0\u00bb de A \u00e0 Z. \u00ab\u00a0La particularit\u00e9 de ce studio est qu&rsquo;on allie techniques traditionnelles (collages, etc.) et nouvelles technologies comme l&rsquo;IA, d\u00e9taille ce f\u00e9ru d&rsquo;animation, ex-\u00e9tudiant de l&rsquo;ENSAV \u00e0 la Cambre (Bruxelles) et qui a \u00e9t\u00e9 influenc\u00e9 par Into the Void de Gaspar No\u00e9 \u2010 mais avec des niveaux de r\u00e9alit\u00e9s ou de cosmos moins sombres \u2013 pour ce nouveau clip. Et je pense que c&rsquo;est \u00e7a qui leur a beaucoup plu. Il y a le regard du r\u00e9alisateur mais aussi cette capacit\u00e9 \u00e0 allier des techniques faites mains avec des nouvelles technologies. Comme on avait fait sur Snoop Dogg. Ce studio permet ainsi de r\u00e9pondre \u00e0 une envie cr\u00e9ative mais aussi de cr\u00e9er quelque chose de toutes pi\u00e8ces, sans que les artistes ne soient forc\u00e9ment pr\u00e9sents en tournage.\u00a0\u00bb<\/p>\n<p><img loading=\"lazy\" decoding=\"async\" class=\"w-full lazyload lazyload--opacity\" style=\"aspect-ratio:188 \/ 100;opacity:1\" alt=\"Capture d'\u00e9cran du clip &quot;Que ce soit clair&quot; de Paul Kalkbrenner avec Stromae et r\u00e9alis\u00e9 par le duo de Temple Cach\u00e9 du studio Station Cach\u00e9e.\" width=\"768\" height=\"408\" fetchpriority=\"auto\" src=\"https:\/\/www.europesays.com\/fr\/wp-content\/uploads\/2025\/04\/1743819792_235_S5VKD3X55FFF3BW6V4SEHXNP7I.png\"  data- data-optimumx=\"1\"\/>Capture d&rsquo;\u00e9cran du clip \u00ab\u00a0Que ce soit clair\u00a0\u00bb de Paul Kalkbrenner avec Stromae et r\u00e9alis\u00e9 par le duo de Temple Cach\u00e9 du studio Station Cach\u00e9e. \u00a9Temple Cach\u00e9\/Station Cach\u00e9e<\/p>\n<p class=\"ap-StoryElement ap-StoryElement--mb ap-StoryText\"><b>Donc vous et votre \u00e9quipe n&rsquo;avez pas tourn\u00e9 avec le duo<\/b> <b>?<\/b><\/p>\n<p class=\"ap-StoryElement ap-StoryElement--mb ap-StoryText\">\u00ab\u00a0Non, mais ils \u00e9taient tr\u00e8s enthousiastes quand on a eu la demande. Ils connaissaient bien leur musique et ils se sont donc impliqu\u00e9s, et m\u00eame film\u00e9s pour se mettre dans le clip. Ils ont transform\u00e9 leur visuel et toute l&rsquo;\u00e9quipe du studio (une quinzaine de personnes, NdlR) se retrouve donc dedans avec leur alter ego. Sauf moi, je suis en dehors du truc (sourire) ! Mais \u00e7a m&rsquo;allait bien. Ce projet m&rsquo;a tout simplement rappel\u00e9 les soir\u00e9es berlinoises. L&rsquo;ambiance de leur musique m&rsquo;a inspir\u00e9 pour r\u00e9aliser et parler un peu de cet environnement. Ce type de f\u00eate qui est assez singulier. Avec toute cette diversit\u00e9 (noir ou blanc, femme ou homme, transgenre, etc.) reli\u00e9e autour de la musique. C&rsquo;\u00e9tait un tr\u00e8s bon pr\u00e9texte pour parler de quelque chose dont je n&rsquo;avais pas encore parl\u00e9. Une ode \u00e0 la diversit\u00e9, l&rsquo;\u00e9tranget\u00e9 et le surr\u00e9alisme. Ce m\u00e9lange dans des d\u00e9cors hybrides.\u00a0\u00bb<\/p>\n<p><a href=\"https:\/\/www.dhnet.be\/medias\/musique\/2025\/08\/29\/que-ce-soit-clair-le-single-de-stromae-et-paul-kalkbrenner-officiellement-devoile-video-M74RIW5CPJA6XGWJGP4L34543E\/\" target=\"_blank\" rel=\"noopener noreferrer\" class=\"ap-StoryInterstitialLink ap-StoryElement ap-StoryElement--mb\">\u00ab\u00a0Que ce soit clair\u00a0\u00bb : le single de Stromae et Paul Kalkbrenner officiellement d\u00e9voil\u00e9 (VID\u00c9O)<\/a><\/p>\n<p class=\"ap-StoryElement ap-StoryElement--mb ap-StoryText\"><b>Aviez-vous carte blanche ou un panel de directives \u00e0 respecter<\/b> <b>?<\/b><\/p>\n<p class=\"ap-StoryElement ap-StoryElement--mb ap-StoryText\">\u00ab\u00a0Non, carte blanche. Z\u00e9ro brief sur le texte non plus, on pouvait l&rsquo;interpr\u00e9ter comme on le voulait. La contrainte \u00e9tait simplement de repr\u00e9senter les deux artistes : Paul K et Stromae, \u00e0 moindre mesure. Et de savoir comment est-ce qu&rsquo;ils allaient \u00eatre repr\u00e9sent\u00e9s. Le reste, c&rsquo;\u00e9tait compl\u00e8tement libre. Le studio a donc propos\u00e9 tout un concept visuel, \u00e0 partir d&rsquo;un scan de leurs visages et un travail sur leurs expressions faciales, qui se passe dans une soir\u00e9e berlinoise. Et moi, j&rsquo;ai \u00e9crit l&rsquo;histoire dans ce concept-l\u00e0 de soir\u00e9e, en gros. Il y a des ann\u00e9es, j&rsquo;avais d\u00e9j\u00e0 \u00e9t\u00e9 \u00e0 Berlin et je m&rsquo;\u00e9tais justement retrouv\u00e9 dans des soir\u00e9es o\u00f9 j&rsquo;avais aucune id\u00e9e o\u00f9 je mettais les pieds. C&rsquo;\u00e9tait un peu \u00e7a que je voulais aussi traiter. Ce c\u00f4t\u00e9 de la nuit infinie. Tu pousses une porte et t&rsquo;es pris dans l&rsquo;\u00e9nergie, dans cette diversit\u00e9, dans le mouvement, dans la musique. Ce qui m&rsquo;a rappel\u00e9 aussi ces moments de bien-\u00eatre et d&rsquo;amour, de sueur et de macadam, de lumi\u00e8res et de chair. C&rsquo;est un clip un peu sensoriel.\u00a0\u00bb<\/p>\n<blockquote class=\"ap-StoryQuote ap-StoryQuote--blockquote\">\n<p class=\"ap-StoryQuote-text\">\u00ab\u00a0On sait que Stromae est pointu en direction artistique mais son label a kiff\u00e9!\u00a0\u00bb<\/p>\n<\/blockquote>\n<p class=\"ap-StoryElement ap-StoryElement--mb ap-StoryText\"><b>Dans lequel on voit aux travers des yeux et du corps mouvant de Stromae\u2026<\/b><\/p>\n<p class=\"ap-StoryElement ap-StoryElement--mb ap-StoryText\">\u00ab\u00a0Exact. L&rsquo;id\u00e9e \u00e9tait de voir toute la soir\u00e9e \u00e0 travers les yeux de Stromae. Et qu&rsquo;\u00e0 un moment donn\u00e9, il va se rafra\u00eechir aux toilettes. Et l\u00e0, du coup, on voit son reflet dans le miroir. C&rsquo;est pour \u00e7a qu&rsquo;on ne le voit qu&rsquo;une fois parce qu&rsquo;on est tout le temps dans son point de vue. C&rsquo;est comme si lui, il \u00e9tait \u00e0 cette soir\u00e9e. Le concept \u00e9tait : comment mettre Stromae partout, comme avec ses paroles, sans qu&rsquo;on le voit. Et qu&rsquo;\u00e0 un moment donn\u00e9, on capte que c&rsquo;est lui qui est l\u00e0 depuis le d\u00e9but.\u00a0\u00bb<\/p>\n<p><img loading=\"lazy\" decoding=\"async\" class=\"w-full lazyload lazyload--opacity object-contain\" style=\"aspect-ratio:181 \/ 100;opacity:1\" alt=\"Capture d'\u00e9cran du clip &quot;Que ce soit clair&quot; de Paul Kalkbrenner avec Stromae et r\u00e9alis\u00e9 par le duo de Temple Cach\u00e9 du studio Station Cach\u00e9e.\" width=\"768\" height=\"424\" fetchpriority=\"auto\" src=\"https:\/\/www.europesays.com\/fr\/wp-content\/uploads\/2025\/04\/1743819792_235_S5VKD3X55FFF3BW6V4SEHXNP7I.png\"  data- data-optimumx=\"1\"\/>Capture d&rsquo;\u00e9cran du clip \u00ab\u00a0Que ce soit clair\u00a0\u00bb de Paul Kalkbrenner avec Stromae et r\u00e9alis\u00e9 par le duo de Temple Cach\u00e9 du studio Station Cach\u00e9e. \u00a9Temple Cach\u00e9\/Station Cach\u00e9e<\/p>\n<p class=\"ap-StoryElement ap-StoryElement--mb ap-StoryText\"><b>Vous n&rsquo;avez donc rencontr\u00e9 ni Stromae, ni Paul K pour ce clip<\/b> <b>?<\/b><\/p>\n<p class=\"ap-StoryElement ap-StoryElement--mb ap-StoryText\">\u00ab\u00a0Non. On s&rsquo;est juste fait un appel avec Paul Kalkbrenner. C&rsquo;\u00e9tait hyperfluide, en fait, cette collaboration. On lui a pr\u00e9sent\u00e9 le concept. Il nous a donn\u00e9 un peu ses retours. Et il kiffait. Il nous a dit : &lsquo;Si Stromae est chaud, moi, j&rsquo;adore&rsquo;. Quant \u00e0 Stromae, je n&rsquo;ai eu aucun \u00e9change avec lui, juste avec son d\u00e9partement. Qui, eux, pareil, \u00e9taient l\u00e0 : &lsquo;go, go, go !&rsquo; \u00c0 part sur sa coiffure. On avait pr\u00e9vu une coiffure un peu plus extravagante pour Stromae. Et l\u00e0, ils ont juste dit : &lsquo;non, gardons l&rsquo;image qu&rsquo;il a actuellement&rsquo;. Mais c&rsquo;\u00e9tait le seul retour qu&rsquo;on a eu, pas de coupe extravagante pour Stromae (sourire). Ce n&rsquo;\u00e9tait pas d&rsquo;actualit\u00e9 pour l&rsquo;instant. En tout cas, sur le clip. On n&rsquo;a vraiment eu que des retours positifs, cette collaboration a \u00e9t\u00e9 une ligne droite parfaite d\u00e8s la phase de recherche en amont. Et ils \u00e9taient tr\u00e8s compr\u00e9hensifs ensuite. Si jamais, on avait besoin de prendre plus de temps pour faire un plan ou de recherche artistique, il n&rsquo;y avait aucun souci. Il fallait que ce soit fait quand m\u00eame dans un temps court, mais ils ont \u00e9t\u00e9 flexibles sur les d\u00e9lais (le clip a \u00e9t\u00e9 boucl\u00e9 en moins de deux mois, NdlR). Ils voulaient juste qu&rsquo;on soit content de ce qu&rsquo;on faisait. On avait par exemple propos\u00e9 trois directions artistiques, trois looks diff\u00e9rents \u00e0 Paul K. Et lui nous a demand\u00e9 notre pr\u00e9f\u00e9r\u00e9e car ils voulaient que l&rsquo;on travaille avec quelque chose dont on soit content \u00e0 la fin. Donc, \u00e7a a \u00e9t\u00e9 un peu \u00e7a, la ligne de conduite. Quant \u00e0 Stromae, je me disais : &lsquo;si \u00e7a tombe, il va se r\u00e9veiller au milieu du processus et il va tout nous remballer&rsquo;. Parce qu&rsquo;on sait qu&rsquo;il est pointu en direction artistique, etc. Mais quand on a eu le retour du label, c&rsquo;\u00e9tait trop bien !\u00a0\u00bb<\/p>\n<p><a href=\"https:\/\/www.dhnet.be\/regions\/bruxelles\/2025\/07\/22\/stromae-dans-un-bar-bruxellois-pour-tourner-son-prochain-clip-photos-M53GR5OACJHJNKFSLZBXSLTL6Q\/\" target=\"_blank\" rel=\"noopener noreferrer\" class=\"ap-StoryInterstitialLink ap-StoryElement ap-StoryElement--mb\">Stromae dans un bar bruxellois pour tourner son dernier clip (PHOTOS)<\/a><\/p>\n<p class=\"ap-StoryElement ap-StoryElement--mb ap-StoryText\"><b>Et \u00e7a fait quoi de travailler pour la star de son pays<\/b> <b>?<\/b><\/p>\n<p class=\"ap-StoryElement ap-StoryElement--mb ap-StoryText\">\u00ab\u00a0M\u00eame si je bosse depuis des ann\u00e9es en France, je reste un grand amoureux de la Belgique et de sa culture. C&rsquo;est marrant comme j&rsquo;y suis donc toujours li\u00e9. \u00c7a m&rsquo;a vraiment touch\u00e9 parce qu&rsquo;\u00e0 l&rsquo;\u00e9poque o\u00f9 j&rsquo;habitais en Belgique, c&rsquo;\u00e9tait le moment o\u00f9 Stromae a explos\u00e9. Je kiffais trop sa vibe. \u00c7a m&rsquo;a donc fait plaisir. \u00c7a reste un artiste internationalement reconnu. C&rsquo;est donc fou d&rsquo;avoir un tel projet.\u00a0\u00bb<\/p>\n","protected":false},"excerpt":{"rendered":"Kelzang Ravach, qui fait partie du duo de r\u00e9alisateurs Temple Cach\u00e9 (avec l&rsquo;animatrice Marion Cast\u00e9ra), vient donc aussi&hellip;\n","protected":false},"author":2,"featured_media":352643,"comment_status":"","ping_status":"","sticky":false,"template":"","format":"standard","meta":{"footnotes":""},"categories":[1586],"tags":[11,2593,2704,1777,674,1779,1011,27,12,25,18487,1778,364],"class_list":{"0":"post-352642","1":"post","2":"type-post","3":"status-publish","4":"format-standard","5":"has-post-thumbnail","7":"category-europe","8":"tag-actualites","9":"tag-artiste","10":"tag-chanteuse","11":"tag-eu","12":"tag-europe","13":"tag-european-union","14":"tag-fr","15":"tag-france","16":"tag-news","17":"tag-republique-francaise","18":"tag-styleto","19":"tag-ue","20":"tag-union-europeenne"},"share_on_mastodon":{"url":"https:\/\/pubeurope.com\/@fr\/115113292309838011","error":""},"_links":{"self":[{"href":"https:\/\/www.europesays.com\/fr\/wp-json\/wp\/v2\/posts\/352642","targetHints":{"allow":["GET"]}}],"collection":[{"href":"https:\/\/www.europesays.com\/fr\/wp-json\/wp\/v2\/posts"}],"about":[{"href":"https:\/\/www.europesays.com\/fr\/wp-json\/wp\/v2\/types\/post"}],"author":[{"embeddable":true,"href":"https:\/\/www.europesays.com\/fr\/wp-json\/wp\/v2\/users\/2"}],"replies":[{"embeddable":true,"href":"https:\/\/www.europesays.com\/fr\/wp-json\/wp\/v2\/comments?post=352642"}],"version-history":[{"count":0,"href":"https:\/\/www.europesays.com\/fr\/wp-json\/wp\/v2\/posts\/352642\/revisions"}],"wp:featuredmedia":[{"embeddable":true,"href":"https:\/\/www.europesays.com\/fr\/wp-json\/wp\/v2\/media\/352643"}],"wp:attachment":[{"href":"https:\/\/www.europesays.com\/fr\/wp-json\/wp\/v2\/media?parent=352642"}],"wp:term":[{"taxonomy":"category","embeddable":true,"href":"https:\/\/www.europesays.com\/fr\/wp-json\/wp\/v2\/categories?post=352642"},{"taxonomy":"post_tag","embeddable":true,"href":"https:\/\/www.europesays.com\/fr\/wp-json\/wp\/v2\/tags?post=352642"}],"curies":[{"name":"wp","href":"https:\/\/api.w.org\/{rel}","templated":true}]}}