{"id":352653,"date":"2025-08-29T17:51:12","date_gmt":"2025-08-29T17:51:12","guid":{"rendered":"https:\/\/www.europesays.com\/fr\/352653\/"},"modified":"2025-08-29T17:51:12","modified_gmt":"2025-08-29T17:51:12","slug":"motogp-hongrie-gigi-dalligna-celebre-marc-marquez-et-soutient-pecco-bagnaia-les-resultats-viendront-avec-la-confiance","status":"publish","type":"post","link":"https:\/\/www.europesays.com\/fr\/352653\/","title":{"rendered":"MotoGP, Hongrie, Gigi Dall&rsquo;Igna c\u00e9l\u00e8bre Marc Marquez et soutient Pecco Bagnaia : \u00ab\u00a0les r\u00e9sultats viendront avec la confiance\u00a0\u00bb"},"content":{"rendered":"<p><strong>Comme chaque apr\u00e8s Grand Prix, Gigi Dall\u2019Igna a pris la<br \/>\nplume sur LinkedIn. Fid\u00e8le \u00e0 son style mesur\u00e9 mais incisif,<br \/>\nl\u2019ing\u00e9nieur de Ducati Corse a livr\u00e9 son analyse du week-end de<br \/>\nBalaton Park : un nouveau triomphe pour Marc Marquez, un calvaire<br \/>\npour Pecco Bagnaia, et des adversaires de plus en plus<br \/>\nmena\u00e7ants.<\/strong><\/p>\n<p>Pour l\u2019ing\u00e9nieur v\u00e9nitien, les mots semblent se r\u00e9p\u00e9ter\u2026 mais la<br \/>\nr\u00e9alit\u00e9 est implacable : \u00ab il n\u2019y a rien \u00e0 ajouter \u00e0 ce qui a<br \/>\n\u00e9t\u00e9 dit et \u00e9crit depuis le d\u00e9but de la saison sur la force de Marc<br \/>\nMarquez. <strong>Tous ces r\u00e9sultats ne sont que la confirmation<br \/>\nd\u2019un champion retrouv\u00e9<\/strong>. \u00bb<\/p>\n<p>Et il insiste : \u00ab on ne s\u2019habitue jamais \u00e0 la victoire,<br \/>\n<strong>et nous devons la c\u00e9l\u00e9brer \u00e0 chaque fois comme si c\u2019\u00e9tait<br \/>\nla premi\u00e8re<\/strong>, \u00e0 la fois pour <strong>stimuler notre<br \/>\nenthousiasme<\/strong> et pour <strong>honorer son immense<br \/>\ntalent<\/strong>. \u00bb<\/p>\n<p>Une fa\u00e7on de rappeler que, m\u00eame en pleine s\u00e9rie victorieuse,<br \/>\n<a href=\"https:\/\/www.paddock-gp.com\/motogp-ducati-esclave-de-marc-marquez-le-piege-dore-qui-rappelle-le-cas-honda\/\" target=\"_blank\" rel=\"noopener\"><br \/>\n<strong>Ducati<\/strong><\/a> ne doit pas c\u00e9der \u00e0 la routine.<br \/>\n<strong>Ducati<\/strong> c\u00e9l\u00e8bre\u2026 mais reste lucide<\/p>\n<p><strong>Dall\u2019Igna<\/strong> a pris soin de remercier ceux qui<br \/>\ntravaillent loin des cam\u00e9ras : \u00ab nous devons savourer<br \/>\npleinement ces moments et exprimer notre <strong>immense gratitude<br \/>\n\u00e0 tous ceux qui, par leur pr\u00e9cieux travail en coulisses, ont<br \/>\ncontribu\u00e9 au d\u00e9veloppement de notre projet<\/strong> avec le plus<br \/>\ngrand engagement. Loin des projecteurs et de l\u2019agitation<br \/>\nm\u00e9diatique, un grand merci \u00e0 toute l\u2019\u00e9quipe de Ducati Corse.<br \/>\n\u00bb<\/p>\n<p><img loading=\"lazy\" decoding=\"async\" class=\"aligncenter\" src=\"https:\/\/www.europesays.com\/fr\/wp-content\/uploads\/2025\/08\/54741806183_37bbd3e1e5_h-min-1024x671.jpg\" alt=\"Gigi Dall'Igna Ducati MotoGP GP Hongrie Balaton M\u00e1rquez Bagnaia\" width=\"877\" height=\"575\"\/><\/p>\n<p><strong>Gigi Dall\u2019Igna\u00a0:<br \/>\n\u00ab\u00a0nous croyons en Pecco, et il le<br \/>\nsait\u00a0\u00bb<\/strong><\/p>\n<p>Il a \u00e9galement tenu \u00e0 replacer les succ\u00e8s dans un contexte de<br \/>\ncomp\u00e9tition relev\u00e9e :<\/p>\n<p>\u00ab La diversit\u00e9 des marques rivales au classement final<br \/>\nt\u00e9moigne de <strong>la comp\u00e9titivit\u00e9 de nos adversaires<\/strong> et<br \/>\najoute encore plus de valeur \u00e0 nos victoires. C\u2019est pourquoi il<br \/>\nconvient de souligner <strong>le podium 100 % Ducati en course<br \/>\nSprint<\/strong>, o\u00f9 les deux pilotes VR46 ont d\u00e9montr\u00e9 la force de<br \/>\nl\u2019\u00e9quipe et de leurs pilotes. \u00bb<\/p>\n<p>Le ton change radicalement lorsqu\u2019il s\u2019agit du double champion<br \/>\n<a href=\"https:\/\/www.motogp.com\/en\" target=\"_blank\" rel=\"noopener\">MotoGP<\/a> de la marque, soit<br \/>\n<a href=\"https:\/\/www.paddock-gp.com\/motogp-uccio-salucci-vr46-balance-pecco-bagnaia-a-perdu-sa-motivation-selon-les-donnees-ducati\/\" target=\"_blank\" rel=\"noopener\"><br \/>\n<strong>Pecco Bagnaia<\/strong><\/a> \u00a0:<\/p>\n<p>\u00ab Ce fut un week-end tr\u00e8s difficile pour Bagnaia, des essais<br \/>\naux qualifications, puis jusqu\u2019au Grand Prix. <strong>Il n\u2019y a eu<br \/>\nqu\u2019un seul point positif, mais il \u00e9tait important<\/strong> : le<br \/>\nfeeling qu\u2019il a ressenti en course gr\u00e2ce aux importants changements<br \/>\nde r\u00e9glages effectu\u00e9s apr\u00e8s les qualifications. \u00bb<\/p>\n<p>Selon <strong>Dall\u2019Igna<\/strong>, l\u2019essentiel n\u2019est plus le<br \/>\nr\u00e9sultat brut :<\/p>\n<p>\u00ab Ce qui compte maintenant, ce n\u2019est pas le r\u00e9sultat en<br \/>\ncourse en lui-m\u00eame, mais le feeling qu\u2019il a retrouv\u00e9 sur la moto.<br \/>\n<strong>Les r\u00e9sultats ne viendront que lorsqu\u2019il aura pleinement<br \/>\nretrouv\u00e9 la confiance n\u00e9cessaire<\/strong>, ce qui implique aussi de<br \/>\ns\u2019habituer \u00e0 faire des choses qui devraient \u00eatre normales, mais que<br \/>\nle syst\u00e8me pr\u00e9c\u00e9dent ne lui permettait pas de faire. \u00bb<\/p>\n<p>Et la conclusion est claire, presque paternelle :\u00ab la<br \/>\nprochaine \u00e9tape sera donc importante pour confirmer le chemin<br \/>\nchoisi : <strong>nous attendons ce moment avec impatience<\/strong>.<br \/>\nNous croyons en Pecco, et il le sait. \u00bb<\/p>\n<p><img loading=\"lazy\" decoding=\"async\" class=\"aligncenter\" src=\"https:\/\/www.europesays.com\/fr\/wp-content\/uploads\/2025\/08\/54727176270_4838950a51_o-e1756145384287-1024x654.jpg\" alt=\"Bagnaia, MotoGP\" width=\"841\" height=\"537\"\/><\/p>\n<p>\u00a0<\/p>\n","protected":false},"excerpt":{"rendered":"Comme chaque apr\u00e8s Grand Prix, Gigi Dall\u2019Igna a pris la plume sur LinkedIn. Fid\u00e8le \u00e0 son style mesur\u00e9&hellip;\n","protected":false},"author":2,"featured_media":352654,"comment_status":"","ping_status":"","sticky":false,"template":"","format":"standard","meta":{"footnotes":""},"categories":[1413],"tags":[1011,27,1457,1456,60],"class_list":{"0":"post-352653","1":"post","2":"type-post","3":"status-publish","4":"format-standard","5":"has-post-thumbnail","7":"category-moto","8":"tag-fr","9":"tag-france","10":"tag-moto","11":"tag-motocycle","12":"tag-sports"},"share_on_mastodon":{"url":"https:\/\/pubeurope.com\/@fr\/115113328028248919","error":""},"_links":{"self":[{"href":"https:\/\/www.europesays.com\/fr\/wp-json\/wp\/v2\/posts\/352653","targetHints":{"allow":["GET"]}}],"collection":[{"href":"https:\/\/www.europesays.com\/fr\/wp-json\/wp\/v2\/posts"}],"about":[{"href":"https:\/\/www.europesays.com\/fr\/wp-json\/wp\/v2\/types\/post"}],"author":[{"embeddable":true,"href":"https:\/\/www.europesays.com\/fr\/wp-json\/wp\/v2\/users\/2"}],"replies":[{"embeddable":true,"href":"https:\/\/www.europesays.com\/fr\/wp-json\/wp\/v2\/comments?post=352653"}],"version-history":[{"count":0,"href":"https:\/\/www.europesays.com\/fr\/wp-json\/wp\/v2\/posts\/352653\/revisions"}],"wp:featuredmedia":[{"embeddable":true,"href":"https:\/\/www.europesays.com\/fr\/wp-json\/wp\/v2\/media\/352654"}],"wp:attachment":[{"href":"https:\/\/www.europesays.com\/fr\/wp-json\/wp\/v2\/media?parent=352653"}],"wp:term":[{"taxonomy":"category","embeddable":true,"href":"https:\/\/www.europesays.com\/fr\/wp-json\/wp\/v2\/categories?post=352653"},{"taxonomy":"post_tag","embeddable":true,"href":"https:\/\/www.europesays.com\/fr\/wp-json\/wp\/v2\/tags?post=352653"}],"curies":[{"name":"wp","href":"https:\/\/api.w.org\/{rel}","templated":true}]}}