{"id":352655,"date":"2025-08-29T17:52:13","date_gmt":"2025-08-29T17:52:13","guid":{"rendered":"https:\/\/www.europesays.com\/fr\/352655\/"},"modified":"2025-08-29T17:52:13","modified_gmt":"2025-08-29T17:52:13","slug":"le-depart-a-ete-donne-de-fortes-pluies-et-le-froid-attendus-toute-la-nuit","status":"publish","type":"post","link":"https:\/\/www.europesays.com\/fr\/352655\/","title":{"rendered":"le d\u00e9part a \u00e9t\u00e9 donn\u00e9, de fortes pluies et le froid attendus toute la nuit"},"content":{"rendered":"<p>Les 2500 concurrents de l\u2019Ultra-trail du Mont-Blanc sont partis \u00e0 l\u2019assaut d\u2019un parcours de 174 km et s\u2019appr\u00eatent \u00e0 affronter une m\u00e9t\u00e9o calamiteuse.<\/p>\n<p class=\"fig-paragraph\">Envoy\u00e9 sp\u00e9cial \u00e0 Chamonix<\/p>\n<p class=\"fig-paragraph\">Une temp\u00e9rature encore douce, du vent et quelques gouttes de pluie pour accompagner les encouragements du speaker avec en fond sonore la musique du film Christophe Colomb. Le d\u00e9part de<a href=\"http:\/\/www.lefigaro.fr\/sports\/autres-sports\/infirmiere-comptable-ingenieur-en-finance-qu-est-ce-qui-fait-courir-les-ultra-traileurs-du-mont-blanc-20250829\" target=\"_blank\" data-fig-type=\"Article\" rel=\"noopener nofollow\" data-gtm-custom-categorie=\"navigation\" data-gtm-custom-action=\"crossclick\" data-gtm-custom-label=\"Contextuel\" data-gtm-event=\"customEventSPE\" data-fig-domain=\"LEFIGARO\">\u00a0l\u2019Ultra-trail du Mont-Blanc<\/a>\u00a0a \u00e9t\u00e9 donn\u00e9 ce vendredi \u00e0 17h45 dans une ville de Chamonix surplomb\u00e9e par un ciel bas et tr\u00e8s gris qui n\u2019augurait rien de bon pour les premi\u00e8res heures de course. Amass\u00e9s sur la place du Triangle de l\u2019Amiti\u00e9 au c\u0153ur de la capitale de l\u2019alpinisme, les 2500 concurrents se sont lanc\u00e9s \u00e0 l\u2019assaut de 174km de course et pr\u00e8s de 10000 m\u00e8tres de d\u00e9nivel\u00e9 positif.<\/p>\n<p>                                    <a class=\"fig-a11y-skip a11y-hidden\" href=\"#fig-a11y-skip-main-inarticle\"><br \/>\n        Passer la publicit\u00e9<br \/>\n    <\/a><\/p>\n<p class=\"fig-paragraph\">Les meilleurs d\u2019entre eux peuvent esp\u00e9rer franchir la c\u00e9l\u00e8bre arche de l\u2019arriv\u00e9e apr\u00e8s vingt heures d\u2019effort tandis que l\u2019immense majorit\u00e9 de la meute tentera simplement de venir \u00e0 bout de cette course mythique en revenant \u00e0 Chamonix avant 46 heures et 30 minutes, la barri\u00e8re horaire fix\u00e9e cette ann\u00e9e.<\/p>\n<p class=\"fig-paragraph\">Mais la m\u00e9t\u00e9o pourrait faire de gros d\u00e9g\u00e2ts dans les rangs des ultra-traileurs, m\u00eame les plus chevronn\u00e9s. De la pluie, beaucoup de pluie, est attendue sur le parcours, une interminable boucle tournant autour du massif du Mont-Blanc \u00e0 travers trois pays (France, Suisse et Italie) avec une premi\u00e8re nuit qui s\u2019annonce tr\u00e8s fra\u00eeche. En altitude, les temp\u00e9ratures pourraient avoisiner les 4\u00b0C. Des conditions loin d\u2019\u00eatre optimales pour les marcheurs priv\u00e9s de la vue du Mont-Blanc, cach\u00e9 sous un \u00e9pais manteau nuageux en sortant de la capitale mondiale de l\u2019alpinisme.<\/p>\n<p>Des grands noms manquent \u00e0 l\u2019appel<\/p>\n<p class=\"fig-paragraph\">Cette ann\u00e9e, quelques grands noms manquent \u00e0 l\u2019appel pour aller viser la victoire. \u00c0 commencer par le vainqueur surprise de l\u2019an pass\u00e9, Vincent Bouillard.\u00a0<a href=\"http:\/\/www.lefigaro.fr\/sports\/autres-sports\/ultra-trail-jim-walmsley-renonce-a-la-prestigieuse-western-states-100-20250527\" target=\"_blank\" data-fig-type=\"NewsFlash\" rel=\"noopener nofollow\" data-gtm-custom-categorie=\"navigation\" data-gtm-custom-action=\"crossclick\" data-gtm-custom-label=\"Contextuel\" data-gtm-event=\"customEventSPE\" data-fig-domain=\"LEFIGARO\">L\u2019Am\u00e9ricain Jim Walmsley engag\u00e9 sur l\u2019OCC qu\u2019il a logiquement remport\u00e9e,\u00a0<\/a>est aussi absent, comme Kilian Jornet ou encore Mathieu Blanchard qui a d\u00e9cid\u00e9 de faire l\u2019impasse. Les yeux se tournent donc logiquement vers\u00a0<a href=\"https:\/\/www.lefigaro.fr\/sports\/autres-sports\/francois-d-haene-milite-contre-l-integration-de-l-ultra-trail-aux-jeux-olympiques-20230901\" target=\"_blank\" data-fig-type=\"Article\" rel=\"noopener nofollow\" data-gtm-custom-categorie=\"navigation\" data-gtm-custom-action=\"crossclick\" data-gtm-custom-label=\"Contextuel\" data-gtm-event=\"customEventSPE\" data-fig-domain=\"LEFIGARO\">Fran\u00e7ois D\u2019Haene<\/a>, quadruple vainqueur et en tr\u00e8s grande forme apr\u00e8s avoir \u00e9cras\u00e9 le record du Nolan\u2019s 14 dans le Colorado (14 sommets de plus de 4000 m sur un sentier de 150 km en 35h33) en juillet. Un autre Fran\u00e7ais, Ludovic Pommeret, jouera aussi la gagne. Laur\u00e9at de l\u2019\u00e9dition 2016, il a impressionn\u00e9 en remportant la Hardrock 100, un autre monument du trail, aux \u00c9tats-Unis, le 25 juillet dernier.<\/p>\n<p class=\"fig-paragraph\">Le Britannique Jonathan Albon, coureur le mieux class\u00e9 \u00e0 l\u2019UTMB Index (926) ou les Am\u00e9ricains Ben Dhiman, Hayden Hawks, Jeff Mogavero seront dans le peloton de t\u00eate. Tout comme le N\u00e9o-Z\u00e9landais Daniel Jones et le Chinois Ji Duo.<\/p>\n<p class=\"fig-paragraph\">Chez les femmes,\u00a0<a href=\"https:\/\/www.lefigaro.fr\/sports\/autres-sports\/courtney-dauwalter-l-ultratraileuse-qui-fait-trembler-les-hommes-20230829\" target=\"_blank\" data-fig-type=\"Article\" rel=\"noopener nofollow\" data-gtm-custom-categorie=\"navigation\" data-gtm-custom-action=\"crossclick\" data-gtm-custom-label=\"Contextuel\" data-gtm-event=\"customEventSPE\" data-fig-domain=\"LEFIGARO\">L\u2019Am\u00e9ricaine Courtney Dauwalter<\/a>, star de la discipline et d\u00e9j\u00e0 vainqueure \u00e0 l\u2019applaudim\u00e8tre lors de la pr\u00e9sentation des athl\u00e8tes, sera l\u2019immense favorite pour aller chercher une quatri\u00e8me couronne. Mais les d\u00e9faillances viennent souvent brouiller les pronostics hasardeux d\u2019avant-course de l\u2019impitoyable UTMB. Surtout lorsque les conditions s\u2019annoncent dantesques en montagne. Ce qui sera le cas cette ann\u00e9e.<\/p>\n","protected":false},"excerpt":{"rendered":"Les 2500 concurrents de l\u2019Ultra-trail du Mont-Blanc sont partis \u00e0 l\u2019assaut d\u2019un parcours de 174 km et s\u2019appr\u00eatent&hellip;\n","protected":false},"author":2,"featured_media":352656,"comment_status":"","ping_status":"","sticky":false,"template":"","format":"standard","meta":{"footnotes":""},"categories":[1412],"tags":[1451,1452,1453,1454,1455,1011,27,60,48922],"class_list":{"0":"post-352655","1":"post","2":"type-post","3":"status-publish","4":"format-standard","5":"has-post-thumbnail","7":"category-f1","8":"tag-f1","9":"tag-formula-1","10":"tag-formula1","11":"tag-formule-1","12":"tag-formule1","13":"tag-fr","14":"tag-france","15":"tag-sports","16":"tag-ultra-trail-du-mont-blanc"},"share_on_mastodon":{"url":"https:\/\/pubeurope.com\/@fr\/115113331498489576","error":""},"_links":{"self":[{"href":"https:\/\/www.europesays.com\/fr\/wp-json\/wp\/v2\/posts\/352655","targetHints":{"allow":["GET"]}}],"collection":[{"href":"https:\/\/www.europesays.com\/fr\/wp-json\/wp\/v2\/posts"}],"about":[{"href":"https:\/\/www.europesays.com\/fr\/wp-json\/wp\/v2\/types\/post"}],"author":[{"embeddable":true,"href":"https:\/\/www.europesays.com\/fr\/wp-json\/wp\/v2\/users\/2"}],"replies":[{"embeddable":true,"href":"https:\/\/www.europesays.com\/fr\/wp-json\/wp\/v2\/comments?post=352655"}],"version-history":[{"count":0,"href":"https:\/\/www.europesays.com\/fr\/wp-json\/wp\/v2\/posts\/352655\/revisions"}],"wp:featuredmedia":[{"embeddable":true,"href":"https:\/\/www.europesays.com\/fr\/wp-json\/wp\/v2\/media\/352656"}],"wp:attachment":[{"href":"https:\/\/www.europesays.com\/fr\/wp-json\/wp\/v2\/media?parent=352655"}],"wp:term":[{"taxonomy":"category","embeddable":true,"href":"https:\/\/www.europesays.com\/fr\/wp-json\/wp\/v2\/categories?post=352655"},{"taxonomy":"post_tag","embeddable":true,"href":"https:\/\/www.europesays.com\/fr\/wp-json\/wp\/v2\/tags?post=352655"}],"curies":[{"name":"wp","href":"https:\/\/api.w.org\/{rel}","templated":true}]}}