{"id":352659,"date":"2025-08-29T17:54:11","date_gmt":"2025-08-29T17:54:11","guid":{"rendered":"https:\/\/www.europesays.com\/fr\/352659\/"},"modified":"2025-08-29T17:54:11","modified_gmt":"2025-08-29T17:54:11","slug":"transfert-au-psg-loffre-de-derniere-minute-la-fin-du-feuilleton-est-annoncee","status":"publish","type":"post","link":"https:\/\/www.europesays.com\/fr\/352659\/","title":{"rendered":"Transfert au PSG : L&rsquo;offre de derni\u00e8re minute, la fin du feuilleton est annonc\u00e9e !"},"content":{"rendered":"<p>Thomas Bourseau<\/p>\n<p>                        &#8211;<\/p>\n<p>R\u00e9dacteur<\/p>\n<p>F\u00e9ru de sport, Thomas a grandi entre le ballon rond du football et le orange du basket, ses deux coups de c\u0153ur depuis toujours. Dipl\u00f4m\u00e9 d\u2019un Master et d\u2019une Licence \u00e0 l\u2019Institut Europ\u00e9en du Journalisme de Paris, il suit toujours de tr\u00e8s pr\u00e8s les aventures d\u2019Arsenal et des Los Angeles Lakers.<\/p>\n<p class=\"heading\">L&rsquo;\u00e9pilogue de l&rsquo;aventure parisienne de Carlos Soler semble imminent. Son transfert du PSG vers la Real Sociedad ne serait plus qu&rsquo;une question d&rsquo;heures d\u00e9sormais \u00e0 en croire la presse \u00e9trang\u00e8re. N\u00e9anmoins, pour que cette op\u00e9ration puisse voir le jour, il faudra forc\u00e9ment passer par une vente de derni\u00e8re minute pour le club espagnol. Explications. <\/p>\n<p><strong>Carlos Soler<\/strong>, \u00e0 l&rsquo;instant T, ne devrait pas faire de vieux os au <strong>Paris Saint<\/strong>&#8211;<strong>Germain<\/strong>. Revenu de son pr\u00eat de <strong>West Ham <\/strong>au terme de la saison derni\u00e8re, l&rsquo;international espagnol de 28 ans est amen\u00e9 \u00e0 retrouver la <strong>Liga <\/strong>avant la cl\u00f4ture du mercato programm\u00e9e le 1er septembre prochain. Non pas au sein de son club formateur du <strong>Valence CF<\/strong>, mais plut\u00f4t du c\u00f4t\u00e9 du Pays Basque&#8230; \u00e0 la <strong>Real Sociedad<\/strong>. <\/p>\n<p>                                            Carlos Soler \u00e0 la Real Sociedad, c&rsquo;est presque boucl\u00e9 ? <\/p>\n<p>The Athletic a r\u00e9v\u00e9l\u00e9 ce vendredi que <strong>Carlos Soler <\/strong>devrait prendre la route de la <strong>Real Sociedad <\/strong>de mani\u00e8re d\u00e9finitive. Le <strong>PSG<\/strong> se serait entendu avec le club ib\u00e9rique sur les termes d&rsquo;un transfert sec pour 8M\u20ac en plus d&rsquo;un bonus pour 50% de ses droits. De plus, la traditionnelle visite m\u00e9dicale pr\u00e9c\u00e9dant une signature est pr\u00e9vue pour ce vendredi apr\u00e8s-midi d&rsquo;apr\u00e8s le m\u00e9dia. <\/p>\n<p>                                            Soler doit attendre une vente de la Sociedad ? <\/p>\n<p>Toutefois, tout ne serait pas encore d\u00e9finitivement boucl\u00e9 entre le <a href=\"https:\/\/le10sport.com\/football\/mercato\/nouvelles-recrues-au-psg-luis-enrique-annonce-une-surprise-sur-le-mercato-756073\" rel=\"nofollow noopener\" target=\"_blank\">PSG <\/a>et la <strong>Real Sociedad <\/strong>au sujet du transfert de <strong>Carlos Soler<\/strong>. Si l&rsquo;on se fie aux informations communiqu\u00e9es par L&rsquo;Equipe et son journaliste <strong>Lo\u00efc Tanzi <\/strong>sur <strong>X<\/strong>, la cl\u00e9 du dossier <strong>Soler <\/strong>r\u00e9siderait dans la r\u00e9solution de l&rsquo;op\u00e9ration <strong>Umar Sadiq<\/strong>. En cas de vente de son attaquant, la <strong>Sociedad <\/strong>disposerait de moyens financiers plus importants dans le cadre de la venue de <strong>Soler<\/strong>. Pour le moment, L&rsquo;Equipe n&rsquo;est au courant d&rsquo;une offre seulement formul\u00e9e pour <strong>Sadiq <\/strong>par <strong>G\u00e9rone<\/strong>. Le d\u00e9cor est plant\u00e9, reste \u00e0 savoir quelle sera l&rsquo;issue du transfert du joueur de la <strong>Real Sociedad<\/strong>. <\/p>\n","protected":false},"excerpt":{"rendered":"Thomas Bourseau &#8211; R\u00e9dacteur F\u00e9ru de sport, Thomas a grandi entre le ballon rond du football et le&hellip;\n","protected":false},"author":2,"featured_media":352660,"comment_status":"","ping_status":"","sticky":false,"template":"","format":"standard","meta":{"footnotes":""},"categories":[1410],"tags":[63,1011,27,60],"class_list":{"0":"post-352659","1":"post","2":"type-post","3":"status-publish","4":"format-standard","5":"has-post-thumbnail","7":"category-football","8":"tag-football","9":"tag-fr","10":"tag-france","11":"tag-sports"},"share_on_mastodon":{"url":"https:\/\/pubeurope.com\/@fr\/115113339339087721","error":""},"_links":{"self":[{"href":"https:\/\/www.europesays.com\/fr\/wp-json\/wp\/v2\/posts\/352659","targetHints":{"allow":["GET"]}}],"collection":[{"href":"https:\/\/www.europesays.com\/fr\/wp-json\/wp\/v2\/posts"}],"about":[{"href":"https:\/\/www.europesays.com\/fr\/wp-json\/wp\/v2\/types\/post"}],"author":[{"embeddable":true,"href":"https:\/\/www.europesays.com\/fr\/wp-json\/wp\/v2\/users\/2"}],"replies":[{"embeddable":true,"href":"https:\/\/www.europesays.com\/fr\/wp-json\/wp\/v2\/comments?post=352659"}],"version-history":[{"count":0,"href":"https:\/\/www.europesays.com\/fr\/wp-json\/wp\/v2\/posts\/352659\/revisions"}],"wp:featuredmedia":[{"embeddable":true,"href":"https:\/\/www.europesays.com\/fr\/wp-json\/wp\/v2\/media\/352660"}],"wp:attachment":[{"href":"https:\/\/www.europesays.com\/fr\/wp-json\/wp\/v2\/media?parent=352659"}],"wp:term":[{"taxonomy":"category","embeddable":true,"href":"https:\/\/www.europesays.com\/fr\/wp-json\/wp\/v2\/categories?post=352659"},{"taxonomy":"post_tag","embeddable":true,"href":"https:\/\/www.europesays.com\/fr\/wp-json\/wp\/v2\/tags?post=352659"}],"curies":[{"name":"wp","href":"https:\/\/api.w.org\/{rel}","templated":true}]}}