{"id":352661,"date":"2025-08-29T17:55:10","date_gmt":"2025-08-29T17:55:10","guid":{"rendered":"https:\/\/www.europesays.com\/fr\/352661\/"},"modified":"2025-08-29T17:55:10","modified_gmt":"2025-08-29T17:55:10","slug":"le-patron-de-lina-laurent-vallet-demissionne-il-avait-ete-suspendu-de-ses-fonctions-debut-aout-apres-avoir-ete-arrete-pour-de-lachat-de-cocaine","status":"publish","type":"post","link":"https:\/\/www.europesays.com\/fr\/352661\/","title":{"rendered":"Le patron de l&rsquo;Ina, Laurent Vallet, d\u00e9missionne : Il avait \u00e9t\u00e9 suspendu de ses fonctions d\u00e9but ao\u00fbt apr\u00e8s avoir \u00e9t\u00e9 arr\u00eat\u00e9 pour de l&rsquo;achat de coca\u00efne"},"content":{"rendered":"<p>Le pr\u00e9sident de l&rsquo;Institut national de l&rsquo;audiovisuel (Ina) Laurent Vallet, qui avait \u00e9t\u00e9 suspendu de ses fonctions d\u00e9but ao\u00fbt en raison de l&rsquo;achat de coca\u00efne, a annonc\u00e9 vendredi sa d\u00e9mission. \u00ab\u00a0J&rsquo;ai pr\u00e9sent\u00e9 \u00e0 la ministre de la Culture ma d\u00e9mission des fonctions de pr\u00e9sident de l&rsquo;Ina que j&rsquo;exerce depuis 2015\u00a0\u00bb, afin de suivre une mesure \u00ab\u00a0d&rsquo;injonction th\u00e9rapeutique\u00a0\u00bb devant \u00eatre ordonn\u00e9e par la justice, a-t-il indiqu\u00e9 dans un communiqu\u00e9.<\/p>\n<p>Laurent Vallet, 55 ans, avait \u00e9t\u00e9 interpell\u00e9 fin juillet \u00e0 Paris \u00e0 son domicile parisien apr\u00e8s s&rsquo;\u00eatre fait livrer de la coca\u00efne, et aussit\u00f4t suspendu par la ministre Rachida Dati.<\/p>\n<p>Dans un message interne \u00e0 l&rsquo;Ina consult\u00e9 par l&rsquo;AFP, il a remerci\u00e9 vendredi les quelque 900 membres du personnel et pr\u00e9sent\u00e9 ses \u00ab\u00a0excuses tr\u00e8s sinc\u00e8res pour cette fin trop brutale\u00a0\u00bb, dont il se dit \u00ab\u00a0seul responsable\u00a0\u00bb.<\/p>\n<p>M. Vallet venait d&rsquo;\u00eatre reconduit en mai pour un troisi\u00e8me mandat de cinq ans, sur proposition de Mme Dati. Celle-ci a salu\u00e9 vendredi \u00ab\u00a0la r\u00e9ussite de Laurent Vallet et le professionnalisme des \u00e9quipes de l&rsquo;Ina\u00a0\u00bb dans sa transformation ces derni\u00e8res ann\u00e9es, \u00ab\u00a0qui a profond\u00e9ment renforc\u00e9 la notori\u00e9t\u00e9 de l&rsquo;\u00e9tablissement\u00a0\u00bb, selon un communiqu\u00e9.<\/p>\n<p>\u00ab\u00a0A la suite des faits d&rsquo;usage de stup\u00e9fiants qui m&rsquo;ont \u00e9t\u00e9 reproch\u00e9s, le procureur de la R\u00e9publique pr\u00e8s le tribunal judiciaire de Paris m&rsquo;a convoqu\u00e9 la semaine prochaine afin de me notifier une mesure alternative aux poursuites p\u00e9nales, dite +d&rsquo;injonction th\u00e9rapeutique+\u00a0\u00bb, a annonc\u00e9 M. Vallet vendredi.<\/p>\n<p>Il a pr\u00e9cis\u00e9 avoir pr\u00e9f\u00e9r\u00e9 d\u00e9missionner \u00ab\u00a0souhaitant pouvoir d&rsquo;ores et d\u00e9j\u00e0 (s)e consacrer pleinement au suivi de cette mesure et ce, pendant toute sa dur\u00e9e l\u00e9gale de 6 mois\u00a0\u00bb.<\/p>\n<p>Dans son communiqu\u00e9, M. Vallet remercie \u00e9galement les pouvoirs publics, se disant \u00ab\u00a0fier d&rsquo;avoir conduit pendant dix ans la transformation\u00a0\u00bb de l&rsquo;institut. \u00ab\u00a0D&rsquo;une ampleur in\u00e9dite, elle a permis \u00e0 l&rsquo;Ina de s&rsquo;affirmer comme un m\u00e9dia singulier, un m\u00e9dia patrimonial d&rsquo;information et de culture populaire d\u00e9sormais ancr\u00e9 dans un lien extr\u00eamement puissant avec ses publics\u00a0\u00bb, fait-il valoir.<\/p>\n<p>En plus de son r\u00f4le traditionnel d&rsquo;archiver les images et sons de la t\u00e9l\u00e9vision et de la radio, l&rsquo;institut est devenu un m\u00e9dia \u00e0 part enti\u00e8re, en exploitant ses archives. Cette strat\u00e9gie s&rsquo;est traduite par une politique tr\u00e8s active sur les r\u00e9seaux sociaux, la cr\u00e9ation de plusieurs \u00e9missions de t\u00e9l\u00e9 et cha\u00eenes YouTube, et le lancement en 2020 de l&rsquo;offre payante de streaming vid\u00e9o Madelen.<\/p>\n<p>L&rsquo;Ina est concern\u00e9 par le projet de r\u00e9forme de l&rsquo;audiovisuel public port\u00e9 par Mme Dati. Il pr\u00e9voit de cr\u00e9er une holding, France M\u00e9dias, qui chapeauterait \u00e9galement France T\u00e9l\u00e9visions et Radio France. Les syndicats des entreprises y sont oppos\u00e9s.<\/p>\n<p>Pour assurer la pr\u00e9sidence par int\u00e9rim de l&rsquo;Ina, Mme Dati a nomm\u00e9 Agn\u00e8s Chauveau, sa directrice g\u00e9n\u00e9rale..<\/p>\n","protected":false},"excerpt":{"rendered":"Le pr\u00e9sident de l&rsquo;Institut national de l&rsquo;audiovisuel (Ina) Laurent Vallet, qui avait \u00e9t\u00e9 suspendu de ses fonctions d\u00e9but&hellip;\n","protected":false},"author":2,"featured_media":352662,"comment_status":"","ping_status":"","sticky":false,"template":"","format":"standard","meta":{"footnotes":""},"categories":[1359],"tags":[58,1052,59,1011,27,973],"class_list":{"0":"post-352661","1":"post","2":"type-post","3":"status-publish","4":"format-standard","5":"has-post-thumbnail","7":"category-people","8":"tag-divertissement","9":"tag-drogue","10":"tag-entertainment","11":"tag-fr","12":"tag-france","13":"tag-people"},"share_on_mastodon":{"url":"https:\/\/pubeurope.com\/@fr\/115113343331552629","error":""},"_links":{"self":[{"href":"https:\/\/www.europesays.com\/fr\/wp-json\/wp\/v2\/posts\/352661","targetHints":{"allow":["GET"]}}],"collection":[{"href":"https:\/\/www.europesays.com\/fr\/wp-json\/wp\/v2\/posts"}],"about":[{"href":"https:\/\/www.europesays.com\/fr\/wp-json\/wp\/v2\/types\/post"}],"author":[{"embeddable":true,"href":"https:\/\/www.europesays.com\/fr\/wp-json\/wp\/v2\/users\/2"}],"replies":[{"embeddable":true,"href":"https:\/\/www.europesays.com\/fr\/wp-json\/wp\/v2\/comments?post=352661"}],"version-history":[{"count":0,"href":"https:\/\/www.europesays.com\/fr\/wp-json\/wp\/v2\/posts\/352661\/revisions"}],"wp:featuredmedia":[{"embeddable":true,"href":"https:\/\/www.europesays.com\/fr\/wp-json\/wp\/v2\/media\/352662"}],"wp:attachment":[{"href":"https:\/\/www.europesays.com\/fr\/wp-json\/wp\/v2\/media?parent=352661"}],"wp:term":[{"taxonomy":"category","embeddable":true,"href":"https:\/\/www.europesays.com\/fr\/wp-json\/wp\/v2\/categories?post=352661"},{"taxonomy":"post_tag","embeddable":true,"href":"https:\/\/www.europesays.com\/fr\/wp-json\/wp\/v2\/tags?post=352661"}],"curies":[{"name":"wp","href":"https:\/\/api.w.org\/{rel}","templated":true}]}}