{"id":352663,"date":"2025-08-29T17:56:07","date_gmt":"2025-08-29T17:56:07","guid":{"rendered":"https:\/\/www.europesays.com\/fr\/352663\/"},"modified":"2025-08-29T17:56:07","modified_gmt":"2025-08-29T17:56:07","slug":"lincroyable-histoire-du-tableau-de-paul-cezanne-retrouve-dans-un-tresor-nazi-et-qui-serait-passe-par-le-gard-rhodanien-midi-libre","status":"publish","type":"post","link":"https:\/\/www.europesays.com\/fr\/352663\/","title":{"rendered":"L\u2019incroyable histoire du tableau de Paul Cezanne, retrouv\u00e9 dans un tr\u00e9sor nazi et qui serait pass\u00e9 par le Gard rhodanien &#8211; Midi Libre"},"content":{"rendered":"<ol>\n<li><a href=\"https:\/\/news.google.com\/rss\/articles\/CBMi-wFBVV95cUxNNUlkWU1qaGJzd3BJcXVSLWN4bTN2LTdYN3RtSXZKTk13WlFDaW1KVi0zZlZ5NmNvNnhqWGVUbVlaODFDdFdoWVR0eVZaV0JXN05UdHpVazZ5TjVFMGJCb2l0UXlqcld5LVZ5eWlJTFpad0lrbFZnTUV1b1BHYkFDNF9PazRMNjBWLVpzZkhBeDdaWEJ0MDVIclZpcE9BNU10amJYSVN5WFVMbUVxcDNqaENLV25pV0ZPTVBDVlU2dDRENU1sV0laWllsWmttMTl6ZGo2UE9OSk5aVzN1djgyTE1fdDB5alNWbldZUW8zTHA1R29kUHdRWkJxdw?oc=5\" target=\"_blank\" rel=\"nofollow noopener\">L\u2019incroyable histoire du tableau de Paul Cezanne, retrouv\u00e9 dans un tr\u00e9sor nazi et qui serait pass\u00e9 par le Gard rhodanien<\/a>&nbsp;&nbsp;Midi Libre<\/li>\n<li><a href=\"https:\/\/news.google.com\/rss\/articles\/CBMiiwFBVV95cUxOa2FxbW1FZnNNSENDajFGZUtrSDMyUDJ2c1g1dkhBakhHdTZlNXYtQlNwWmE2T1lVNHpGbGVMdEZvS1NPRHE2Y3AtYnhqNWNiQVZOeHJuTDRXN1JYbTA4UzBNc19xMTF4aDNILUQzb3FLRms1SjFqSVl0cEVubnFEbEFzaTVMNWtlWWg4?oc=5\" target=\"_blank\" rel=\"nofollow noopener\">\u00c0 Aix-en-Provence, l\u2019ancienne bastide de Paul C\u00e9zanne rouvre ses portes au public<\/a>&nbsp;&nbsp;AD Magazine<\/li>\n<li><a href=\"https:\/\/news.google.com\/rss\/articles\/CBMivAFBVV95cUxQYkpKWWNsTXJibDBCTzM0UWxGR3FFZzRFNDNaWXZqdk1YOVlCSTh6cHJYLV9VcjhZOEhfQTVsYWh5V3BVM0V4clJyV3dPZzdFVEtkV1hUUVFGNTJGY19NZGVFQ0ZSWHVzMzdzRWZRcWNnaU5lX25WS1FSLUxUYTlnWGlBU2J5dlpObjhJak1ydFhLOTlxdEFtYzNXbnIwU3VrYmdUS2wzTVp6Qnp0aWFWWWpJRDgwTzVrd0d5bQ?oc=5\" target=\"_blank\" rel=\"nofollow noopener\">AIX EN PROVENCE : Avec VINCI Autoroutes, C\u00e9zanne sur les aires de la Sainte-Victoire et Rousset (A8)<\/a>&nbsp;&nbsp;Presse Agence<\/li>\n<li><a href=\"https:\/\/news.google.com\/rss\/articles\/CBMiaEFVX3lxTE9WaWVmbmFYQVFZeGRWLXgzOGlHdUxtelRjYjRPNHBUR3kzMXpibFZ6SmZkZzlKLWdPSDkzWVJaX05ubFNXQnhRajZRY1hfWUpsZlJkRkNfV0VkdWxGdU9mb2k1eEl3TF8w?oc=5\" target=\"_blank\" rel=\"nofollow noopener\">Concert de Rue &#8211; Ann\u00e9e Cezanne<\/a>&nbsp;&nbsp;Mairie d&rsquo;Aix-en-Provence<\/li>\n<li><a href=\"https:\/\/news.google.com\/rss\/articles\/CBMigAFBVV95cUxOZFRWcERBbE1va19GdmFiQzEzM1ZCc1BNdjBoOW1LekJZWjVhWFYxYnB4V3c2dkJDZU5IdzhPaWxoOUN1LVF0OV9tdVYzLUxVUktEVUJzRTVtTzJNc1pRanlNT0IyUzRQbmRINUUwY1A4dEN2OFZnWkptX21VS2ZKaw?oc=5\" target=\"_blank\" rel=\"nofollow noopener\">Aix-en-Provence c\u00e9l\u00e8bre Paul Cezanne<\/a>&nbsp;&nbsp;artnewspaper.fr<\/li>\n<\/ol>\n","protected":false},"excerpt":{"rendered":"L\u2019incroyable histoire du tableau de Paul Cezanne, retrouv\u00e9 dans un tr\u00e9sor nazi et qui serait pass\u00e9 par le&hellip;\n","protected":false},"author":2,"featured_media":1445,"comment_status":"","ping_status":"","sticky":false,"template":"","format":"standard","meta":{"footnotes":""},"categories":[1358],"tags":[1348,1384,1385,1386,58,59,1011,27],"class_list":{"0":"post-352663","1":"post","2":"type-post","3":"status-publish","4":"format-standard","5":"has-post-thumbnail","7":"category-arts-et-design","8":"tag-arts","9":"tag-arts-and-design","10":"tag-arts-et-design","11":"tag-design","12":"tag-divertissement","13":"tag-entertainment","14":"tag-fr","15":"tag-france"},"share_on_mastodon":{"url":"https:\/\/pubeurope.com\/@fr\/115113347385760110","error":""},"_links":{"self":[{"href":"https:\/\/www.europesays.com\/fr\/wp-json\/wp\/v2\/posts\/352663","targetHints":{"allow":["GET"]}}],"collection":[{"href":"https:\/\/www.europesays.com\/fr\/wp-json\/wp\/v2\/posts"}],"about":[{"href":"https:\/\/www.europesays.com\/fr\/wp-json\/wp\/v2\/types\/post"}],"author":[{"embeddable":true,"href":"https:\/\/www.europesays.com\/fr\/wp-json\/wp\/v2\/users\/2"}],"replies":[{"embeddable":true,"href":"https:\/\/www.europesays.com\/fr\/wp-json\/wp\/v2\/comments?post=352663"}],"version-history":[{"count":0,"href":"https:\/\/www.europesays.com\/fr\/wp-json\/wp\/v2\/posts\/352663\/revisions"}],"wp:featuredmedia":[{"embeddable":true,"href":"https:\/\/www.europesays.com\/fr\/wp-json\/wp\/v2\/media\/1445"}],"wp:attachment":[{"href":"https:\/\/www.europesays.com\/fr\/wp-json\/wp\/v2\/media?parent=352663"}],"wp:term":[{"taxonomy":"category","embeddable":true,"href":"https:\/\/www.europesays.com\/fr\/wp-json\/wp\/v2\/categories?post=352663"},{"taxonomy":"post_tag","embeddable":true,"href":"https:\/\/www.europesays.com\/fr\/wp-json\/wp\/v2\/tags?post=352663"}],"curies":[{"name":"wp","href":"https:\/\/api.w.org\/{rel}","templated":true}]}}