{"id":352664,"date":"2025-08-29T17:57:17","date_gmt":"2025-08-29T17:57:17","guid":{"rendered":"https:\/\/www.europesays.com\/fr\/352664\/"},"modified":"2025-08-29T17:57:17","modified_gmt":"2025-08-29T17:57:17","slug":"des-etoiles-au-programme-du-salon-du-livre-ancien-et-moderne-2025-les-6-et-7-septembre-medialot","status":"publish","type":"post","link":"https:\/\/www.europesays.com\/fr\/352664\/","title":{"rendered":"Des \u00e9toiles au programme du Salon du Livre Ancien et Moderne 2025 les 6 et 7 septembre\u00a0 \u2013 Medialot"},"content":{"rendered":"<p>\n                          <a href=\"https:\/\/www.europesays.com\/fr\/wp-content\/uploads\/2025\/04\/medialot-300x38-5.jpg\"><img loading=\"lazy\" decoding=\"async\" alt=\"\" width=\"300\" height=\"38\" src=\"https:\/\/www.europesays.com\/fr\/wp-content\/uploads\/2025\/04\/medialot-300x38-5.jpg\" class=\"size-full wp-image-150487 aligncenter lazyload\"\/><\/a><br \/>\nRiche menu \u00e0 l\u2019espace Valentr\u00e9.\u00a0<br \/>\n<a href=\"https:\/\/www.europesays.com\/fr\/wp-content\/uploads\/2025\/07\/Pub-Medialot-Speedy-2025-300x38-1.gif\"><img loading=\"lazy\" decoding=\"async\" alt=\"\" width=\"300\" height=\"38\" src=\"https:\/\/www.europesays.com\/fr\/wp-content\/uploads\/2025\/07\/Pub-Medialot-Speedy-2025-300x38-1.gif\" class=\"size-full wp-image-170577 aligncenter lazyload\"\/><\/a><\/p>\n<p>Jean-Luc Boisseau, Loup Axmann, Etienne Cronier, B\u00e9atrice Jaques et Olivier Marie ont pr\u00e9sent\u00e9 ce 29 ao\u00fbt 2025 le programme du 27\u00e8me Salon du Livre Ancien et Moderne qui se d\u00e9roulera cette ann\u00e9e les 6 et 7 septembre 2025 \u00e0 l\u2019espace Valentr\u00e9. L\u2019entr\u00e9e de ce grand rendez-vous des amateurs de tr\u00e9sors du pass\u00e9 est enti\u00e8rement libre et gratuite. 25 exposants et exposantes, libraires de livres anciens et d\u2019occasion de toute la France, pr\u00e9senteront une s\u00e9lection de plus de 30 000 livres et documents curieux ou rares. Les \u00e9toiles vont briller dans les yeux des visiteurs encore plus que les \u00e9ditions pr\u00e9c\u00e9dentes car le th\u00e8me retenu cette ann\u00e9e est l\u2019astronomie.<\/p>\n<p><a href=\"https:\/\/mtechalu46.com\" rel=\"nofollow noopener\" target=\"_blank\"><img loading=\"lazy\" decoding=\"async\" alt=\"\" width=\"300\" height=\"38\" src=\"https:\/\/www.europesays.com\/fr\/wp-content\/uploads\/2025\/04\/GIF-MTECH.gif\" class=\"size-full wp-image-163888 aligncenter lazyload\"\/><\/a><\/p>\n<p>\u00ab\u00a0 Nous c\u00e9l\u00e9brerons quatre si\u00e8cles dans les \u00e9toiles, de Cassini \u00e0 Flammarion (8 juin 1625 \u2013 Naissance de l\u2019astronome Jean-Dominique Cassini et 3 juin 1925 \u2013 Mort de l\u2019astronome Camille Flammarion). Patrick L\u00e9cureuil, astronome reconnu et m\u00e9diateur scientifique passionn\u00e9, nous offrira ainsi un voyage fascinant \u00e0 travers quatre si\u00e8cles d\u2019histoire de la repr\u00e9sentation du ciel lors d\u2019une conf\u00e9rence samedi 6 septembre 2025 \u00e0 17 h 30. Le salon exposera \u00e9galement sur les deux jours divers tr\u00e9sors c\u00e9lestes authentiques : un morceau de la lune, des m\u00e9t\u00e9orites diverses, etc. Et pour marquer l\u2019\u00e9v\u00e8nement, le salon \u00e9ditera cinq marque-pages diff\u00e9rents en \u00e9dition limit\u00e9e qui seront \u00e0 collectionner gratuitement sur les diff\u00e9rents stands \u00bb annonce Jean-Luc Boisseau.\u00a0<\/p>\n<p><a href=\"https:\/\/www.ecoutervoir.fr\" rel=\"nofollow noopener\" target=\"_blank\"><img loading=\"lazy\" decoding=\"async\" alt=\"\" width=\"300\" height=\"37\"  src=\"https:\/\/www.europesays.com\/fr\/wp-content\/uploads\/2025\/04\/ecouter-v-300x37.jpeg\" data- class=\"size-medium wp-image-163875 aligncenter lazyload\"\/><\/a><\/p>\n<p>Et aussi :\u00a0<\/p>\n<p>On pourra aussi d\u00e9couvrir l\u2019art de la reliure artisanale avec B\u00e9atrice Jaques et Catherine Lemouzy.\u00a0<\/p>\n<p><a href=\"https:\/\/piscinesservices46.fr\" rel=\"nofollow noopener\" target=\"_blank\"><img loading=\"lazy\" decoding=\"async\" alt=\"\" width=\"300\" height=\"38\" src=\"https:\/\/www.europesays.com\/fr\/wp-content\/uploads\/2025\/04\/ps46-bandeau.gif\" class=\"size-full wp-image-146807 aligncenter lazyload\"\/><\/a><\/p>\n<p>La maison d\u2019\u00e9dition lotoise hors-norme Mati\u00e8re grasse pr\u00e9sentera sa production \u00e9ditoriale, ses auteurs et ses autrices.\u00a0<\/p>\n<p><a href=\"https:\/\/www.lfccourtage.com\/\" rel=\"nofollow noopener\" target=\"_blank\"><img loading=\"lazy\" decoding=\"async\" alt=\"\" width=\"300\" height=\"38\" src=\"https:\/\/www.europesays.com\/fr\/wp-content\/uploads\/2025\/04\/lfc-courtage-bandeau-2.gif\" class=\"size-full wp-image-78799 aligncenter lazyload\"\/><\/a><\/p>\n<p>Anne Lasserre-Gasquez, artisane d\u2019art reconnue pour son expertise en dominoterie et en marbrure fera une d\u00e9monstration de cr\u00e9ation de papiers marbr\u00e9s. \u00a0<\/p>\n<p><a href=\"https:\/\/chambert.com\/fr\/index.html\" rel=\"nofollow noopener\" target=\"_blank\"><img loading=\"lazy\" decoding=\"async\" alt=\"\" width=\"300\" height=\"38\" src=\"https:\/\/www.europesays.com\/fr\/wp-content\/uploads\/2025\/04\/chambert-2024-300x38-1.gif\" class=\"size-full wp-image-160827 aligncenter lazyload\"\/><\/a><\/p>\n<p>Jean-Louis Beauvais, libraire et expert, d\u00e9laissera sa librairie \u00e0 Bourges le temps d\u2019un week-end pour transporter ses rayonnages de livres \u00e0 Cahors.<\/p>\n<p><a href=\"https:\/\/www.facebook.com\/IntermarcheCahors?locale=fr_FR\" target=\"_blank\" rel=\"noopener noreferrer nofollow\"><img loading=\"lazy\" decoding=\"async\" alt=\"\" width=\"300\" height=\"38\" src=\"https:\/\/www.europesays.com\/fr\/wp-content\/uploads\/2025\/04\/intermarche-V2.gif\" class=\"aligncenter wp-image-111517 size-full lazyload\"\/><\/a><\/p>\n<p>Un rendez-vous \u00e0 ne manquer sous aucun pr\u00e9texte.\u00a0<\/p>\n<p>&gt; Salon organis\u00e9 par l\u2019association du Temps du Livre qui n\u2019a pas manqu\u00e9 de remercier partenaires et annonceurs<\/p>\n<p><a href=\"https:\/\/www.assureur-cahors.fr\" rel=\"nofollow noopener\" target=\"_blank\"><img loading=\"lazy\" decoding=\"async\" alt=\"\" width=\"300\" height=\"38\" src=\"https:\/\/www.europesays.com\/fr\/wp-content\/uploads\/2025\/04\/300x38.gif\" class=\"size-full wp-image-141871 aligncenter lazyload\"\/><\/a><\/p>\n<p>&gt; Cette ann\u00e9e encore, les visiteurs et visiteuses pourront tenter de gagner 100 euros en bon d\u2019achat \u00e0 d\u00e9penser sur le salon du livre ancien et moderne de Cahors, il leur suffira de remplir le bulletin de participation qu\u2019ils et elles trouveront sur place ins\u00e9r\u00e9 dans le programme du salon et de le glisser dans l\u2019urne \u00e0 disposition \u00e0 l\u2019entr\u00e9e du salon.<\/p>\n<p><a href=\"https:\/\/concessions.peugeot.fr\/cahors\" rel=\"nofollow noopener\" target=\"_blank\"><img loading=\"lazy\" decoding=\"async\" alt=\"\" width=\"300\" height=\"38\" src=\"https:\/\/www.europesays.com\/fr\/wp-content\/uploads\/2025\/04\/pub_GGB_s.gif\" class=\"size-full wp-image-128909 aligncenter lazyload\"\/><\/a><\/p>\n<p>&gt; Entr\u00e9e gratuite\u00a0<\/p>\n<p>&gt; Samedi et dimanche de 10 h \u00e0 18 h<\/p>\n","protected":false},"excerpt":{"rendered":"Riche menu \u00e0 l\u2019espace Valentr\u00e9.\u00a0 Jean-Luc Boisseau, Loup Axmann, Etienne Cronier, B\u00e9atrice Jaques et Olivier Marie ont pr\u00e9sent\u00e9&hellip;\n","protected":false},"author":2,"featured_media":352665,"comment_status":"","ping_status":"","sticky":false,"template":"","format":"standard","meta":{"footnotes":""},"categories":[1357],"tags":[1379,58,59,1011,27,1380],"class_list":{"0":"post-352664","1":"post","2":"type-post","3":"status-publish","4":"format-standard","5":"has-post-thumbnail","7":"category-livres","8":"tag-books","9":"tag-divertissement","10":"tag-entertainment","11":"tag-fr","12":"tag-france","13":"tag-livres"},"share_on_mastodon":{"url":"https:\/\/pubeurope.com\/@fr\/115113351612767074","error":""},"_links":{"self":[{"href":"https:\/\/www.europesays.com\/fr\/wp-json\/wp\/v2\/posts\/352664","targetHints":{"allow":["GET"]}}],"collection":[{"href":"https:\/\/www.europesays.com\/fr\/wp-json\/wp\/v2\/posts"}],"about":[{"href":"https:\/\/www.europesays.com\/fr\/wp-json\/wp\/v2\/types\/post"}],"author":[{"embeddable":true,"href":"https:\/\/www.europesays.com\/fr\/wp-json\/wp\/v2\/users\/2"}],"replies":[{"embeddable":true,"href":"https:\/\/www.europesays.com\/fr\/wp-json\/wp\/v2\/comments?post=352664"}],"version-history":[{"count":0,"href":"https:\/\/www.europesays.com\/fr\/wp-json\/wp\/v2\/posts\/352664\/revisions"}],"wp:featuredmedia":[{"embeddable":true,"href":"https:\/\/www.europesays.com\/fr\/wp-json\/wp\/v2\/media\/352665"}],"wp:attachment":[{"href":"https:\/\/www.europesays.com\/fr\/wp-json\/wp\/v2\/media?parent=352664"}],"wp:term":[{"taxonomy":"category","embeddable":true,"href":"https:\/\/www.europesays.com\/fr\/wp-json\/wp\/v2\/categories?post=352664"},{"taxonomy":"post_tag","embeddable":true,"href":"https:\/\/www.europesays.com\/fr\/wp-json\/wp\/v2\/tags?post=352664"}],"curies":[{"name":"wp","href":"https:\/\/api.w.org\/{rel}","templated":true}]}}