{"id":352666,"date":"2025-08-29T17:58:11","date_gmt":"2025-08-29T17:58:11","guid":{"rendered":"https:\/\/www.europesays.com\/fr\/352666\/"},"modified":"2025-08-29T17:58:11","modified_gmt":"2025-08-29T17:58:11","slug":"arnaque-en-perte-de-vitesse-la-chaine-bfm-tv-fait-croire-a-ses-telespectateurs-quelle-a-decroche-une-interview-de-francois-bayrou-ce-dimanche-a-18h","status":"publish","type":"post","link":"https:\/\/www.europesays.com\/fr\/352666\/","title":{"rendered":"Arnaque : En perte de vitesse, la cha\u00eene BFM TV fait croire \u00e0 ses t\u00e9l\u00e9spectateurs qu&rsquo;elle a d\u00e9croch\u00e9 une interview de Fran\u00e7ois Bayrou ce dimanche \u00e0 18h&#8230;"},"content":{"rendered":"<p>En perte de vitesse et apr\u00e8s une rentr\u00e9e catastrophique c\u00f4t\u00e9 audience cha\u00eene BFM TV fait croire \u00e0 ses t\u00e9l\u00e9spectateurs qu&rsquo;elle a d\u00e9croch\u00e9 une interview exclusive de Fran\u00e7ois Bayrou, alors qu&rsquo;en r\u00e9alit\u00e9 cet entretien est accord\u00e9 \u00e0 toutes les cha\u00eenes info !\u00a0\u00a0Le Premier ministre, Fran\u00e7ois Bayrou, donnera en effet dimanche \u00e0 18H00 depuis Matignon une interview aux quatre cha\u00eenes d&rsquo;information en continu, a-t-on appris vendredi aupr\u00e8s d&rsquo;elles. Fran\u00e7ois Bayrou, qui sollicitera un vote de confiance de l&rsquo;Assembl\u00e9e nationale le 8 septembre, \u00ab\u00a0r\u00e9pondra aux questions de Darius Rochebin (LCI), Myriam Encaoua (franceinfo), Marc Fauvelle (BFMTV) et Sonia Mabrouk (CNews)\u00a0\u00bb.<\/p>\n<p>Si CNews, France Info et LCI ont annonc\u00e9 cet \u00e9v\u00e9nement en pr\u00e9cisant que les 4 cha\u00eenes seraient re\u00e7ues par le Premier Ministre, BFM TV a annonc\u00e9 \u00e0 ses t\u00e9l\u00e9spectateurs que \u00ab\u00a0le Premier ministre s&rsquo;exprimera au micro de Marc Fauvelle pour BFMTV\u00a0\u00a0\u00bb dans tous ses titres et ses alertes sur les t\u00e9l\u00e9phones.<\/p>\n<p>Il fallait ainsi prendre le temps de lire les articles pour comprendre que ce n&rsquo;\u00e9tait pas le seul journaliste pr\u00e9sent.<\/p>\n<p>Une \u00ab\u00a0arnaque\u00a0\u00bb qui n&rsquo;est pas vraiment de tr\u00e8s bonne guerre ni tr\u00e8s confraternelle; car comme vous pouvez le voir ci-dessous, toutes les autres cha\u00eenes ont jou\u00e9 la transparence et la confraternit\u00e9.<\/p>\n<p>.<\/p>\n<p><img loading=\"lazy\" decoding=\"async\" src=\"https:\/\/www.europesays.com\/fr\/wp-content\/uploads\/2025\/08\/img_1829.jpeg\" width=\"1200\" height=\"482\"\/><\/p>\n<p><img loading=\"lazy\" decoding=\"async\" src=\"https:\/\/www.europesays.com\/fr\/wp-content\/uploads\/2025\/08\/049fd02e-f489-42fb-a3cb-61b323f60fa0.jpeg\" width=\"1170\" height=\"695\"\/><\/p>\n<p><img loading=\"lazy\" decoding=\"async\" src=\"https:\/\/www.europesays.com\/fr\/wp-content\/uploads\/2025\/08\/fgfs.png\" width=\"1019\" height=\"484\"\/><\/p>\n<p><img loading=\"lazy\" decoding=\"async\" src=\"https:\/\/www.europesays.com\/fr\/wp-content\/uploads\/2025\/08\/zefzef_1.jpg\" width=\"807\" height=\"677\"\/><\/p>\n<p>\u00a0<\/p>\n<p>\u00a0<\/p>\n<p>\u00a0<\/p>\n","protected":false},"excerpt":{"rendered":"En perte de vitesse et apr\u00e8s une rentr\u00e9e catastrophique c\u00f4t\u00e9 audience cha\u00eene BFM TV fait croire \u00e0 ses&hellip;\n","protected":false},"author":2,"featured_media":352667,"comment_status":"","ping_status":"","sticky":false,"template":"","format":"standard","meta":{"footnotes":""},"categories":[1356],"tags":[10943,9722,58,59,1011,27,10318,15763,252,1364],"class_list":{"0":"post-352666","1":"post","2":"type-post","3":"status-publish","4":"format-standard","5":"has-post-thumbnail","7":"category-television","8":"tag-bfm-tv","9":"tag-cnews","10":"tag-divertissement","11":"tag-entertainment","12":"tag-fr","13":"tag-france","14":"tag-france-info","15":"tag-franu00e7ois-bayrou","16":"tag-television","17":"tag-tv"},"share_on_mastodon":{"url":"https:\/\/pubeurope.com\/@fr\/115113355231469499","error":""},"_links":{"self":[{"href":"https:\/\/www.europesays.com\/fr\/wp-json\/wp\/v2\/posts\/352666","targetHints":{"allow":["GET"]}}],"collection":[{"href":"https:\/\/www.europesays.com\/fr\/wp-json\/wp\/v2\/posts"}],"about":[{"href":"https:\/\/www.europesays.com\/fr\/wp-json\/wp\/v2\/types\/post"}],"author":[{"embeddable":true,"href":"https:\/\/www.europesays.com\/fr\/wp-json\/wp\/v2\/users\/2"}],"replies":[{"embeddable":true,"href":"https:\/\/www.europesays.com\/fr\/wp-json\/wp\/v2\/comments?post=352666"}],"version-history":[{"count":0,"href":"https:\/\/www.europesays.com\/fr\/wp-json\/wp\/v2\/posts\/352666\/revisions"}],"wp:featuredmedia":[{"embeddable":true,"href":"https:\/\/www.europesays.com\/fr\/wp-json\/wp\/v2\/media\/352667"}],"wp:attachment":[{"href":"https:\/\/www.europesays.com\/fr\/wp-json\/wp\/v2\/media?parent=352666"}],"wp:term":[{"taxonomy":"category","embeddable":true,"href":"https:\/\/www.europesays.com\/fr\/wp-json\/wp\/v2\/categories?post=352666"},{"taxonomy":"post_tag","embeddable":true,"href":"https:\/\/www.europesays.com\/fr\/wp-json\/wp\/v2\/tags?post=352666"}],"curies":[{"name":"wp","href":"https:\/\/api.w.org\/{rel}","templated":true}]}}