{"id":352668,"date":"2025-08-29T17:59:10","date_gmt":"2025-08-29T17:59:10","guid":{"rendered":"https:\/\/www.europesays.com\/fr\/352668\/"},"modified":"2025-08-29T17:59:10","modified_gmt":"2025-08-29T17:59:10","slug":"marc-lavoine-sans-detour-en-evoquant-sa-consommation-dalcool-jaime-livresse","status":"publish","type":"post","link":"https:\/\/www.europesays.com\/fr\/352668\/","title":{"rendered":"Marc Lavoine sans d\u00e9tour en \u00e9voquant sa consommation d\u2019alcool : \u00ab\u00a0J\u2019aime l\u2019ivresse\u00a0\u00bb"},"content":{"rendered":"<p>On ne le pr\u00e9sente plus. Sur le devant de la sc\u00e8ne depuis les<br \/>\nann\u00e9es 80, Marc Lavoine a r\u00e9ussi \u00e0 se r\u00e9inventer au fil des ann\u00e9es<br \/>\njusqu\u2019\u00e0 \u00eatre encore aujourd\u2019hui l\u2019un des artistes pr\u00e9f\u00e9r\u00e9s des<br \/>\nFran\u00e7ais. Il faut dire que depuis la sortie de son titre Elle a<br \/>\nles yeux revolver, ce dernier encha\u00eene les tubes et rencontre<br \/>\ntoujours un succ\u00e8s fou. Marc Lavoine aime \u00e9galement apporter une<br \/>\ntouche f\u00e9minine \u00e0 ses projets artistiques. Catherine Ringer, Claire<br \/>\nKeim, Cristina Marocco, Fran\u00e7oise Hardy, Carla Bruni\u2026 toutes ont eu<br \/>\nl\u2019opportunit\u00e9 de collaborer avec le chanteur.<\/p>\n<p>Marc Lavoine \u00e9voque ouvertement des sujets intimes et<br \/>\nd\u00e9licats<\/p>\n<p>Evidemment appr\u00e9ci\u00e9 pour son talent musical et ses m\u00e9lodies,<br \/>\n<strong>Marc Lavoine l\u2019est \u00e9galement pour sa franchise<\/strong>. Le<br \/>\nchanteur n\u2019h\u00e9site en effet pas \u00e0 aborder publiquement <a href=\"https:\/\/www.melty.fr\/people\/marc-lavoine-affecte-par-sa-rupture-soudaine-il-a-beaucoup-de-mal-a-se-remettre-2256975.html\" target=\"_blank\" rel=\"noopener\"><br \/>\ndes sujets parfois d\u00e9licats<\/a> dont celui de <strong>la mort de sa<br \/>\nm\u00e8re<\/strong>, Micheline Collin. Proche d\u2019elle, il lui a d\u2019ailleurs<br \/>\nconsacr\u00e9 un livre intitul\u00e9 Quand arrivent les chevaux (\u00c9d.<br \/>\nFayard).<\/p>\n<p><strong>Boulevers\u00e9 par la perte de cet \u00eatre cher<\/strong>, Marc<br \/>\nLavoine a longtemps \u00e9t\u00e9 <a href=\"https:\/\/www.melty.fr\/people\/plein-damertume-marc-lavoine-vide-son-sac-sur-sa-mere-cest-complique-parce-que-2252431.html\" target=\"_blank\" rel=\"noopener\"><br \/>\nemport\u00e9 par le chagrin<\/a> comme il le confiait dans Sept \u00e0 Huit<br \/>\nsur TF1. \u00ab\u00a0\u00c7a a dur\u00e9 jusqu\u00a0\u00bb\u00e0 ce que je sorte le livre.<br \/>\n<strong>Je n&rsquo;ai pas accept\u00e9, je ne l&rsquo;ai pas laiss\u00e9e partir en<br \/>\nfait\u00a0\u00bb<\/strong>, admettait-il avant d\u2019avouer, cette fois-ci sur<br \/>\nle plateau de Quelle \u00e9poque, se sentir responsable de sa mort :<br \/>\n\u00ab\u00a0Moi, <strong>j&rsquo;ai perdu le centre du monde<\/strong>, et donc<br \/>\nj&rsquo;ai cru que c&rsquo;\u00e9tait de ma faute\u00a0\u00bb.<\/p>\n<p>Le chanteur avoue aimer l\u2019ivresse \u00ab\u00a0jusqu\u2019\u00e0 un certain<br \/>\npoint\u00a0\u00bb<\/p>\n<p>De toute \u00e9vidence, Marc Lavoine n\u2019a <strong>aucune retenue<br \/>\nlorsqu\u2019il s\u2019agit d\u2019aborder les sujets les plus intimes<\/strong>. Ce<br \/>\ndernier l\u2019avait encore prouv\u00e9 lors d\u2019une pr\u00e9c\u00e9dente interview<br \/>\naccord\u00e9e \u00e0 Marie Claire. Dans celle-ci, le chanteur s\u2019\u00e9tait confi\u00e9<br \/>\nsans d\u00e9tour sur <strong>son rapport distanci\u00e9 \u00e0 l\u2019alcool<\/strong> :<br \/>\n\u00ab\u00a0L&rsquo;alcool, <strong>c&rsquo;est un vieux fant\u00f4me. Je n&rsquo;en veux pas<br \/>\nchez moi<\/strong>. Mon p\u00e8re \u00e9tait alcoolique, mon grand-p\u00e8re<br \/>\naussi&#8230;\u00a0\u00bb.<\/p>\n<p>Pour autant, <strong>Marc Lavoine ne s\u2019interdit pas quelques<br \/>\nverres de temps en temps<\/strong>. \u00ab\u00a0J&rsquo;aime l&rsquo;ivresse, mais<br \/>\n<strong>jusqu&rsquo;\u00e0 un certain point. Apr\u00e8s on devient pas gentil avec<br \/>\nsa femme<\/strong>. M\u00eame ma maman, elle \u00e9tait parfois avec un<br \/>\nwhisky, le soir, toute seule, \u00e0 \u00e9couter Barbara, en regardant le<br \/>\nvide\u00a0\u00bb, se rem\u00e9morait-il.<\/p>\n<p>Cette rupture qui lui a inspir\u00e9 l\u2019un de<br \/>\nses plus grands tubes<\/p>\n<p>Dans un entretien accord\u00e9 au Parisien, Marc Lavoine avait abord\u00e9<br \/>\nun autre sujet, \u00e0 savoir celui de <strong>la drogue qui avait \u00e9t\u00e9<br \/>\nresponsable de l\u2019une de ses ruptures pass\u00e9es<\/strong>. \u00ab\u00a0Mes<br \/>\ntextes parlent souvent d&rsquo;histoires que j&rsquo;ai v\u00e9cues. <strong>Je me<br \/>\nrappelle de la fille qui m&rsquo;a inspir\u00e9 Elle a les yeux<br \/>\nrevolver<\/strong>. Elle ressemblait \u00e0 David Bowie avec ses cheveux<br \/>\nblonds plaqu\u00e9s en arri\u00e8re. On \u00e9coutait Life on Mars dans sa<br \/>\nchambre, on dormait sous les ponts. <strong>C&rsquo;\u00e9tait une histoire<br \/>\nmagnifique\u00a0\u00bb<\/strong>, d\u00e9voilait-il dans un premier temps.<\/p>\n<p>Malheureusement, les substances illicites ont eu raison de leur<br \/>\nidylle : <strong>\u00ab\u00a0La drogue a fini par nous s\u00e9parer<\/strong>.<br \/>\nJe n&rsquo;avais pas 20 ans&#8230; Je ne savais pas o\u00f9 dormir \u00e0 l&rsquo;\u00e9poque.<br \/>\nFabrice Aboulker, mon ami et compositeur de toujours, m&rsquo;a mis un<br \/>\noreiller et une couette sous son piano. C&rsquo;est l\u00e0 que j&rsquo;ai \u00e9crit<br \/>\ncette chanson\u00a0\u00bb. Une chanson qui deviendra l\u2019un de ses plus<br \/>\ngrands tubes.<\/p>\n","protected":false},"excerpt":{"rendered":"On ne le pr\u00e9sente plus. Sur le devant de la sc\u00e8ne depuis les ann\u00e9es 80, Marc Lavoine a&hellip;\n","protected":false},"author":2,"featured_media":352669,"comment_status":"","ping_status":"","sticky":false,"template":"","format":"standard","meta":{"footnotes":""},"categories":[1355],"tags":[905,58,59,1011,27,7593,1361,873],"class_list":{"0":"post-352668","1":"post","2":"type-post","3":"status-publish","4":"format-standard","5":"has-post-thumbnail","7":"category-musique","8":"tag-a-la-une-melty","9":"tag-divertissement","10":"tag-entertainment","11":"tag-fr","12":"tag-france","13":"tag-marc-lavoine","14":"tag-music","15":"tag-musique"},"share_on_mastodon":{"url":"https:\/\/pubeurope.com\/@fr\/115113359230668855","error":""},"_links":{"self":[{"href":"https:\/\/www.europesays.com\/fr\/wp-json\/wp\/v2\/posts\/352668","targetHints":{"allow":["GET"]}}],"collection":[{"href":"https:\/\/www.europesays.com\/fr\/wp-json\/wp\/v2\/posts"}],"about":[{"href":"https:\/\/www.europesays.com\/fr\/wp-json\/wp\/v2\/types\/post"}],"author":[{"embeddable":true,"href":"https:\/\/www.europesays.com\/fr\/wp-json\/wp\/v2\/users\/2"}],"replies":[{"embeddable":true,"href":"https:\/\/www.europesays.com\/fr\/wp-json\/wp\/v2\/comments?post=352668"}],"version-history":[{"count":0,"href":"https:\/\/www.europesays.com\/fr\/wp-json\/wp\/v2\/posts\/352668\/revisions"}],"wp:featuredmedia":[{"embeddable":true,"href":"https:\/\/www.europesays.com\/fr\/wp-json\/wp\/v2\/media\/352669"}],"wp:attachment":[{"href":"https:\/\/www.europesays.com\/fr\/wp-json\/wp\/v2\/media?parent=352668"}],"wp:term":[{"taxonomy":"category","embeddable":true,"href":"https:\/\/www.europesays.com\/fr\/wp-json\/wp\/v2\/categories?post=352668"},{"taxonomy":"post_tag","embeddable":true,"href":"https:\/\/www.europesays.com\/fr\/wp-json\/wp\/v2\/tags?post=352668"}],"curies":[{"name":"wp","href":"https:\/\/api.w.org\/{rel}","templated":true}]}}