{"id":35267,"date":"2025-04-19T01:08:11","date_gmt":"2025-04-19T01:08:11","guid":{"rendered":"https:\/\/www.europesays.com\/fr\/35267\/"},"modified":"2025-04-19T01:08:11","modified_gmt":"2025-04-19T01:08:11","slug":"quel-pays-europeen-compte-le-plus-de-travailleurs-a-bas-salaire-2","status":"publish","type":"post","link":"https:\/\/www.europesays.com\/fr\/35267\/","title":{"rendered":"Quel pays europ\u00e9en compte le plus de travailleurs \u00e0 bas salaire ?"},"content":{"rendered":"<p>Les derni\u00e8res donn\u00e9es d&rsquo;Eurostat montrent que <strong>pr\u00e8s de 15 % de la main-d&rsquo;\u0153uvre de l&rsquo;Union europ\u00e9enne est constitu\u00e9e de travailleurs \u00e0 bas salaire<\/strong>, c&rsquo;est-\u00e0-dire des employ\u00e9s qui gagnent moins de 60 % du salaire m\u00e9dian dans leur pays.<\/p>\n<p>Le rapport fait par ailleurs \u00e9tat d&rsquo;un \u00e9cart notable entre les hommes et les femmes : ils sont 12,5 % \u00e0 faire partie de cette cat\u00e9gorie, contre 18,2 % des femmes.<\/p>\n<p>C&rsquo;est en Bulgarie (26,8 %), en Roumanie (23,9 %), en Lettonie (23,3 %) et en Gr\u00e8ce (21,7 %) que la proportion de travailleurs \u00e0 bas salaires est la plus \u00e9lev\u00e9e, tandis que le Portugal, la Su\u00e8de, la Finlande, l&rsquo;Italie et la Slov\u00e9nie affichent les taux les plus bas.<\/p>\n<p><b class=\"c-widget-related__title__text\">Related<\/b><\/p>\n<p>Les travailleurs de l&rsquo;h\u00f4tellerie et de la restauration sont les plus susceptibles d&rsquo;avoir des revenus faibles<\/p>\n<p>Le domaine de <strong>l&rsquo;h\u00f4tellerie et de la restauration emploie plus d&rsquo;un tiers (35,1 %) de l&rsquo;ensemble des travailleurs \u00e0 bas salaires de l&rsquo;UE<\/strong>, suivis de pr\u00e8s par les services administratifs et de soutien (32 %).<\/p>\n<p>Le type de contrat et le niveau d&rsquo;\u00e9tudes jouent \u00e9galement un r\u00f4le majeur dans la d\u00e9finition des revenus.<\/p>\n<p>Les personnes sous contrat \u00e0 dur\u00e9e d\u00e9termin\u00e9e sont plus de deux fois plus susceptibles d&rsquo;appartenir \u00e0 cette cat\u00e9gorie que celles sous contrat \u00e0 dur\u00e9e ind\u00e9termin\u00e9e (27,2 % contre 12,6 %).<\/p>\n<p><img decoding=\"async\" class=\"caas-img caas-lazy has-preview\" alt=\"Part des bas salaires dans l'UE\" src=\"https:\/\/www.europesays.com\/fr\/wp-content\/uploads\/2025\/04\/c786439e4a13e5b96e78b5c4d26ed04b.jpeg\"\/><\/p>\n<p> Part des bas salaires dans l&rsquo;UE   &#8211; Eurostat <\/p>\n<p>Le niveau d&rsquo;\u00e9tudes fait \u00e9galement une \u00e9norme diff\u00e9rence, puisque <strong>pr\u00e8s de 28 % des travailleurs ayant un faible niveau d&rsquo;\u00e9tudes se retrouvent dans la cat\u00e9gorie des bas salaires, contre seulement 4,8 % de ceux qui ont un niveau d&rsquo;\u00e9tudes dit sup\u00e9rieur ou moyen (17,5 %)<\/strong>.<\/p>\n","protected":false},"excerpt":{"rendered":"Les derni\u00e8res donn\u00e9es d&rsquo;Eurostat montrent que pr\u00e8s de 15 % de la main-d&rsquo;\u0153uvre de l&rsquo;Union europ\u00e9enne est constitu\u00e9e&hellip;\n","protected":false},"author":2,"featured_media":35268,"comment_status":"","ping_status":"","sticky":false,"template":"","format":"standard","meta":{"footnotes":""},"categories":[1586],"tags":[11,11443,1777,674,1779,1011,27,12,11442,25,11444,1778,364],"class_list":{"0":"post-35267","1":"post","2":"type-post","3":"status-publish","4":"format-standard","5":"has-post-thumbnail","7":"category-europe","8":"tag-actualites","9":"tag-bas-salaires","10":"tag-eu","11":"tag-europe","12":"tag-european-union","13":"tag-fr","14":"tag-france","15":"tag-news","16":"tag-niveau-detudes","17":"tag-republique-francaise","18":"tag-travailleurs","19":"tag-ue","20":"tag-union-europeenne"},"share_on_mastodon":{"url":"https:\/\/pubeurope.com\/@fr\/114361958601913056","error":""},"_links":{"self":[{"href":"https:\/\/www.europesays.com\/fr\/wp-json\/wp\/v2\/posts\/35267","targetHints":{"allow":["GET"]}}],"collection":[{"href":"https:\/\/www.europesays.com\/fr\/wp-json\/wp\/v2\/posts"}],"about":[{"href":"https:\/\/www.europesays.com\/fr\/wp-json\/wp\/v2\/types\/post"}],"author":[{"embeddable":true,"href":"https:\/\/www.europesays.com\/fr\/wp-json\/wp\/v2\/users\/2"}],"replies":[{"embeddable":true,"href":"https:\/\/www.europesays.com\/fr\/wp-json\/wp\/v2\/comments?post=35267"}],"version-history":[{"count":0,"href":"https:\/\/www.europesays.com\/fr\/wp-json\/wp\/v2\/posts\/35267\/revisions"}],"wp:featuredmedia":[{"embeddable":true,"href":"https:\/\/www.europesays.com\/fr\/wp-json\/wp\/v2\/media\/35268"}],"wp:attachment":[{"href":"https:\/\/www.europesays.com\/fr\/wp-json\/wp\/v2\/media?parent=35267"}],"wp:term":[{"taxonomy":"category","embeddable":true,"href":"https:\/\/www.europesays.com\/fr\/wp-json\/wp\/v2\/categories?post=35267"},{"taxonomy":"post_tag","embeddable":true,"href":"https:\/\/www.europesays.com\/fr\/wp-json\/wp\/v2\/tags?post=35267"}],"curies":[{"name":"wp","href":"https:\/\/api.w.org\/{rel}","templated":true}]}}