{"id":352680,"date":"2025-08-29T18:05:12","date_gmt":"2025-08-29T18:05:12","guid":{"rendered":"https:\/\/www.europesays.com\/fr\/352680\/"},"modified":"2025-08-29T18:05:12","modified_gmt":"2025-08-29T18:05:12","slug":"pas-de-sortie-de-conflit-en-vue-apres-une-semaine-de-drole-de-greve","status":"publish","type":"post","link":"https:\/\/www.europesays.com\/fr\/352680\/","title":{"rendered":"pas de sortie de conflit en vue, apr\u00e8s une semaine de dr\u00f4le de gr\u00e8ve"},"content":{"rendered":"<p>      \u00c0 l\u2019issue d\u2019une premi\u00e8re semaine de gr\u00e8ve, les n\u00e9gociations entre l\u2019intersyndicale et la direction avancent mais se durcissent. Retour sur une s\u00e9quence de mobilisation dans chaque station.              <a href=\"https:\/\/www.europesays.com\/fr\/wp-content\/uploads\/2025\/08\/5cf5e59_upload-1-w2gzbxevhdhy-hl-cmartin-2813876.jpg\" data-pswp-width=\"\" data-pswp-height=\"\" class=\"media__hd\" target=\"_blank\">      <img decoding=\"async\" fetchpriority=\"high\" src=\"https:\/\/www.europesays.com\/fr\/wp-content\/uploads\/2025\/08\/5cf5e59_upload-1-w2gzbxevhdhy-hl-cmartin-2813876.jpg\" class=\"media__picture js-media-zoom-main \" alt=\"La direction de Radio France a comptabilis\u00e9 10,6\u00a0% de gr\u00e9vistes lundi, 6,18\u00a0% mardi, 5,08\u00a0% mercredi, 4,56\u00a0% jeudi. De quoi avoir de r\u00e9elles cons\u00e9quences sur l\u2019antenne. \" title=\"Photo Cl\u00e9ment Martin\/Hans Lucas\"\/>      <\/p>\n<p class=\"media__legend\"> La direction de Radio France a comptabilis\u00e9 10,6\u00a0% de gr\u00e9vistes lundi, 6,18\u00a0% mardi, 5,08\u00a0% mercredi, 4,56\u00a0% jeudi. De quoi avoir de r\u00e9elles cons\u00e9quences sur l\u2019antenne.   Photo Cl\u00e9ment Martin\/Hans Lucas  <\/p>\n<p>     <\/a>                    <\/p>\n<p class=\"author author--simple\">Par  <a class=\"author author--link\" href=\"https:\/\/www.telerama.fr\/recherche\/articles?q=Marion+Mayer\" rel=\"nofollow noopener\" target=\"_blank\"> Marion Mayer <\/a>    <\/p>\n<p class=\"publication__date\">Publi\u00e9 le 29 ao\u00fbt 2025 \u00e0 17h55<\/p>\n<p>   Partager   <\/p>\n<ul class=\"sharing-popin--results\">\n<li class=\"sharing-popin--item sharing-popin--item-container\"> Partage  <\/li>\n<li data-share=\"linkedin\" class=\"sharing-popin--item\">  LinkedIn <\/li>\n<li data-share=\"facebook\" class=\"sharing-popin--item\">  Facebook <\/li>\n<li data-share=\"mail\" data-social=\"mail\" class=\"sharing-popin--item\">  Envoyer par email <\/li>\n<li data-share=\"copy\" class=\"sharing-popin--item\">  Copier le lien <\/li>\n<\/ul>\n<p>        Favoris       <\/p>\n<p>                <a class=\"openapp__link\" data-event=\"click-open-app\" data-deep-link=\"tlrm:\/\/element?id=\/radio\/radio-france-pas-de-sortie-de-conflit-en-vue-apres-une-semaine-de-drole-de-greve-7027113.php&amp;source=deeplink_site\">  Lire dans l&rsquo;application<br \/>\n  <\/a>                               <\/p>\n<p class=\"paragraph\">Ce vendredi matin, cinqui\u00e8me jour de <a target=\"_blank\" href=\"https:\/\/www.telerama.fr\/radio\/rentree-tendue-a-radio-france-apres-le-maintien-d-un-appel-a-la-greve-des-ce-lundi-5828-7027025.php\" rel=\"nofollow noopener\">mobilisation pour les salari\u00e9s de Radio France<\/a>, l\u2019enregistrement au studio 104\u00a0de la musique de la prochaine adaptation des Aventures de Tintin (\u00e0 venir sur France Culture) avec l\u2019Orchestre national de France a \u00e9t\u00e9 annul\u00e9, faute de techniciens son. \u00c0 l\u2019issue d\u2019une nouvelle s\u00e9ance de n\u00e9gociations dans la matin\u00e9e avec la direction, l\u2019intersyndicale a expliqu\u00e9 manquer d\u2019engagements \u00e9crits pour pouvoir lever le pr\u00e9avis. Ainsi se poursuit cette dr\u00f4le de gr\u00e8ve entam\u00e9e lundi, qui a, en cette semaine de rentr\u00e9e, perturb\u00e9 les antennes du groupe public.<\/p>\n<p class=\"paragraph\">Sur Culture ce jour, pas de Cours de l\u2019histoire, de Souffle de la pens\u00e9e, de Midis, de journal de 12h30\u00a0ou encore de Fabrique de l\u2019information. Sur France Musique, Jean-Baptiste Urbain a enfin pu faire sa rentr\u00e9e apr\u00e8s quatre jours sans Musique matin \u00e0 l\u2019antenne. Les auditeurs n\u2019ont cependant pas pu entendre En pistes\u00a0! ou Allegretto. Aujourd\u2019hui sur Inter, pas de Fil de l\u2019histoire. \u00c0 la r\u00e9guli\u00e8re, le nouveau rendez-vous de <a target=\"_blank\" href=\"https:\/\/www.telerama.fr\/radio\/avec-le-journaliste-mehdi-maizi-le-rap-a-de-beaux-soirs-devant-lui-7027041.php\" rel=\"nofollow noopener\">Mehdi Ma\u00efzi<\/a>, n\u2019\u00e9tait pas diffus\u00e9 mercredi\u00a0; et <a target=\"_blank\" href=\"https:\/\/www.telerama.fr\/radio\/en-passant-en-quotidienne-les-p-tits-bateaux-ont-trouve-leur-rythme-de-croisiere-7018971.php\" rel=\"nofollow noopener\">Les p\u2019tits bateaux<\/a>, ni ce jour-l\u00e0 ni jeudi. Lundi, la premi\u00e8re Grande matinale avait \u00e9t\u00e9 perturb\u00e9e \u2014 la playlist de la station rempla\u00e7ait certains rendez-vous comme le journal de 8\u00a0heures ou la chronique de Charline Vanhoenacker\u00a0\u2014, permettant tout de m\u00eame d\u2019entendre les nouveaut\u00e9s de cette formule remani\u00e9e.<\/p>\n<p class=\"edito__prefixe\">   \u00c0 lire aussi :   <\/p>\n<p class=\"edito__text-container\">     <a alt=\"Lire aussi\" href=\"https:\/\/www.telerama.fr\/radio\/sur-france-inter-la-nouvelle-grande-matinale-cherche-son-rythme-malgre-la-greve-7027046.php\" class=\"article__title--edito\" rel=\"nofollow noopener\" target=\"_blank\">Sur France Inter, la nouvelle \u201cgrande matinale\u201d cherche son rythme malgr\u00e9 la gr\u00e8ve<\/a>  <\/p>\n<p class=\"paragraph\">Mais c\u2019est bien dans les locales d\u2019Ici que la mobilisation est la plus forte, avec la moiti\u00e9 seulement des matinales maintenues lundi, les deux tiers jeudi. Si la proportion de gr\u00e9vistes d\u00e9compt\u00e9s par la direction de Radio France ne semble pas mirobolante (pr\u00e8s de 10,6\u00a0% lundi, 6,18\u00a0% mardi, 5,08\u00a0% mercredi, 4,56\u00a0% jeudi), ces absences ont de r\u00e9elles cons\u00e9quences sur l\u2019antenne, alors m\u00eame que certains postes de gr\u00e9vistes sont occup\u00e9s par des CDD pour compenser les absences, notamment en matinale.<\/p>\n<p class=\"paragraph\">\u00ab\u00a0On sort d\u2019une discussion \u00e0 b\u00e2tons rompus\u00a0\u00bb, a lanc\u00e9 ce vendredi midi Bertrand Durand (CGT) en assembl\u00e9e g\u00e9n\u00e9rale, son coll\u00e8gue Beno\u00eet Gaspard (Sud) estimant que la direction \u00ab\u00a0ne veut pas compl\u00e8tement jouer le jeu\u00a0\u00bb. Aux yeux des \u00e9lus, c\u2019est \u00e0 celui du chat et de la souris que se sont livr\u00e9s les dirigeants du groupe public depuis le d\u00e9p\u00f4t du pr\u00e9avis, le 11\u00a0juillet, l\u2019intersyndicale n\u2019ayant eu cesse de les accuser de \u00ab\u00a0faire la sourde oreille\u00a0\u00bb. Aucune s\u00e9ance de n\u00e9gociation n\u2019avait \u00e9t\u00e9 propos\u00e9e avant le vendredi 22\u00a0ao\u00fbt, ces derniers pr\u00e9f\u00e9rant que se tiennent des \u00ab\u00a0discussions pr\u00e9alables\u00a0\u00bb.<\/p>\n<p>                \u201cChangement de ton\u201d                       <\/p>\n<p class=\"paragraph\">Ce n\u2019est que mercredi que la pr\u00e9sidente de Radio France, apparemment inqui\u00e8te des cons\u00e9quences de la gr\u00e8ve sur les antennes \u2014 et largement critiqu\u00e9e pour son \u00ab\u00a0invisibilit\u00e9\u00a0\u00bb \u2014 s\u2019en est m\u00eal\u00e9e. <a target=\"_blank\" href=\"https:\/\/www.telerama.fr\/radio\/radio-france-sibyle-veil-confirme-la-fin-de-mouv-dans-sa-forme-actuelle-et-annonce-une-station-pour-enfants-7025426.php\" rel=\"nofollow noopener\">Sibyle Veil<\/a> a ainsi re\u00e7u les d\u00e9l\u00e9gu\u00e9s syndicaux, leur assurant qu\u2019elle ne prenait pas \u00e0 la l\u00e9g\u00e8re les revendications. Un premier pas salu\u00e9 par les \u00e9lus. Apr\u00e8s quelques s\u00e9ances de n\u00e9gociations, la situation a sembl\u00e9 se d\u00e9bloquer jeudi, les syndicats ayant pris note d\u2019\u00ab\u00a0un changement de ton\u00a0\u00bb, notamment sur les deux sujets les plus crispants.<\/p>\n<p class=\"paragraph\">D\u2019abord, la nouvelle grille des locales d\u2019Ici, jug\u00e9e trop impos\u00e9e par Paris, et ne laissant pas assez de place aux programmes locaux. Mardi, la directrice du r\u00e9seau, C\u00e9line Pigalle, a envoy\u00e9 un mail aux \u00e9quipes pour rappeler son souhait de \u00ab\u00a0renforcer la place du local sur nos antennes\u00a0\u00bb. Une r\u00e9action trop tardive, ont estim\u00e9 les syndicats, alors que, d\u00e8s le printemps, quarante et une stations avaient sign\u00e9 des lettres ouvertes pour d\u00e9noncer la \u00ab\u00a0verticalit\u00e9\u00a0\u00bb des prises de d\u00e9cision\u2026 D\u2019autant que celles-ci ne semblent pas porter leurs fruits\u00a0: le changement de nom du r\u00e9seau, <a target=\"_blank\" href=\"https:\/\/www.telerama.fr\/radio\/france-bleu-s-appellera-ici-a-compter-du-6-janvier-et-compte-se-reinventer-au-passage-7023205.php\" rel=\"nofollow noopener\">rebaptis\u00e9 Ici le 6\u00a0janvier<\/a>, a engendr\u00e9 \u00ab\u00a0quelques millions d\u2019euros\u00a0\u00bb de d\u00e9penses selon sa directrice, sans avoir l\u2019effet escompt\u00e9 au niveau des audiences. Avec environ deux\u00a0millions d\u2019auditeurs, Ici a m\u00eame \u00e9t\u00e9 concomitamment <a target=\"_blank\" href=\"https:\/\/www.telerama.fr\/radio\/audiences-radio-loin-derriere-france-inter-rtl-repasse-devant-france-info-europe-1-depasse-ici-7025254.php\" rel=\"nofollow noopener\">d\u00e9pass\u00e9 par Europe\u00a01<\/a>.<\/p>\n<p class=\"edito__prefixe\">   \u00c0 lire aussi :   <\/p>\n<p class=\"edito__text-container\">     <a alt=\"Lire aussi\" href=\"https:\/\/www.telerama.fr\/radio\/france-bleu-rebaptise-ici-a-la-locale-de-strasbourg-rien-ne-change-sauf-le-nom-enfin-presque-7023788.php\" class=\"article__title--edito\" rel=\"nofollow noopener\" target=\"_blank\">France Bleu rebaptis\u00e9 Ici\u00a0: \u00e0 la locale de Strasbourg, \u201crien ne change, sauf le nom\u201d\u2026 enfin presque<\/a>  <\/p>\n<p class=\"paragraph\">Mais vendredi matin, les repr\u00e9sentants syndicaux ont d\u00e9chant\u00e9. \u00ab\u00a0D\u00e8s qu\u2019on veut traduire par des mots, \u00e7a devient difficile\u00a0\u00bb, regrette Renaud Dalmar (CFDT). Ouverte \u00e0 l\u2019id\u00e9e de la mise en place rapide d\u2019un processus de dialogue, au terme duquel elle pourrait renoncer \u00e0 sa r\u00e9forme, la direction n\u2019a pas souhait\u00e9 s\u2019engager par \u00e9crit sur ce possible retrait. Ce qui laisse craindre des paroles en l\u2019air. \u00c0 Radio France, il y a \u00ab\u00a0un traumatisme\u00a0\u00bb, assure l\u2019\u00e9lu du personnel\u00a0: \u00ab\u00a0Tout le monde s\u2019est rendu compte que dans ces groupes de concertation, \u00e0 chaque fois, la parole finit par s\u2019\u00e9vaporer.\u00a0\u00bb<\/p>\n<p>                              <a href=\"https:\/\/www.europesays.com\/fr\/wp-content\/uploads\/2025\/08\/2ba30d3_upload-1-g4d3ujt147q4-nkr0250077.jpg\" data-pswp-width=\"\" data-pswp-height=\"\" class=\"media__hd\" target=\"_blank\">      <img decoding=\"async\" loading=\"lazy\" src=\"https:\/\/www.europesays.com\/fr\/wp-content\/uploads\/2025\/08\/2ba30d3_upload-1-g4d3ujt147q4-nkr0250077.jpg\" class=\"media__picture js-media-zoom  media__size--large\" alt=\"La directrice des moyens et des organisations de Radio France a annonc\u00e9 la mise en pause de la r\u00e9forme visant \u00e0 retirer les r\u00e9alisateurs de la captation des concerts.\" title=\"Photo Nicolas Krief\/Divergence\"\/>      <\/p>\n<p class=\"media__legend\"> La directrice des moyens et des organisations de Radio France a annonc\u00e9 la mise en pause de la r\u00e9forme visant \u00e0 retirer les r\u00e9alisateurs de la captation des concerts.  Photo Nicolas Krief\/Divergence  <\/p>\n<p>     <\/a>                          <\/p>\n<p class=\"paragraph\">Pour le deuxi\u00e8me \u00ab\u00a0sujet bloquant\u00a0\u00bb, \u00e0 savoir les modes de production, les discussions semblent un peu moins rugueuses, m\u00eame si, l\u00e0 encore, des engagements \u00e9crits manquent pour le moment \u00e0 l\u2019appel. \u00ab\u00a0Pour la premi\u00e8re fois, ce qui est dit c\u2019est que les choses sont r\u00e9versibles\u00a0\u00bb, a salu\u00e9 Beno\u00eet Gaspard mercredi. Exemple concret\u00a0: la directrice des moyens et des organisations de Radio France, Marie Message, a annonc\u00e9 la mise en pause de la r\u00e9forme visant \u00e0 retirer les r\u00e9alisateurs de la captation des concerts. Quant aux techniciens charg\u00e9s de r\u00e9alisation (TCR, pour remplacer les traditionnels bin\u00f4mes techniciens-r\u00e9alisateurs) et \u00e0 l\u2019absence de technicien sur certaines tranches \u00e0 Fip, la direction s\u2019est dite \u00ab\u00a0pr\u00eate \u00e0 revenir en arri\u00e8re\u00a0\u00bb, l\u00e0 encore si le bilan dress\u00e9 avec les salari\u00e9s n\u2019\u00e9tait pas concluant.<\/p>\n<p>                   Newsletter     Le r\u00e9veil culture  <\/p>\n<p>Votre condens\u00e9 quotidien de l&rsquo;actualit\u00e9 culturelle et nos recommandations du jour.<\/p>\n<p class=\"paragraph\">Mais la liste des revendications des syndicats ne s\u2019arr\u00eate pas l\u00e0. Il faut encore que la direction statue sur le sort d\u2019une \u00ab\u00a0dizaine de salari\u00e9s en CDI\u00a0\u00bb de Mouv\u2019, qui, <a target=\"_blank\" href=\"https:\/\/www.telerama.fr\/radio\/mouv-la-fete-est-finie-regards-dans-le-retro-d-une-aventure-radiophonique-7026274.php\" rel=\"nofollow noopener\">apr\u00e8s la suppression de la fr\u00e9quence FM<\/a> de la cha\u00eene et la transformation de sa grille en 100\u00a0% musicale, \u00ab\u00a0n\u2019ont toujours pas d\u2019affectation\u00a0\u00bb ailleurs \u00e0 Radio France. Une d\u00e9cision qui cr\u00e9e par ailleurs un dangereux pr\u00e9c\u00e9dent, estiment-ils. En ligne de mire, France Musique, qui pourrait elle aussi perdre des fr\u00e9quences FM pour passer sur la radio num\u00e9rique terrestre (DAB +).<\/p>\n<p>                Trop de rediffusions\u00a0?                       <\/p>\n<p class=\"paragraph\">Au cours des assembl\u00e9es g\u00e9n\u00e9rales, chaque jour \u00e0 13\u00a0heures, le sujet des rediffusions \u00e0 l\u2019antenne, de plus en plus nombreuses, est revenu \u00e0 plusieurs reprises. Mardi matin dans sa chronique, Charline Vanhoenacker s\u2019en est d\u2019ailleurs amus\u00e9e\u00a0: \u00ab\u00a0J\u2019ai \u00e9cout\u00e9 les journaux de France Inter cet \u00e9t\u00e9, c\u2019est vraiment le seul programme qui \u00e9tait en direct sur la cha\u00eene\u00a0! Il y avait tellement de rediffusions que j\u2019ai cru qu\u2019on avait d\u00e9j\u00e0 fusionn\u00e9 avec l\u2019INA.\u00a0\u00bb Lors des n\u00e9gociations, la direction s\u2019est engag\u00e9e \u00e0 ne pas baisser les moyens des cha\u00eenes sur la saison 2025-2026. \u00ab\u00a0D\u2019accord, mais la suite\u00a0?\u00a0\u00bb, s\u2019est interrog\u00e9 Beno\u00eet Gaspard.<\/p>\n<p class=\"paragraph\">Restent encore les craintes exprim\u00e9es sur la place de l\u2019investigation \u00e0 l\u2019antenne. La direction ne souhaite pas revenir sur le passage en mensuel de <a target=\"_blank\" href=\"https:\/\/www.telerama.fr\/radio\/a-france-inter-le-passage-en-mensuel-de-l-emission-d-investigation-secrets-d-info-suscite-des-inquietudes-7026326.php\" rel=\"nofollow noopener\">Secrets d\u2019info<\/a>, mais elle s\u2019est engag\u00e9e \u00e0 mettre en place un suivi pour v\u00e9rifier les cons\u00e9quences \u00e9ditoriales de cette d\u00e9cision. De leur c\u00f4t\u00e9, les syndicats mettent en garde sur un d\u00e9saccord s\u00e9mantique persistant, appelant \u00e0 ne pas confondre enqu\u00eate et fact-checking. \u00ab\u00a0Ce p\u00f4le investigation a \u00e9t\u00e9 cr\u00e9\u00e9 justement pour extraire un groupe de journalistes de l\u2019actualit\u00e9, afin qu\u2019ils puissent travailler sur le temps long\u00a0\u00bb, a rappel\u00e9 Lionel Thompson (CGT).<\/p>\n<p class=\"paragraph\">\u00c0 moins de n\u00e9gociations efficaces ce soir ou durant le week-end, les syndicats ne voient pas comment le pr\u00e9avis pourrait, en l\u2019\u00e9tat, \u00eatre lev\u00e9. \u00ab\u00a0La direction exige la confiance, refusant d\u2019entendre que si on est en gr\u00e8ve, c\u2019est que la confiance a \u00e9t\u00e9 rompue\u00a0\u00bb, a martel\u00e9 Beno\u00eet Gaspard vendredi.<\/p>\n<p class=\"edito__prefixe\">   \u00c0 lire aussi :   <\/p>\n<p class=\"edito__text-container\">     <a alt=\"Lire aussi\" href=\"https:\/\/www.telerama.fr\/radio\/anne-sophie-lapix-benjamin-duhamel-nora-hamadi-dix-voix-qui-vont-faire-la-rentree-radio-2025-7027038.php\" class=\"article__title--edito\" rel=\"nofollow noopener\" target=\"_blank\">Anne-Sophie Lapix, Benjamin Duhamel, Nora Hamadi\u2026\u00a0Dix voix qui vont faire la rentr\u00e9e radio 2025<\/a>  <\/p>\n","protected":false},"excerpt":{"rendered":"\u00c0 l\u2019issue d\u2019une premi\u00e8re semaine de gr\u00e8ve, les n\u00e9gociations entre l\u2019intersyndicale et la direction avancent mais se durcissent.&hellip;\n","protected":false},"author":2,"featured_media":352681,"comment_status":"","ping_status":"","sticky":false,"template":"","format":"standard","meta":{"footnotes":""},"categories":[6],"tags":[35,33,34,1011,27],"class_list":{"0":"post-352680","1":"post","2":"type-post","3":"status-publish","4":"format-standard","5":"has-post-thumbnail","7":"category-economie","8":"tag-business","9":"tag-economie","10":"tag-economy","11":"tag-fr","12":"tag-france"},"share_on_mastodon":{"url":"https:\/\/pubeurope.com\/@fr\/115113382709354781","error":""},"_links":{"self":[{"href":"https:\/\/www.europesays.com\/fr\/wp-json\/wp\/v2\/posts\/352680","targetHints":{"allow":["GET"]}}],"collection":[{"href":"https:\/\/www.europesays.com\/fr\/wp-json\/wp\/v2\/posts"}],"about":[{"href":"https:\/\/www.europesays.com\/fr\/wp-json\/wp\/v2\/types\/post"}],"author":[{"embeddable":true,"href":"https:\/\/www.europesays.com\/fr\/wp-json\/wp\/v2\/users\/2"}],"replies":[{"embeddable":true,"href":"https:\/\/www.europesays.com\/fr\/wp-json\/wp\/v2\/comments?post=352680"}],"version-history":[{"count":0,"href":"https:\/\/www.europesays.com\/fr\/wp-json\/wp\/v2\/posts\/352680\/revisions"}],"wp:featuredmedia":[{"embeddable":true,"href":"https:\/\/www.europesays.com\/fr\/wp-json\/wp\/v2\/media\/352681"}],"wp:attachment":[{"href":"https:\/\/www.europesays.com\/fr\/wp-json\/wp\/v2\/media?parent=352680"}],"wp:term":[{"taxonomy":"category","embeddable":true,"href":"https:\/\/www.europesays.com\/fr\/wp-json\/wp\/v2\/categories?post=352680"},{"taxonomy":"post_tag","embeddable":true,"href":"https:\/\/www.europesays.com\/fr\/wp-json\/wp\/v2\/tags?post=352680"}],"curies":[{"name":"wp","href":"https:\/\/api.w.org\/{rel}","templated":true}]}}