{"id":352697,"date":"2025-08-29T18:14:10","date_gmt":"2025-08-29T18:14:10","guid":{"rendered":"https:\/\/www.europesays.com\/fr\/352697\/"},"modified":"2025-08-29T18:14:10","modified_gmt":"2025-08-29T18:14:10","slug":"a-toulon-emmanuel-macron-et-friedrich-merz-scellent-leur-amitie","status":"publish","type":"post","link":"https:\/\/www.europesays.com\/fr\/352697\/","title":{"rendered":"\u00c0 Toulon, Emmanuel Macron et Friedrich Merz scellent leur amiti\u00e9"},"content":{"rendered":"<p>En m\u00eame temps qu\u2019elle laisse peu d\u2019espoir \u00e0 des n\u00e9gociations de paix, l\u2019accumulation de pr\u00e8s de cent mille soldats russes dans une r\u00e9gion frontali\u00e8re de l\u2019<a href=\"https:\/\/www.laprovence.com\/article\/france-monde\/46980312980256\/frappes-russes-en-ukraine-le-bilan-salourdit-a-23-morts-vives-reactions-chez-les-dirigeants-europeens\" target=\"_blank\" rel=\"noopener\">Ukraine<\/a> rend d\u00e9risoire le chaos politique fran\u00e7ais. M\u00eame s\u2019il n\u2019\u00e9lude pas une rentr\u00e9e \u00ab\u00a0pleine de vigueur\u00a0\u00bb, apr\u00e8s l\u2019annonce d\u2019un vote de confiance pour le gouvernement <a href=\"https:\/\/www.laprovence.com\/article\/france-monde\/2754247007961514\/bayrou-poursuit-sa-campagne-au-medef-mais-le-rn-et-la-gauche-considerent-la-page-tournee\" target=\"_blank\" rel=\"noopener\">Bayrou<\/a> le 8\u00a0septembre, Emmanuel Macron garde la gravit\u00e9 de son visage pour l\u2019international. \u00c0 Toulon, l\u00e0 o\u00f9 est amarr\u00e9 le porte-avions nucl\u00e9aire Charles-de-Gaulle, ce vendredi, le pr\u00e9sident de la R\u00e9publique d\u00e9roule donc son agenda acc\u00e9l\u00e9r\u00e9 avec l\u2019Allemagne.<\/p>\n<p>L\u2019arriv\u00e9e de Friedrich Merz, au printemps, a permis de r\u00e9chauffer les relations entre les deux copilotes de l\u2019Europe et de reprendre des chantiers au ralenti.<\/p>\n<p>Accompagn\u00e9s chacun de dix ministres, le Pr\u00e9sident et le chancelier ne se contentent pas de mettre en sc\u00e8ne une <a href=\"https:\/\/www.laprovence.com\/article\/france-monde\/2558494169858614\/macron-et-merz-vont-sceller-le-reset-franco-allemand-a-bregancon\" target=\"_blank\" rel=\"noopener\">amiti\u00e9 retrouv\u00e9e.<\/a> \u00ab\u00a0On a la capacit\u00e9 \u00e0 relever des d\u00e9fis immenses par une intimit\u00e9 plus grande\u00a0\u00bb, souligne Emmanuel Macron, tandis que le chr\u00e9tien-d\u00e9mocrate Friedrich Merz, re\u00e7u jeudi soir au fort de Br\u00e9gan\u00e7on, privil\u00e8ge rare, explique \u00ab\u00a0qu\u2019on a vraiment fait connaissance, c\u2019est la base du climat de confiance.\u00a0\u00bb Au-del\u00e0 des formules, les deux partenaire&#8230;<\/p>\n","protected":false},"excerpt":{"rendered":"En m\u00eame temps qu\u2019elle laisse peu d\u2019espoir \u00e0 des n\u00e9gociations de paix, l\u2019accumulation de pr\u00e8s de cent mille&hellip;\n","protected":false},"author":2,"featured_media":352698,"comment_status":"","ping_status":"","sticky":false,"template":"","format":"standard","meta":{"footnotes":""},"categories":[9619],"tags":[17,1111,11,11513,1777,674,1011,27,18612,3289,11514,18613,12,316,882,25,48927,2310],"class_list":{"0":"post-352697","1":"post","2":"type-post","3":"status-publish","4":"format-standard","5":"has-post-thumbnail","7":"category-toulon","8":"tag-17","9":"tag-actu","10":"tag-actualites","11":"tag-emmanuel","12":"tag-eu","13":"tag-europe","14":"tag-fr","15":"tag-france","16":"tag-friedrich","17":"tag-leur","18":"tag-macron","19":"tag-merz","20":"tag-news","21":"tag-politique","22":"tag-provence-alpes-cote-dazur","23":"tag-republique-francaise","24":"tag-scellent","25":"tag-toulon"},"share_on_mastodon":{"url":"https:\/\/pubeurope.com\/@fr\/115113418033952298","error":""},"_links":{"self":[{"href":"https:\/\/www.europesays.com\/fr\/wp-json\/wp\/v2\/posts\/352697","targetHints":{"allow":["GET"]}}],"collection":[{"href":"https:\/\/www.europesays.com\/fr\/wp-json\/wp\/v2\/posts"}],"about":[{"href":"https:\/\/www.europesays.com\/fr\/wp-json\/wp\/v2\/types\/post"}],"author":[{"embeddable":true,"href":"https:\/\/www.europesays.com\/fr\/wp-json\/wp\/v2\/users\/2"}],"replies":[{"embeddable":true,"href":"https:\/\/www.europesays.com\/fr\/wp-json\/wp\/v2\/comments?post=352697"}],"version-history":[{"count":0,"href":"https:\/\/www.europesays.com\/fr\/wp-json\/wp\/v2\/posts\/352697\/revisions"}],"wp:featuredmedia":[{"embeddable":true,"href":"https:\/\/www.europesays.com\/fr\/wp-json\/wp\/v2\/media\/352698"}],"wp:attachment":[{"href":"https:\/\/www.europesays.com\/fr\/wp-json\/wp\/v2\/media?parent=352697"}],"wp:term":[{"taxonomy":"category","embeddable":true,"href":"https:\/\/www.europesays.com\/fr\/wp-json\/wp\/v2\/categories?post=352697"},{"taxonomy":"post_tag","embeddable":true,"href":"https:\/\/www.europesays.com\/fr\/wp-json\/wp\/v2\/tags?post=352697"}],"curies":[{"name":"wp","href":"https:\/\/api.w.org\/{rel}","templated":true}]}}