{"id":352699,"date":"2025-08-29T18:15:10","date_gmt":"2025-08-29T18:15:10","guid":{"rendered":"https:\/\/www.europesays.com\/fr\/352699\/"},"modified":"2025-08-29T18:15:10","modified_gmt":"2025-08-29T18:15:10","slug":"il-voulait-faire-un-tour-la-viree-en-voiture-volee-sacheve-au-commissariat","status":"publish","type":"post","link":"https:\/\/www.europesays.com\/fr\/352699\/","title":{"rendered":"il voulait \u00ab\u00a0faire un tour\u00a0\u00bb, la vir\u00e9e en voiture vol\u00e9e s\u2019ach\u00e8ve au commissariat"},"content":{"rendered":"<p>            Par<br \/>\n        <strong><br \/>\n            <a href=\"https:\/\/actu.fr\/auteur\/lea-pippinato\" title=\"Consulter tous les articles de L\u00e9a Pippinato\" target=\"_blank\" rel=\"noopener\">L\u00e9a Pippinato<\/a><br \/>\n        <\/strong><\/p>\n<p>        Publi\u00e9 le<\/p>\n<p>            29 ao\u00fbt 2025 \u00e0 18h29        <\/p>\n<p><strong>Ce mercredi 27 ao\u00fbt 2025<\/strong>, un salari\u00e9 d\u2019une soci\u00e9t\u00e9 de <strong>Saint-Jean-de-V\u00e9das<\/strong> se rend au travail avec le v\u00e9hicule de son associ\u00e9. Il le gare sur un parking de <strong>Montpellier<\/strong>. Le moteur reste allum\u00e9, le temps de d\u00e9poser un sac \u00e0 l\u2019int\u00e9rieur des locaux. \u00c0 sa sortie, la voiture n\u2019est plus l\u00e0.<\/p>\n<p>    <a href=\"https:\/\/www.google.com\/maps\/embed?pb=!1m18!1m12!1m3!1d23114.090373704526!2d3.8535167999999995!3d43.6011008!2m3!1f0!2f0!3f0!3m2!1i1024!2i768!4f13.1!3m3!1m2!1s0x12b6b1fd7f73acd3%3A0x4078821166abe30!2s34430%20Saint-Jean-de-V%C3%A9das!5e0!3m2!1sfr!2sfr!4v1756481442979!5m2!1sfr!2sfr\" title=\"Ouvrie le lien\" target=\"_blank\" rel=\"noopener\">Cliquez ici pour visualiser le contenu<\/a><\/p>\n<p class=\" wall-content\">Le conducteur pr\u00e9vient aussit\u00f4t le propri\u00e9taire. Celui-ci rappelle que la voiture est \u00e9quip\u00e9e d\u2019un d<strong>ispositif de g\u00e9olocalisation.<\/strong> Il contacte alors les gendarmes, qui alertent la Bac (brigade anti-criminalit\u00e9). Gr\u00e2ce au suivi en direct, le v\u00e9hicule est localis\u00e9 tr\u00e8s vite dans l\u2019agglom\u00e9ration montpelli\u00e9raine.<\/p>\n<p>Un ancien employ\u00e9 derri\u00e8re le volant<\/p>\n<p class=\" wall-content\">Les policiers d\u00e9couvrent au volant un homme de 27 ans, int\u00e9rimaire domicili\u00e9 \u00e0 Montpellier. Il avait travaill\u00e9 quelques mois dans l\u2019entreprise comme extra. Interpell\u00e9, il affirme n\u2019avoir voulu que \u00ab\u00a0faire un tour en ville\u00a0\u00bb, en promettant de restituer la voiture par la suite. Plac\u00e9 en garde \u00e0 vue, le suspect a \u00e9t\u00e9 renvoy\u00e9 devant la justice. Sa comparution sur reconnaissance pr\u00e9alable de culpabilit\u00e9 (CRPC) est fix\u00e9e <strong>au 27 novembre<\/strong>.<\/p>\n<p class=\" wall-content\">Personnalisez votre actualit\u00e9 en ajoutant vos villes et m\u00e9dias en favori avec <a href=\"https:\/\/moncompte.actu.fr\" title=\"D\u00e9couvez Mon Actu\" rel=\"nofollow noopener\" data-trk=\"{&quot;cta&quot;:{&quot;action&quot;:&quot;https:\\\/\\\/moncompte.actu.fr&quot;,&quot;category&quot;:&quot;mon compte&quot;,&quot;from&quot;:&quot;article footer&quot;,&quot;name&quot;:&quot;Mon actu&quot;,&quot;type&quot;:&quot;cta&quot;}}\" target=\"_blank\">Mon Actu<\/a>.<\/p>\n","protected":false},"excerpt":{"rendered":"Par L\u00e9a Pippinato Publi\u00e9 le 29 ao\u00fbt 2025 \u00e0 18h29 Ce mercredi 27 ao\u00fbt 2025, un salari\u00e9 d\u2019une&hellip;\n","protected":false},"author":2,"featured_media":352700,"comment_status":"","ping_status":"","sticky":false,"template":"","format":"standard","meta":{"footnotes":""},"categories":[9599],"tags":[1111,11,2855,1777,674,118,1011,27,5701,2208,12,2680,1072,25],"class_list":{"0":"post-352699","1":"post","2":"type-post","3":"status-publish","4":"format-standard","5":"has-post-thumbnail","7":"category-montpellier","8":"tag-actu","9":"tag-actualites","10":"tag-entrepreneuriat","11":"tag-eu","12":"tag-europe","13":"tag-faits-divers","14":"tag-fr","15":"tag-france","16":"tag-innovation","17":"tag-montpellier","18":"tag-news","19":"tag-occitanie","20":"tag-police","21":"tag-republique-francaise"},"share_on_mastodon":{"url":"https:\/\/pubeurope.com\/@fr\/115113422188751140","error":""},"_links":{"self":[{"href":"https:\/\/www.europesays.com\/fr\/wp-json\/wp\/v2\/posts\/352699","targetHints":{"allow":["GET"]}}],"collection":[{"href":"https:\/\/www.europesays.com\/fr\/wp-json\/wp\/v2\/posts"}],"about":[{"href":"https:\/\/www.europesays.com\/fr\/wp-json\/wp\/v2\/types\/post"}],"author":[{"embeddable":true,"href":"https:\/\/www.europesays.com\/fr\/wp-json\/wp\/v2\/users\/2"}],"replies":[{"embeddable":true,"href":"https:\/\/www.europesays.com\/fr\/wp-json\/wp\/v2\/comments?post=352699"}],"version-history":[{"count":0,"href":"https:\/\/www.europesays.com\/fr\/wp-json\/wp\/v2\/posts\/352699\/revisions"}],"wp:featuredmedia":[{"embeddable":true,"href":"https:\/\/www.europesays.com\/fr\/wp-json\/wp\/v2\/media\/352700"}],"wp:attachment":[{"href":"https:\/\/www.europesays.com\/fr\/wp-json\/wp\/v2\/media?parent=352699"}],"wp:term":[{"taxonomy":"category","embeddable":true,"href":"https:\/\/www.europesays.com\/fr\/wp-json\/wp\/v2\/categories?post=352699"},{"taxonomy":"post_tag","embeddable":true,"href":"https:\/\/www.europesays.com\/fr\/wp-json\/wp\/v2\/tags?post=352699"}],"curies":[{"name":"wp","href":"https:\/\/api.w.org\/{rel}","templated":true}]}}