{"id":352701,"date":"2025-08-29T18:16:18","date_gmt":"2025-08-29T18:16:18","guid":{"rendered":"https:\/\/www.europesays.com\/fr\/352701\/"},"modified":"2025-08-29T18:16:18","modified_gmt":"2025-08-29T18:16:18","slug":"match-nul-face-a-montpellier","status":"publish","type":"post","link":"https:\/\/www.europesays.com\/fr\/352701\/","title":{"rendered":"Match nul face \u00e0 Montpellier !"},"content":{"rendered":"<p data-start=\"376\" data-end=\"540\"><strong data-start=\"376\" data-end=\"538\">Apr\u00e8s leur victoire face \u00e0 Dijon (1-0) et un nouveau test contre Thonon (1-1), <a href=\"https:\/\/peuple-vert.fr\/feminines\/joseph-bilan-prepa-asse\/\" rel=\"nofollow noopener\" target=\"_blank\">les Vertes poursuivent leur pr\u00e9paration estivale<\/a> avec la r\u00e9ception de Montpellier ce jour. Il s&rsquo;agit de la derni\u00e8re r\u00e9p\u00e9tition avant la reprise du <a href=\"https:\/\/www.fff.fr\/article\/15060-le-calendrier-de-la-saison-2025-2026.html\" target=\"_blank\" rel=\"noopener nofollow\">championnat d&rsquo;Arkema Premi\u00e8re Ligue le 06 septembre prochain.<\/a><\/strong><\/p>\n<p data-start=\"578\" data-end=\"910\">Apr\u00e8s le succ\u00e8s face \u00e0 Dijon (1-0) en milieu de semaine, les St\u00e9phanoises retrouvaient Thonon pour un nouveau match amical. Les joueuses locales frappaient d\u2019entr\u00e9e en ouvrant le score d\u00e8s la 6\u1d49 minute. L\u2019ASSE r\u00e9agissait avec une belle action collective initi\u00e9e par Bien-Aim\u00e9, Connesson, Cambot et Johnson, sans trouver la faille.<\/p>\n<p data-start=\"912\" data-end=\"1247\">S\u00e9bastien Joseph proc\u00e9dait alors \u00e0 une s\u00e9rie de changements. Entr\u00e9e remarqu\u00e9e de Rachel Corboz, dont une frappe heurtait la barre avant qu\u2019elle n\u2019\u00e9galise directement sur corner \u00e0 l\u2019heure de jeu. Malgr\u00e9 plusieurs opportunit\u00e9s et un coaching tournant, les Vertes ne parvenaient pas \u00e0 inverser totalement la tendance. Score final : 1-1.<\/p>\n<p data-start=\"1249\" data-end=\"1449\">Un r\u00e9sultat qui confirme la solidit\u00e9 d\u00e9fensive et la volont\u00e9 de rotation du coach, tout en rappelant que la finition reste un axe de progression \u00e0 quelques jours du d\u00e9but de l\u2019Arkema Premi\u00e8re Ligue. pour r\u00e9gler la mire, les Vertes se frottaient \u00e0 l&rsquo;une des plus grosses \u00e9quipe du championnat, Montpellier !<\/p>\n<p>Un test important pour l&rsquo;ASSE contre Montpellier<\/p>\n<blockquote class=\"twitter-tweet\" data-media-max-width=\"560\">\n<p dir=\"ltr\" lang=\"fr\">Le XI de d\u00e9part des Vertes pour ce dernier match de pr\u00e9paration face au <a href=\"https:\/\/twitter.com\/MontpellierHSC?ref_src=twsrc%5Etfw\" rel=\"nofollow noopener\" target=\"_blank\">@MontpellierHSC<\/a> ! \ud83d\udc4a\ud83d\udc9a <a href=\"https:\/\/t.co\/yQ8dqeFakq\" rel=\"nofollow\">pic.twitter.com\/yQ8dqeFakq<\/a><\/p>\n<p>\u2014 ASSE F\u00e9minines \ud83d\udc78 (@ASSEFeminines) <a href=\"https:\/\/twitter.com\/ASSEFeminines\/status\/1961422333673181663?ref_src=twsrc%5Etfw\" rel=\"nofollow noopener\" target=\"_blank\">August 29, 2025<\/a><\/p>\n<\/blockquote>\n<p data-start=\"313\" data-end=\"698\">Les Vertes r\u00e9alisent une belle entame de match et se montrent tr\u00e8s actives durant le premier quart d&rsquo;heure. Sofie Hornemann multiplie les perc\u00e9es sur son c\u00f4t\u00e9, mettant \u00e0 mal la d\u00e9fense montpelli\u00e9raine. Mais les H\u00e9raultaises ne comptent pas se laisser dominer. \u00c0 la 18e minute, premi\u00e8re alerte pour Alice Pinguet : une frappe adverse passe toutefois largement \u00e0 c\u00f4t\u00e9 du but st\u00e9phanois.<\/p>\n<p data-start=\"700\" data-end=\"959\">Les St\u00e9phanoises poursuivent leurs efforts. Hornemann tente sa chance \u00e0 plusieurs reprises, mais la gardienne de Montpellier est toujours sur la trajectoire. \u00c0 la pause, aucune des deux \u00e9quipes n\u2019est parvenue \u00e0 faire la diff\u00e9rence. Le score reste vierge, 0-0.<\/p>\n<p data-start=\"1008\" data-end=\"1388\">D\u00e8s la 54e minute, les visiteuses profitent d\u2019une erreur d\u00e9fensive. Chlo\u00e9 Tapia perd un ballon \u00e0 proximit\u00e9 de sa surface. L&rsquo;attaquante montpelli\u00e9raine ne se fait pas prier et lobe parfaitement Alice Pinguet pour ouvrir le score (0-1). Quelques minutes plus tard, Montpellier manque de peu le break, mais la gardienne st\u00e9phanoise reste vigilante et remporte un face-\u00e0-face d\u00e9cisif.<\/p>\n<p data-start=\"1390\" data-end=\"1639\">S\u00e9bastien Joseph proc\u00e8de alors \u00e0 plusieurs changements : Laura Hermann et Nikolina Istocki font leur entr\u00e9e en jeu. Malgr\u00e9 ces ajustements, Montpellier continue de se montrer dangereux. Alice Pinguet sauve encore son \u00e9quipe avec une nouvelle parade.<\/p>\n<p data-start=\"1673\" data-end=\"1922\">Les St\u00e9phanoises n\u2019abandonnent pas. \u00c0 la 76e minute, leur abn\u00e9gation est r\u00e9compens\u00e9e. Laura Hermann d\u00e9livre une passe millim\u00e9tr\u00e9e \u00e0 Sofie Hornemann, qui ajuste parfaitement sa frappe pour tromper la gardienne adverse. L\u2019ASSE revient \u00e0 hauteur, 1-1 ! La fin de match est un peu \u00ab\u00a0folle\u00a0\u00bb et d\u00e9sorganis\u00e9e. On sent que chacune des deux \u00e9quipes peu parvenir \u00e0 faire la diff\u00e9rence. Le match se conclut apr\u00e8s une derni\u00e8re tentative d&rsquo;Ali Nadjim.<\/p>\n<p data-start=\"1924\" data-end=\"2138\">Ce score ne bougera plus jusqu\u2019au coup de sifflet final. Un nul prometteur pour les Vertes avant le d\u00e9but du championnat. Elles se rendront sur la pelouse du FC Nantes la semaine prochaine pour la premi\u00e8re journ\u00e9e.<\/p>\n<p>Le calendrier de la pr\u00e9paration de l\u2019ASSE<\/p>\n<ul data-start=\"1597\" data-end=\"1856\">\n<li data-start=\"1597\" data-end=\"1624\">\n<p data-start=\"1599\" data-end=\"1624\">\u2705 Servette \u2013 ASSE : 0-2<\/p>\n<\/li>\n<li data-start=\"1625\" data-end=\"1658\">\n<p data-start=\"1627\" data-end=\"1658\">\u2705 Standard Li\u00e8ge \u2013 ASSE : 1-1<\/p>\n<\/li>\n<li data-start=\"1659\" data-end=\"1683\">\n<p data-start=\"1661\" data-end=\"1683\">\u2705 ASSE \u2013 Dijon : 1-0<\/p>\n<\/li>\n<li data-start=\"1684\" data-end=\"1709\">\n<p data-start=\"1686\" data-end=\"1709\">\u2705 Thonon \u2013 ASSE : 1-1<\/p>\n<\/li>\n<li data-start=\"1710\" data-end=\"1772\">\n<p data-start=\"1712\" data-end=\"1772\">\u2705 Vendredi 29 ao\u00fbt : ASSE \u2013 Montpellier 1-1<\/p>\n<\/li>\n<li data-start=\"1773\" data-end=\"1856\">\n<p data-start=\"1775\" data-end=\"1856\">\ud83d\udd1c Samedi 6 septembre, 17h : FC Nantes \u2013 ASSE (1\u00e8re journ\u00e9e d\u2019Arkema Premi\u00e8re Ligue)<\/p>\n<\/li>\n<\/ul>\n<p>\t\t\t\t\t\t\t\t\t\t\t\t\t\t\t\t\t<script async src=\"https:\/\/platform.twitter.com\/widgets.js\" charset=\"utf-8\"><\/script><\/p>\n","protected":false},"excerpt":{"rendered":"Apr\u00e8s leur victoire face \u00e0 Dijon (1-0) et un nouveau test contre Thonon (1-1), les Vertes poursuivent leur&hellip;\n","protected":false},"author":2,"featured_media":352702,"comment_status":"","ping_status":"","sticky":false,"template":"","format":"standard","meta":{"footnotes":""},"categories":[9599],"tags":[1111,11,1777,674,1011,27,2208,12,2680,25],"class_list":{"0":"post-352701","1":"post","2":"type-post","3":"status-publish","4":"format-standard","5":"has-post-thumbnail","7":"category-montpellier","8":"tag-actu","9":"tag-actualites","10":"tag-eu","11":"tag-europe","12":"tag-fr","13":"tag-france","14":"tag-montpellier","15":"tag-news","16":"tag-occitanie","17":"tag-republique-francaise"},"share_on_mastodon":{"url":"https:\/\/pubeurope.com\/@fr\/115113425982104882","error":""},"_links":{"self":[{"href":"https:\/\/www.europesays.com\/fr\/wp-json\/wp\/v2\/posts\/352701","targetHints":{"allow":["GET"]}}],"collection":[{"href":"https:\/\/www.europesays.com\/fr\/wp-json\/wp\/v2\/posts"}],"about":[{"href":"https:\/\/www.europesays.com\/fr\/wp-json\/wp\/v2\/types\/post"}],"author":[{"embeddable":true,"href":"https:\/\/www.europesays.com\/fr\/wp-json\/wp\/v2\/users\/2"}],"replies":[{"embeddable":true,"href":"https:\/\/www.europesays.com\/fr\/wp-json\/wp\/v2\/comments?post=352701"}],"version-history":[{"count":0,"href":"https:\/\/www.europesays.com\/fr\/wp-json\/wp\/v2\/posts\/352701\/revisions"}],"wp:featuredmedia":[{"embeddable":true,"href":"https:\/\/www.europesays.com\/fr\/wp-json\/wp\/v2\/media\/352702"}],"wp:attachment":[{"href":"https:\/\/www.europesays.com\/fr\/wp-json\/wp\/v2\/media?parent=352701"}],"wp:term":[{"taxonomy":"category","embeddable":true,"href":"https:\/\/www.europesays.com\/fr\/wp-json\/wp\/v2\/categories?post=352701"},{"taxonomy":"post_tag","embeddable":true,"href":"https:\/\/www.europesays.com\/fr\/wp-json\/wp\/v2\/tags?post=352701"}],"curies":[{"name":"wp","href":"https:\/\/api.w.org\/{rel}","templated":true}]}}