{"id":352703,"date":"2025-08-29T18:17:10","date_gmt":"2025-08-29T18:17:10","guid":{"rendered":"https:\/\/www.europesays.com\/fr\/352703\/"},"modified":"2025-08-29T18:17:10","modified_gmt":"2025-08-29T18:17:10","slug":"pres-de-rouen-on-vous-explique-pourquoi-la-piscine-du-plateau-est-ferme-deja-ses-portes","status":"publish","type":"post","link":"https:\/\/www.europesays.com\/fr\/352703\/","title":{"rendered":"Pr\u00e8s de Rouen, on vous explique pourquoi la piscine du plateau Est ferme d\u00e9j\u00e0 ses portes"},"content":{"rendered":"<p>            Par<br \/>\n        <strong><br \/>\n            <a href=\"https:\/\/actu.fr\/auteur\/laredaction\" title=\"Consulter tous les articles de R\u00e9daction Normandie\" target=\"_blank\" rel=\"noopener\">R\u00e9daction Normandie<\/a><br \/>\n        <\/strong><\/p>\n<p>        Publi\u00e9 le<\/p>\n<p>            29 ao\u00fbt 2025 \u00e0 19h31        <\/p>\n<p>La piscine du plateau Est, \u00e0 <a href=\"https:\/\/actu.fr\/normandie\/belbeuf_76069\" target=\"_blank\" rel=\"noopener\">Belbeuf (Seine-Maritime)<\/a>, ferme d\u00e9j\u00e0 quelques jours apr\u00e8s son ouverture officielle. Et plus pr\u00e9cis\u00e9ment, elle va fermer du 1\u1d49\u02b3 au 12 septembre, mais les journ\u00e9es portes ouvertes du 5 au 7 septembre devraient \u00eatre maintenues.<\/p>\n<p class=\" wall-content\">M\u00eame si officiellement, c\u2019est <strong>pour former le personnel<\/strong> recrut\u00e9 en CDI, la fermeture du <a href=\"https:\/\/actu.fr\/normandie\/belbeuf_76069\/en-images-decouvrez-la-piscine-du-plateau-est-de-rouen-avant-son-ouverture_62985976.html\" target=\"_blank\" rel=\"noopener\">centre aqualudique du plateau Est O\u2019Cape<\/a>, interroge\u2026 notamment apr\u00e8s <strong>quelques remarques de nageurs<\/strong> qui \u00e9voquent des petits probl\u00e8mes de fonctionnement. Il faut que tout se rode finalement.<\/p>\n<p class=\" wall-content\">Ouverture de l\u2019espace bien-\u00eatre, le 13 septembre<\/p>\n<p class=\" wall-content\">Quoi qu\u2019il en soit, apr\u00e8s cette tr\u00eave de douze jours, tout devrait \u00eatre parfaitement en marche, le 13 septembre, pour l\u2019ouverture de l\u2019espace bien-\u00eatre, jusque-l\u00e0 inaccessible. La direction assure par ailleurs que les journ\u00e9es portes ouvertes pr\u00e9vues du 5 au 7 septembre auront bien lieu. Mais on ignore, en revanche, si l\u2019inauguration du 10 septembre est maintenue. \u00c0 suivre.<\/p>\n<p>O\u2019Cape, 1331 route de Franqueville, \u00e0 Belbeuf. Ouverture sur r\u00e9servation les vendredi 5 et samedi 6 septembre, de 10 h \u00e0 18 h, et le dimanche 7\u00a0septembre, de 10 h \u00e0 17 h.<\/p>\n<p class=\" wall-content\">Personnalisez votre actualit\u00e9 en ajoutant vos villes et m\u00e9dias en favori avec <a href=\"https:\/\/moncompte.actu.fr\" title=\"D\u00e9couvez Mon Actu\" rel=\"nofollow noopener\" data-trk=\"{&quot;cta&quot;:{&quot;action&quot;:&quot;https:\\\/\\\/moncompte.actu.fr&quot;,&quot;category&quot;:&quot;mon compte&quot;,&quot;from&quot;:&quot;article footer&quot;,&quot;name&quot;:&quot;Mon actu&quot;,&quot;type&quot;:&quot;cta&quot;}}\" target=\"_blank\">Mon Actu<\/a>.<\/p>\n","protected":false},"excerpt":{"rendered":"Par R\u00e9daction Normandie Publi\u00e9 le 29 ao\u00fbt 2025 \u00e0 19h31 La piscine du plateau Est, \u00e0 Belbeuf (Seine-Maritime),&hellip;\n","protected":false},"author":2,"featured_media":352704,"comment_status":"","ping_status":"","sticky":false,"template":"","format":"standard","meta":{"footnotes":""},"categories":[9587],"tags":[1111,11,1777,674,1011,27,12,5161,31081,25,9590,104],"class_list":{"0":"post-352703","1":"post","2":"type-post","3":"status-publish","4":"format-standard","5":"has-post-thumbnail","7":"category-rouen","8":"tag-actu","9":"tag-actualites","10":"tag-eu","11":"tag-europe","12":"tag-fr","13":"tag-france","14":"tag-news","15":"tag-normandie","16":"tag-plateau-est-rouen","17":"tag-republique-francaise","18":"tag-rouen","19":"tag-societe"},"share_on_mastodon":{"url":"https:\/\/pubeurope.com\/@fr\/115113429761939142","error":""},"_links":{"self":[{"href":"https:\/\/www.europesays.com\/fr\/wp-json\/wp\/v2\/posts\/352703","targetHints":{"allow":["GET"]}}],"collection":[{"href":"https:\/\/www.europesays.com\/fr\/wp-json\/wp\/v2\/posts"}],"about":[{"href":"https:\/\/www.europesays.com\/fr\/wp-json\/wp\/v2\/types\/post"}],"author":[{"embeddable":true,"href":"https:\/\/www.europesays.com\/fr\/wp-json\/wp\/v2\/users\/2"}],"replies":[{"embeddable":true,"href":"https:\/\/www.europesays.com\/fr\/wp-json\/wp\/v2\/comments?post=352703"}],"version-history":[{"count":0,"href":"https:\/\/www.europesays.com\/fr\/wp-json\/wp\/v2\/posts\/352703\/revisions"}],"wp:featuredmedia":[{"embeddable":true,"href":"https:\/\/www.europesays.com\/fr\/wp-json\/wp\/v2\/media\/352704"}],"wp:attachment":[{"href":"https:\/\/www.europesays.com\/fr\/wp-json\/wp\/v2\/media?parent=352703"}],"wp:term":[{"taxonomy":"category","embeddable":true,"href":"https:\/\/www.europesays.com\/fr\/wp-json\/wp\/v2\/categories?post=352703"},{"taxonomy":"post_tag","embeddable":true,"href":"https:\/\/www.europesays.com\/fr\/wp-json\/wp\/v2\/tags?post=352703"}],"curies":[{"name":"wp","href":"https:\/\/api.w.org\/{rel}","templated":true}]}}