{"id":352707,"date":"2025-08-29T18:21:16","date_gmt":"2025-08-29T18:21:16","guid":{"rendered":"https:\/\/www.europesays.com\/fr\/352707\/"},"modified":"2025-08-29T18:21:16","modified_gmt":"2025-08-29T18:21:16","slug":"sports-sur-fifa-mister-v-prend-toujours-grenoble-pour-leur-faire-gagner-la-ligue-des-champions","status":"publish","type":"post","link":"https:\/\/www.europesays.com\/fr\/352707\/","title":{"rendered":"Sports. Sur Fifa, Mister V prend toujours Grenoble \u00ab\u00a0pour leur faire gagner la Ligue des champions\u00a0\u00bb"},"content":{"rendered":"<p>Avec ses 4,8 millions d&rsquo;abonn\u00e9s sur Instagram ou ses 6,4 millions de followers sur YouTube, il est l&rsquo;un des Is\u00e9rois les plus en vue sur les r\u00e9seaux sociaux.\u00a0\u00a0<\/p>\n<p>Yvick Letexier, alias <a href=\"https:\/\/www.ledauphine.com\/p\/mister-v\" target=\"_blank\" rel=\"nofollow noopener\">Mister V<\/a>, n&rsquo;est plus \u00e0 pr\u00e9senter. Youtubeur, humoriste, com\u00e9dien, entrepreneur&#8230; Son histoire, on l&rsquo;a entendue mille fois&#8230; mais on ne savait pas tout. Dans un long entretien pour\u00a0<a href=\"https:\/\/www.lequipe.fr\/Tous-sports\/Article\/Grand-recit--tony-parker-me-prendrait-pour-un-tare-la-star-d-internet-mister-v-cree-sa-ligue-de-basket-sur-twitch\/1588163\" target=\"_blank\" rel=\"nofollow noopener\">nos confr\u00e8res de L&rsquo;\u00c9quipe\u00a0Mag<\/a>, celui qui a grandi pas tr\u00e8s loin du si\u00e8ge de notre journal, \u00e0 Veurey-Voroize,\u00a0\u00e9voque notamment ses deux sports pr\u00e9f\u00e9r\u00e9s, le basket et le football.<\/p>\n<p>Ce coach qui l&rsquo;a d\u00e9go\u00fbt\u00e9&#8230;<\/p>\n<p>\u00ab\u00a0Ma premi\u00e8re rencontre avec le basket, c&rsquo;est\u00a0Space Jam,\u00a0un film d&rsquo;animation avec Michael Jordan et les Looney Tunes.\u00a0Apr\u00e8s \u00e7a, j&rsquo;en suis vraiment tomb\u00e9 amoureux gr\u00e2ce \u00e0 mon grand fr\u00e8re, qui avait demand\u00e9 le jeu vid\u00e9o\u00a0NBA Live 2003\u00a0\u00e0 No\u00ebl. On a fini par installer un panier dans le jardin. On faisait des un-contre-un endiabl\u00e9s du matin au soir. Je n&rsquo;arrivais pas \u00e0 le battre parce qu&rsquo;il \u00e9tait plus grand que moi. J&rsquo;ai grandi, puis j&rsquo;ai commenc\u00e9 \u00e0 gagner&#8230;\u00a0\u00bb.<\/p>\n<p>La suite se passe en club. \u00ab\u00a0J&rsquo;ai jou\u00e9 en \u00c9lite R\u00e9gion en cadets, j&rsquo;avais quasiment le niveau Cadet France. Je r\u00eavais de devenir pro, mais je n&rsquo;aurais pas tenu sur le long terme (&#8230;) Et puis, j&rsquo;ai eu un coach qui m&rsquo;a d\u00e9go\u00fbt\u00e9\u00a0(&#8230;)\u00a0Il \u00e9tait dur parce qu&rsquo;il croyait en moi, mais je n&rsquo;avais pas le mental pour encaisser une pression pareille (&#8230;) Avec le recul, je ne peux pas lui en vouloir. Je vais m\u00eame le remercier, c&rsquo;est lui qui m&rsquo;a pouss\u00e9 \u00e0 me mettre \u00e0 fond dans mes vid\u00e9os.\u00a0\u00bb\u00a0<\/p>\n<p>Quant au football, c&rsquo;est aussi une passion qui remonte \u00e0 loin, \u00e0 l&rsquo;Is\u00e8re, et \u00e0 une vid\u00e9o datant de 2010. \u00ab\u00a0J&rsquo;\u00e9tais pass\u00e9 dans T\u00e9l\u00e9foot \u00e0 l&rsquo;\u00e9poque. Et chez Morandini, mais \u00e7a, t&rsquo;es pas oblig\u00e9 de le mettre\u00a0(Rires.) Je l&rsquo;ai tourn\u00e9e devant le Stade des Alpes ! C&rsquo;\u00e9tait ma fa\u00e7on d&rsquo;essayer de mettre Grenoble sur la carte&#8230;\u00a0\u00bb<\/p>\n<p>\u00ab\u00a0Le GF38, mon club de coeur\u00a0\u00bb<\/p>\n<p>Quatorze ans plus tard, Mister V devenait sponsor maillot du GF38, avec sa marque de pizzas, les\u00a0pizzas Delamama. \u00ab\u00a0Un r\u00eave de gosse&#8230; Pouvoir entrer dans le stade, le traverser, \u00eatre au milieu du terrain pour pr\u00e9senter les maillots&#8230; Symboliquement, c&rsquo;\u00e9tait fort. J&rsquo;ai rencontr\u00e9 les joueurs, le staff. Le kiff ! Quand j&rsquo;\u00e9tais petit, je voyais Nassim Akrour, Sergio Rojas, Robert Malm, je ne pouvais pas les approcher. Maintenant, je peux presque entrer dans le vestiaire pour saluer les joueurs ! Chaque saison, je me bute \u00e0 Fifa (le jeu vid\u00e9o) avec Grenoble pour leur faire gagner la Ligue des champions. Maintenant, j&rsquo;ai l&rsquo;impression de faire partie du club. Je ne serai plus sur les maillots la saison prochaine, mais on continuera \u00e0 collaborer. \u00c7a reste <a href=\"https:\/\/www.ledauphine.com\/sport\/2025\/06\/07\/le-reve-c-est-la-ligue-1-dans-une-video-yotube-mister-v-replonge-dans-l-univers-du-gf38\" target=\"_blank\" rel=\"nofollow noopener\">mon club de coeur<\/a> \u00bb.<\/p>\n<p class=\"note\">Pour lire l&rsquo;entretien dans son int\u00e9gralit\u00e9, <a href=\"https:\/\/www.lequipe.fr\/Tous-sports\/Article\/Grand-recit--tony-parker-me-prendrait-pour-un-tare-la-star-d-internet-mister-v-cree-sa-ligue-de-basket-sur-twitch\/1588163\" target=\"_blank\" rel=\"nofollow noopener\">c&rsquo;est par ici\u00a0<\/a><\/p>\n","protected":false},"excerpt":{"rendered":"Avec ses 4,8 millions d&rsquo;abonn\u00e9s sur Instagram ou ses 6,4 millions de followers sur YouTube, il est l&rsquo;un&hellip;\n","protected":false},"author":2,"featured_media":352708,"comment_status":"","ping_status":"","sticky":false,"template":"","format":"standard","meta":{"footnotes":""},"categories":[9566],"tags":[1111,11,2430,1791,650,1687,112,1777,674,107,1011,27,12637,2731,108,12,25,273,104,517,2205,16262],"class_list":{"0":"post-352707","1":"post","2":"type-post","3":"status-publish","4":"format-standard","5":"has-post-thumbnail","7":"category-grenoble","8":"tag-actu","9":"tag-actualites","10":"tag-auvergne-rhone-alpes","11":"tag-basket-ball","12":"tag-cinema","13":"tag-culture-loisirs","14":"tag-edition-grenoble-agglomeration","15":"tag-eu","16":"tag-europe","17":"tag-fil-info","18":"tag-fr","19":"tag-france","20":"tag-gf38-grenoble-foot-38","21":"tag-grenoble","22":"tag-isere","23":"tag-news","24":"tag-republique-francaise","25":"tag-selection-de-la-redaction","26":"tag-societe","27":"tag-sport","28":"tag-television-medias","29":"tag-veurey-voroize"},"share_on_mastodon":{"url":"https:\/\/pubeurope.com\/@fr\/115113445435775314","error":""},"_links":{"self":[{"href":"https:\/\/www.europesays.com\/fr\/wp-json\/wp\/v2\/posts\/352707","targetHints":{"allow":["GET"]}}],"collection":[{"href":"https:\/\/www.europesays.com\/fr\/wp-json\/wp\/v2\/posts"}],"about":[{"href":"https:\/\/www.europesays.com\/fr\/wp-json\/wp\/v2\/types\/post"}],"author":[{"embeddable":true,"href":"https:\/\/www.europesays.com\/fr\/wp-json\/wp\/v2\/users\/2"}],"replies":[{"embeddable":true,"href":"https:\/\/www.europesays.com\/fr\/wp-json\/wp\/v2\/comments?post=352707"}],"version-history":[{"count":0,"href":"https:\/\/www.europesays.com\/fr\/wp-json\/wp\/v2\/posts\/352707\/revisions"}],"wp:featuredmedia":[{"embeddable":true,"href":"https:\/\/www.europesays.com\/fr\/wp-json\/wp\/v2\/media\/352708"}],"wp:attachment":[{"href":"https:\/\/www.europesays.com\/fr\/wp-json\/wp\/v2\/media?parent=352707"}],"wp:term":[{"taxonomy":"category","embeddable":true,"href":"https:\/\/www.europesays.com\/fr\/wp-json\/wp\/v2\/categories?post=352707"},{"taxonomy":"post_tag","embeddable":true,"href":"https:\/\/www.europesays.com\/fr\/wp-json\/wp\/v2\/tags?post=352707"}],"curies":[{"name":"wp","href":"https:\/\/api.w.org\/{rel}","templated":true}]}}