{"id":352709,"date":"2025-08-29T18:24:09","date_gmt":"2025-08-29T18:24:09","guid":{"rendered":"https:\/\/www.europesays.com\/fr\/352709\/"},"modified":"2025-08-29T18:24:09","modified_gmt":"2025-08-29T18:24:09","slug":"a-deux-jours-de-sa-fermeture-definitive-ils-sopposent-toujours-a-sa-demolition","status":"publish","type":"post","link":"https:\/\/www.europesays.com\/fr\/352709\/","title":{"rendered":"\u00e0 deux jours de sa fermeture d\u00e9finitive, ils s&rsquo;opposent toujours \u00e0 sa d\u00e9molition"},"content":{"rendered":"<p>            Par<br \/>\n        <strong><br \/>\n            <a href=\"https:\/\/actu.fr\/auteur\/brian-legoff\" title=\"Consulter tous les articles de Brian Le Goff\" target=\"_blank\" rel=\"noopener\">Brian Le Goff<\/a><br \/>\n        <\/strong><\/p>\n<p>        Publi\u00e9 le<\/p>\n<p>            29 ao\u00fbt 2025 \u00e0 19h07        <\/p>\n<p>Ils <strong>croient en une autre issue,<\/strong> pour le <a href=\"https:\/\/actu.fr\/bretagne\/rennes_35238\/suppression-du-parking-vilaine-a-rennes-voici-a-partir-de-quand-il-ne-sera-plus-possible-d-y-stationner_62737310.html\" target=\"_blank\" rel=\"noopener\">parking Vilaine<\/a>. Vendredi 29\u00a0ao\u00fbt, <strong>\u00e0 l\u2019appel de Patrick Guimault,<\/strong> qui se qualifie de \u00ab\u2009simple citoyen\u2009\u00bb, une quinzaine d\u2019habitants ont manifest\u00e9 leur opposition \u00e0 la destruction du parking Vilaine, dont la<strong> fermeture d\u00e9finitive a lieu dimanche 31\u00a0ao\u00fbt<\/strong> en soir\u00e9e.<\/p>\n<p class=\" wall-content\"><strong>\u00ab\u2009Ce combat, ce n\u2019est pas le mien.<\/strong> J\u2019habite \u00e0 300\u00a0m\u00e8tres et je ne me gare pas sur le parking. Je suis Rennais certes,<strong> mais il ne faut pas \u00eatre \u00e9go\u00efste<\/strong> et penser \u00e0 toutes ces <strong>personnes<\/strong> qui viennent <strong>de villes rurales,<\/strong> parfois lointaines, en centre-ville et qui ont besoin de se stationner avec facilit\u00e9. Tout comme il faut<strong> penser aux personnes en situation de handicap et aux personnes \u00e2g\u00e9es\u2009\u00bb<\/strong>, d\u00e9veloppe rapidement Patrick Guimault.<\/p>\n<blockquote class=\"ac-article-quote wall-content\">\n<p>On dit que l&rsquo;on veut red\u00e9couvrir la Vilaine, mais c&rsquo;est compl\u00e8tement idiot. Le fleuve est encaiss\u00e9 \u00e0 5,60 m. On n&rsquo;arrivera pas \u00e0 la rendre int\u00e9ressante comme \u00e7a.<\/p>\n<p>    <strong>Patrick Guimault<\/strong>\n            <\/p><\/blockquote>\n<p class=\" wall-content\">De m\u00eame, ce citoyen <strong>s\u2019interroge sur le r\u00e9el co\u00fbt des travaux,<\/strong> estim\u00e9 \u00e0 30\u00a0millions d\u2019euros. \u00ab\u2009Mais qui nous dit que ce ne sera pas 31, 32 ou 33 car, pour l\u2019heure, seul l\u2019appel d\u2019offres, d\u2019une valeur de trois millions d\u2019euros, pour la destruction pour parking a \u00e9t\u00e9 pass\u00e9, pas pour le reste des am\u00e9nagements et <a href=\"https:\/\/actu.fr\/bretagne\/rennes_35238\/passerelle-pontons-jardins-flottants-le-nouveau-visage-de-rennes-sans-le-parking-vilaine-se-precise_61945770.html\" target=\"_blank\" rel=\"noopener\">la requalification de la place de la R\u00e9publique<\/a>.\u2009\u00bb<\/p>\n<p class=\" wall-content\">D\u2019autres questions lui trottent \u00e9galement dans la t\u00eate\u2009: \u00ab\u2009Y aura-t-il une v\u00e9ritable accessibilit\u00e9 des pontons aux PMR (personnes \u00e0 mobilit\u00e9 r\u00e9duite)\u2009? Une fermeture de ces m\u00eames pontons la nuit sera-t-elle envisag\u00e9e afin d\u2019\u00e9viter les tags sur les murs encadrant la Vilaine\u2009? Et quid des chauves-souris\u2009?\u2009\u00bb, ajoute-t-il.<\/p>\n<p>\u00ab\u2009Il y a des recours possibles\u2009\u00bb<\/p>\n<p class=\" wall-content\">L\u2019homme <strong>veut croire que \u00e7a n\u2019est pas trop tard.<\/strong> \u00ab\u2009On a des gens qui viennent parler avec nous et <strong>on s\u2019aper\u00e7oit qu\u2019il y a des recours possibles.\u2009\u00bb<\/strong> Lui ne souhaite pas s\u2019engager dans de telles proc\u00e9dures.<\/p>\n<p class=\" wall-content\">Enfin, la <strong>d\u00e9molition<\/strong> du parking doit <strong>s\u2019achever au mois d\u2019avril\u00a02026,<\/strong> soit<strong> apr\u00e8s les \u00e9lections municipales<\/strong>. \u00ab\u2009Imaginons une minute que Mme App\u00e9r\u00e9 ne soit plus aux affaires. <strong>Que devra faire le maire<\/strong> qui la remplacera<strong> avec un projet qu\u2019il n\u2019a jamais voulu\u2009?<\/strong> Puis, si c\u2019\u00e9tait urgent, <strong>pourquoi le faire en fin de mandat<\/strong> et pas plus t\u00f4t\u2009?\u2009\u00bb, s\u2019interroge Patrick Guimault.<\/p>\n<p>Votre r\u00e9gion, votre actu !<\/p>\n<p>Recevez chaque jour les infos qui comptent pour vous.<\/p>\n<p>\t<a href=\"https:\/\/actu.fr\/newsletter\" class=\"ac-btn ac-btn--corner ac-btn--medium ac-btn--blue800\" target=\"_blank\" rel=\"noopener\">S&rsquo;incrire<\/a><\/p>\n<p class=\" wall-content\">Il estime que la <strong>\u00ab\u2009charrue a \u00e9t\u00e9 mise avant les b\u0153ufs\u2009\u00bb<\/strong>. La destruction aurait pu avoir lieu apr\u00e8s la mise en service des trambus, qui auraient offert une solution d\u2019accessibilit\u00e9 am\u00e9lior\u00e9e au plus grand nombre.<\/p>\n<p>\u00ab\u2009Les commer\u00e7ants ne sont pas contre b\u00eatement\u2009\u00bb<\/p>\n<p class=\" wall-content\">En pleine discussion avec des passants, <strong>Marie Beucher, g\u00e9rante de la boutique Kartell,<\/strong> dans le centre-ville, n\u2019en d\u00e9mord pas. \u00ab\u2009Je suis contre la suppression du parking sans solution alternative\u2009\u00bb, indique-t-elle, d\u2019embl\u00e9e.<\/p>\n<blockquote class=\"ac-article-quote wall-content\">\n<p>Les commer\u00e7ants ne sont pas contre b\u00eatement. Le centre-ville de Rennes, c&rsquo;est le plus grand centre commercial de Bretagne. On ne peut pas vivre qu&rsquo;avec les Rennais et nos clients sont loin de venir uniquement que de Rennes. On peut dire des commer\u00e7ants qu&rsquo;ils sont r\u00e9sign\u00e9s. Non, on travaille juste d&rsquo;arrache-pied pour maintenir notre activit\u00e9 et nos salari\u00e9s.<\/p>\n<p>    <strong>Marie Beucher<\/strong><br \/>\n        G\u00e9rante de la boutique Kartell \u00e0 Rennes    <\/p><\/blockquote>\n<p class=\" wall-content\">Elle regrette \u00e9galement que les <strong>panneaux install\u00e9s<\/strong> au cours de l\u2019\u00e9t\u00e9 aux entr\u00e9es de ville <strong>pour informer sur la fermeture<\/strong> du parking<strong> n\u2019\u00e9voquent pas toutes les autres solutions<\/strong> de stationnement dans le centre-ville. \u00ab\u2009Sur les panneaux, il n\u2019y a \u00e9crit que les parkings Les Lices et Charles de Gaulle, mais il y en a plein d\u2019autres.\u2009\u00bb<\/p>\n<p class=\" wall-content\">L\u00e0 encore, la<strong> perte de recettes<\/strong> (1\u00a0million d\u2019euros chaque ann\u00e9e) et le <strong>co\u00fbt des travaux<\/strong> (30 millions d\u2019euros) sont des arguments de d\u00e9fense du parking.<\/p>\n<p>\u00ab\u2009Beaucoup de clients disent qu\u2019ils ne s\u2019emb\u00eateront plus \u00e0 venir\u2009\u00bb<\/p>\n<p class=\" wall-content\"><strong>Depuis 2018,<\/strong> la commer\u00e7ante estime ne <strong>pas avoir une seconde de r\u00e9pit\u2009:<\/strong> \u00ab\u2009On a eu les gilets jaunes, le Covid, les voies cyclables, les manifestations contre la r\u00e9forme des retraites, l\u2019inflation et maintenant \u00e7a.\u2009\u00bb<\/p>\n<blockquote class=\"ac-article-quote wall-content\">\n<p>Amener l&rsquo;\u00e9cologie en centre-ville, il faut le faire, mais il faut aussi accompagner les gens et proposer des alternatives. Parmi mes clients, beaucoup me disent qu&rsquo;ils ne s&#8217;emb\u00eateront plus \u00e0 venir dans le centre-ville de Rennes.<\/p>\n<p>    <strong>Marie Beucher<\/strong><br \/>\n        G\u00e9rante de la boutique Kartell \u00e0 Rennes    <\/p><\/blockquote>\n<p class=\" wall-content\">Face \u00e0 cette client\u00e8le en moins, c\u2019est donc<strong> l\u2019inqui\u00e9tude qui monte<\/strong> chez la cheffe d\u2019entreprise.<strong> \u00ab\u2009On a besoin de p\u00e9dagogie,<\/strong> de donner les cl\u00e9s pour vraiment aider les gens \u00e0 rep\u00e9rer les autres parkings, avec des panneaux lumineux, bien d\u00e9taill\u00e9s avec la localisation et le nombre de places, \u00e0 chaque entr\u00e9e de ville par exemple.\u2009\u00bb Tous ceux pr\u00e9sents jugent cette<strong> \u00ab\u2009d\u00e9cision politique avant d\u2019\u00eatre une d\u00e9cision de bon sens\u2009\u00bb<\/strong>.<\/p>\n<p class=\" wall-content\">Personnalisez votre actualit\u00e9 en ajoutant vos villes et m\u00e9dias en favori avec <a href=\"https:\/\/moncompte.actu.fr\" title=\"D\u00e9couvez Mon Actu\" rel=\"nofollow noopener\" data-trk=\"{&quot;cta&quot;:{&quot;action&quot;:&quot;https:\\\/\\\/moncompte.actu.fr&quot;,&quot;category&quot;:&quot;mon compte&quot;,&quot;from&quot;:&quot;article footer&quot;,&quot;name&quot;:&quot;Mon actu&quot;,&quot;type&quot;:&quot;cta&quot;}}\" target=\"_blank\">Mon Actu<\/a>.<\/p>\n","protected":false},"excerpt":{"rendered":"Par Brian Le Goff Publi\u00e9 le 29 ao\u00fbt 2025 \u00e0 19h07 Ils croient en une autre issue, pour&hellip;\n","protected":false},"author":2,"featured_media":352710,"comment_status":"","ping_status":"","sticky":false,"template":"","format":"standard","meta":{"footnotes":""},"categories":[2821],"tags":[1111,11,829,1777,674,1011,27,12,584,25,104,7009],"class_list":{"0":"post-352709","1":"post","2":"type-post","3":"status-publish","4":"format-standard","5":"has-post-thumbnail","7":"category-rennes","8":"tag-actu","9":"tag-actualites","10":"tag-bretagne","11":"tag-eu","12":"tag-europe","13":"tag-fr","14":"tag-france","15":"tag-news","16":"tag-rennes","17":"tag-republique-francaise","18":"tag-societe","19":"tag-vilaine"},"share_on_mastodon":{"url":"https:\/\/pubeurope.com\/@fr\/115113457358786352","error":""},"_links":{"self":[{"href":"https:\/\/www.europesays.com\/fr\/wp-json\/wp\/v2\/posts\/352709","targetHints":{"allow":["GET"]}}],"collection":[{"href":"https:\/\/www.europesays.com\/fr\/wp-json\/wp\/v2\/posts"}],"about":[{"href":"https:\/\/www.europesays.com\/fr\/wp-json\/wp\/v2\/types\/post"}],"author":[{"embeddable":true,"href":"https:\/\/www.europesays.com\/fr\/wp-json\/wp\/v2\/users\/2"}],"replies":[{"embeddable":true,"href":"https:\/\/www.europesays.com\/fr\/wp-json\/wp\/v2\/comments?post=352709"}],"version-history":[{"count":0,"href":"https:\/\/www.europesays.com\/fr\/wp-json\/wp\/v2\/posts\/352709\/revisions"}],"wp:featuredmedia":[{"embeddable":true,"href":"https:\/\/www.europesays.com\/fr\/wp-json\/wp\/v2\/media\/352710"}],"wp:attachment":[{"href":"https:\/\/www.europesays.com\/fr\/wp-json\/wp\/v2\/media?parent=352709"}],"wp:term":[{"taxonomy":"category","embeddable":true,"href":"https:\/\/www.europesays.com\/fr\/wp-json\/wp\/v2\/categories?post=352709"},{"taxonomy":"post_tag","embeddable":true,"href":"https:\/\/www.europesays.com\/fr\/wp-json\/wp\/v2\/tags?post=352709"}],"curies":[{"name":"wp","href":"https:\/\/api.w.org\/{rel}","templated":true}]}}