{"id":352715,"date":"2025-08-29T18:27:10","date_gmt":"2025-08-29T18:27:10","guid":{"rendered":"https:\/\/www.europesays.com\/fr\/352715\/"},"modified":"2025-08-29T18:27:10","modified_gmt":"2025-08-29T18:27:10","slug":"sous-petain-il-aurait-fait-la-meme-chose-lecologiste-jean-christophe-picard-depose-plainte-contre-christian-estrosi-le-maire-de-nice","status":"publish","type":"post","link":"https:\/\/www.europesays.com\/fr\/352715\/","title":{"rendered":"\u00ab\u00a0Sous P\u00e9tain, il aurait fait la m\u00eame chose\u00a0\u00bb: l\u2019\u00e9cologiste Jean-Christophe Picard d\u00e9pose plainte contre Christian Estrosi, le maire de Nice"},"content":{"rendered":"<p>\u00ab\u00a0Nous ne sommes pas l\u00e0 pour faire les ouin-ouin, mais pour dire que la politique c\u2019est s\u00e9rieux\u00a0\u00bb, s\u2019agace Juliette Chesnel le Roux, cheffe de file de l\u2019opposition \u00e9cologiste \u00e0 la Ville de Nice et \u00e0 la M\u00e9tropole. \u00ab\u00a0Notre r\u00f4le c\u2019est d\u2019alerter le procureur via un article 40 du Code de proc\u00e9dure p\u00e9nale [1] lorsque l\u2019on voit quelque chose qui nous semble d\u00e9lictuel. Ce n\u2019est pas un droit, c\u2019est un devoir\u00a0\u00bb, ajoute la conseill\u00e8re municipale.<\/p>\n<p>Elle insiste: \u00ab\u00a0Les \u00e9lus qui appliquent cette obligation l\u00e9gale ne sont donc pas des d\u00e9lateurs, des collabos ou des antis\u00e9mites\u00a0\u00bb.<\/p>\n<p>\u00ab\u00a0P\u00e9tain, Vichy\u00a0\u00bb: Picard d\u00e9pose plainte contre Estrosi<\/p>\n<p>Si cette mise au point, en ces termes, semblait n\u00e9cessaire \u00e0 l\u2019opposition \u00e0 Christian Estrosi, c\u2019est que \u00ab\u00a0trop, c\u2019est trop\u00a0\u00bb, lance, de son c\u00f4t\u00e9, Jean-Christophe Picard.<\/p>\n<p>L\u2019\u00e9lu, ancien pr\u00e9sident d\u2019Anticor, l\u2019association de lutte contre la corruption en politique, vient de d\u00e9poser plainte pour diffamation et injures publiques contre le maire Horizons de Nice pour <a href=\"https:\/\/www.nicematin.com\/politique\/-christian-estrosi-me-traite-de-collabo-jean-christophe-picard-les-ecologistes-denonce-les-propos-tenus-par-le-maire-de-nice-en-conseil-municipal-988117\" target=\"_blank\" rel=\"noopener\">des propos qui remontent au 23 mai 2025<\/a>. \u00ab\u00a0En mati\u00e8re de diffamation, le d\u00e9lai de prescription est de 3 mois, j\u2019ai attendu le dernier moment, pour laisser \u00e0 Christian Estrosi l\u2019occasion de pr\u00e9senter ses excuses. Je n\u2019en ai pas eu\u00a0\u00bb, indique Jean-Christophe Picard.<\/p>\n<p>Ce jour-l\u00e0, en conseil municipal, le maire &#8211; qui devait se d\u00e9porter pour un vote &#8211; avait ironis\u00e9 sur les nombreux articles 40 d\u00e9pos\u00e9s par son opposition \u00e9colo.<\/p>\n<p>\u00ab\u00a0Je sais que M. Picard est en train de prendre les jumelles pour savoir jusqu\u2019o\u00f9 je vais sortir et \u00e0 quelle distance de l\u2019h\u00e9micycle je vais me tenir, avant de faire un signalement article 40&#8230; Sous P\u00e9tain, il aurait fait la m\u00eame chose, puisqu\u2019il a toujours dit: &lsquo;Moi, je respecte les lois quel que soit le r\u00e9gime&rsquo;. Donc, apportez-moi un Vichy, s\u2019il vous pla\u00eet, M. l\u2019huissier\u00a0\u00bb, avait l\u00e2ch\u00e9 Estrosi en pleine s\u00e9ance.<\/p>\n<p>\u00ab\u00a0Si je comprends bien ces accusations graves et sid\u00e9rantes, j\u2019aurais \u00e9t\u00e9 un collabo, un d\u00e9lateur, c\u2019est-\u00e0-dire une personne qui d\u00e9nonce les autres pour des motifs m\u00e9prisables et j\u2019aurais \u00e9t\u00e9 capable de d\u00e9noncer les juifs\u00a0\u00bb, d\u00e9crypte l\u2019\u00e9lu d\u2019opposition.<\/p>\n<p>La protection fonctionnelle en question<\/p>\n<p>Les \u00e9colos ont h\u00e9sit\u00e9 \u00e0 d\u00e9poser cette plainte, jurent-ils, en raison du co\u00fbt de la protection fonctionnelle pour les contribuables, donc pour les Ni\u00e7ois. C\u2019est ce qui permet \u00e0 un \u00e9lu de faire payer les frais d\u2019avocat par la collectivit\u00e9.<\/p>\n<p>\u00ab\u00a0Mais je suis arriv\u00e9 \u00e0 la conclusion que M. Estrosi ne pourra pas utiliser la protection fonctionnelle dans cette affaire car les propos tenus r\u00e9sultent d\u2019une faute personnelle d\u00e9tachable de l\u2019exercice de ses fonctions\u00a0\u00bb, explique l\u2019\u00e9lu qui s\u2019estime diffam\u00e9. \u00ab\u00a0S\u2019il utilisait j\u2019annonce que je m\u2019y opposerai en saisissant le pr\u00e9fet et le procureur\u00a0\u00bb, encha\u00eene-t-il.<\/p>\n<p>L\u2019opposition a d\u00e9pos\u00e9 une vingtaine d\u2019articles 40 depuis le d\u00e9but de ce mandat en 2020. Beaucoup ont d\u00e9bouch\u00e9 sur l\u2019ouverture d\u2019enqu\u00eate: affaire du port de Saint-Laurent-du-Var, parking Vauban, Affaire Orlinski, de la statue de Jeanne d\u2019Arc, du Nice Climate Summit ou encore du GIP Grand Prix de France, etc.<\/p>\n<p>\u00ab\u00a0Et parce que nous appliquons l\u2019article 40, nous sommes la cible de plusieurs proc\u00e9dures b\u00e2illon destin\u00e9es \u00e0 nous faire taire\u00a0\u00bb, conclut Fabrice Decoupigny.<\/p>\n<p>1. Toute autorit\u00e9 constitu\u00e9e, tout officier public ou fonctionnaire qui, dans l\u2019exercice de ses fonctions acquiert la connaissance d\u2019un crime ou d\u2019un d\u00e9lit est tenu d\u2019en donner avis sans d\u00e9lai au procureur.<\/p>\n","protected":false},"excerpt":{"rendered":"\u00ab\u00a0Nous ne sommes pas l\u00e0 pour faire les ouin-ouin, mais pour dire que la politique c\u2019est s\u00e9rieux\u00a0\u00bb, s\u2019agace&hellip;\n","protected":false},"author":2,"featured_media":352716,"comment_status":"","ping_status":"","sticky":false,"template":"","format":"standard","meta":{"footnotes":""},"categories":[2819],"tags":[1111,11,1777,674,1011,27,12,2401,316,882,25],"class_list":{"0":"post-352715","1":"post","2":"type-post","3":"status-publish","4":"format-standard","5":"has-post-thumbnail","7":"category-nice","8":"tag-actu","9":"tag-actualites","10":"tag-eu","11":"tag-europe","12":"tag-fr","13":"tag-france","14":"tag-news","15":"tag-nice","16":"tag-politique","17":"tag-provence-alpes-cote-dazur","18":"tag-republique-francaise"},"share_on_mastodon":{"url":"https:\/\/pubeurope.com\/@fr\/115113469101155792","error":""},"_links":{"self":[{"href":"https:\/\/www.europesays.com\/fr\/wp-json\/wp\/v2\/posts\/352715","targetHints":{"allow":["GET"]}}],"collection":[{"href":"https:\/\/www.europesays.com\/fr\/wp-json\/wp\/v2\/posts"}],"about":[{"href":"https:\/\/www.europesays.com\/fr\/wp-json\/wp\/v2\/types\/post"}],"author":[{"embeddable":true,"href":"https:\/\/www.europesays.com\/fr\/wp-json\/wp\/v2\/users\/2"}],"replies":[{"embeddable":true,"href":"https:\/\/www.europesays.com\/fr\/wp-json\/wp\/v2\/comments?post=352715"}],"version-history":[{"count":0,"href":"https:\/\/www.europesays.com\/fr\/wp-json\/wp\/v2\/posts\/352715\/revisions"}],"wp:featuredmedia":[{"embeddable":true,"href":"https:\/\/www.europesays.com\/fr\/wp-json\/wp\/v2\/media\/352716"}],"wp:attachment":[{"href":"https:\/\/www.europesays.com\/fr\/wp-json\/wp\/v2\/media?parent=352715"}],"wp:term":[{"taxonomy":"category","embeddable":true,"href":"https:\/\/www.europesays.com\/fr\/wp-json\/wp\/v2\/categories?post=352715"},{"taxonomy":"post_tag","embeddable":true,"href":"https:\/\/www.europesays.com\/fr\/wp-json\/wp\/v2\/tags?post=352715"}],"curies":[{"name":"wp","href":"https:\/\/api.w.org\/{rel}","templated":true}]}}