{"id":352719,"date":"2025-08-29T18:29:27","date_gmt":"2025-08-29T18:29:27","guid":{"rendered":"https:\/\/www.europesays.com\/fr\/352719\/"},"modified":"2025-08-29T18:29:27","modified_gmt":"2025-08-29T18:29:27","slug":"accusation-de-viol-colistiere-exclue-a-nantes-lfi-en-desordre-de-bataille-pour-les-municipales-2026","status":"publish","type":"post","link":"https:\/\/www.europesays.com\/fr\/352719\/","title":{"rendered":"Accusation de viol, colisti\u00e8re exclue\u2026 \u00c0 Nantes, LFI en d\u00e9sordre de bataille pour les municipales 2026"},"content":{"rendered":"<p>\u00ab\u00a0\u00a0En avril 2024, j&rsquo;ai \u00e9t\u00e9 viol\u00e9e par un militant d&rsquo;une organisation politique de gauche en Loire-Atlantique.\u00a0\u00bb C&rsquo;est par ces mots que \u00ab\u00a0Breakgurl\u00a0\u00bb (un pseudonyme) entame une longue confession dans laquelle elle \u00e9voque donc un \u00ab\u00a0viol\u00a0\u00bb commis par un camarade et, surtout, son ostracisation du parti dans lequel elle \u00e9tait investie. \u00ab\u00a0Des gens savaient, mais n&rsquo;ont rien dit\u00a0\u00bb, d\u00e9plore-t-elle.<\/p>\n<p>Quant \u00e0 son agresseur pr\u00e9sum\u00e9, s&rsquo;il a \u00e9t\u00e9 officiellement \u00ab\u00a0suspendu\u00a0\u00bb puis \u00ab\u00a0exclu\u00a0\u00bb, c&rsquo;est avant tout par les instances nationales, qui se sont empar\u00e9es de l&rsquo;affaire. Localement, semble-t-il, c&rsquo;est plut\u00f4t la recherche d&rsquo;un compromis qui pr\u00e9dominait. D&rsquo;o\u00f9 la bombe qu&rsquo;a repr\u00e9sent\u00e9e\u00a0le billet publi\u00e9 le\u00a016\u00a0juin dernier sur le Club de Mediapart intitul\u00e9 \u00ab\u00a0De militante \u00e0 victime\u00a0: quand la culture du viol g&#8230;<\/p>\n<p>Toute l\u2019actualit\u00e9 \u00e0 1\u20ac le premier mois<\/p>\n<p><a href=\"https:\/\/abo.lepoint.fr\/?provenance=21EDI020098\" class=\"btn\" title=\"S&#039;abonner\" data-gtm=\"click:abo|display:abo\" data-campaign=\"paywall_maison\" target=\"_blank\" rel=\"noopener\">S&rsquo;abonner<\/a><\/p>\n<p>ou<\/p>\n<p>La newsletter politique<\/p>\n<p class=\"period\">Tous les lundis \u00e0 11h30<\/p>\n<p>Recevez en avant-premi\u00e8re les informations et analyses politiques de la r\u00e9daction du Point.<\/p>\n<p>Merci !<br \/>Votre inscription a bien \u00e9t\u00e9 prise en compte avec l&rsquo;adresse email :<\/p>\n<p>Pour d\u00e9couvrir toutes nos autres newsletters, rendez-vous ici : <a href=\"https:\/\/moncompte.lepoint.fr\/\" title=\"\" target=\"_blank\" rel=\"noopener\">MonCompte<\/a><\/p>\n<p>En vous inscrivant, vous acceptez les <a href=\"https:\/\/www.lepoint.fr\/html\/cgu\/\" title=\"Conditions g\u00e9n\u00e9rales d&#039;utilisation\" target=\"_blank\" rel=\"noopener\">conditions g\u00e9n\u00e9rales d\u2019utilisations<\/a> et notre <a href=\"https:\/\/www.lepoint.fr\/html\/politique-de-protection-donnees-personnelles\/\" title=\"Politique de confidentialit\u00e9\" target=\"_blank\" rel=\"noopener\">politique de confidentialit\u00e9<\/a>.<\/p>\n","protected":false},"excerpt":{"rendered":"\u00ab\u00a0\u00a0En avril 2024, j&rsquo;ai \u00e9t\u00e9 viol\u00e9e par un militant d&rsquo;une organisation politique de gauche en Loire-Atlantique.\u00a0\u00bb C&rsquo;est par&hellip;\n","protected":false},"author":2,"featured_media":352720,"comment_status":"","ping_status":"","sticky":false,"template":"","format":"standard","meta":{"footnotes":""},"categories":[2818],"tags":[1111,11,4188,1777,674,1011,27,48928,766,12,2636,25],"class_list":{"0":"post-352719","1":"post","2":"type-post","3":"status-publish","4":"format-standard","5":"has-post-thumbnail","7":"category-nantes","8":"tag-actu","9":"tag-actualites","10":"tag-elections-municipales","11":"tag-eu","12":"tag-europe","13":"tag-fr","14":"tag-france","15":"tag-lfi-la-france-insoumise","16":"tag-nantes","17":"tag-news","18":"tag-pays-de-la-loire","19":"tag-republique-francaise"},"share_on_mastodon":{"url":"https:\/\/pubeurope.com\/@fr\/115113476984179191","error":""},"_links":{"self":[{"href":"https:\/\/www.europesays.com\/fr\/wp-json\/wp\/v2\/posts\/352719","targetHints":{"allow":["GET"]}}],"collection":[{"href":"https:\/\/www.europesays.com\/fr\/wp-json\/wp\/v2\/posts"}],"about":[{"href":"https:\/\/www.europesays.com\/fr\/wp-json\/wp\/v2\/types\/post"}],"author":[{"embeddable":true,"href":"https:\/\/www.europesays.com\/fr\/wp-json\/wp\/v2\/users\/2"}],"replies":[{"embeddable":true,"href":"https:\/\/www.europesays.com\/fr\/wp-json\/wp\/v2\/comments?post=352719"}],"version-history":[{"count":0,"href":"https:\/\/www.europesays.com\/fr\/wp-json\/wp\/v2\/posts\/352719\/revisions"}],"wp:featuredmedia":[{"embeddable":true,"href":"https:\/\/www.europesays.com\/fr\/wp-json\/wp\/v2\/media\/352720"}],"wp:attachment":[{"href":"https:\/\/www.europesays.com\/fr\/wp-json\/wp\/v2\/media?parent=352719"}],"wp:term":[{"taxonomy":"category","embeddable":true,"href":"https:\/\/www.europesays.com\/fr\/wp-json\/wp\/v2\/categories?post=352719"},{"taxonomy":"post_tag","embeddable":true,"href":"https:\/\/www.europesays.com\/fr\/wp-json\/wp\/v2\/tags?post=352719"}],"curies":[{"name":"wp","href":"https:\/\/api.w.org\/{rel}","templated":true}]}}