{"id":352723,"date":"2025-08-29T18:31:14","date_gmt":"2025-08-29T18:31:14","guid":{"rendered":"https:\/\/www.europesays.com\/fr\/352723\/"},"modified":"2025-08-29T18:31:14","modified_gmt":"2025-08-29T18:31:14","slug":"le-maire-de-bordeaux-annonce-planter-un-arbre-en-hommage-a-ilan-halimi-tue-parce-que-juif","status":"publish","type":"post","link":"https:\/\/www.europesays.com\/fr\/352723\/","title":{"rendered":"Le maire de Bordeaux annonce planter un arbre en hommage \u00e0 Ilan Halimi, tu\u00e9 parce que juif"},"content":{"rendered":"<p>            Par<br \/>\n        <strong><br \/>\n            <a href=\"https:\/\/actu.fr\/auteur\/juliette-cardinale\" title=\"Consulter tous les articles de Juliette Cardinale\" rel=\"nofollow noopener\" target=\"_blank\">Juliette Cardinale<\/a><br \/>\n        <\/strong><\/p>\n<p>        Publi\u00e9 le<\/p>\n<p>            29 ao\u00fbt 2025 \u00e0 17h32        <\/p>\n<p>\u00ab\u00a0Le racisme et l\u2019antis\u00e9mitisme <strong>n\u2019ont pas leur place<\/strong> dans notre R\u00e9publique, dans notre ville.\u00a0\u00bb C\u2019est ainsi que <a href=\"https:\/\/actu.fr\/tag\/pierre-hurmic\" rel=\"nofollow noopener\" target=\"_blank\">Pierre Hurmic<\/a> a commenc\u00e9 son message sur les r\u00e9seaux sociaux ce vendredi 29 ao\u00fbt 2025. Le maire de Bordeaux a annonc\u00e9 qu\u2019un arbre serait plant\u00e9 \u00ab\u00a0dans les prochaines semaines\u00a0\u00bb <strong>\u00e0 la m\u00e9moire d\u2019Ilan Halimi<\/strong> et de \u00ab\u00a0toutes les victimes de haine\u00a0\u00bb.<\/p>\n<p class=\" wall-content\">L\u2019arbre en question sera un olivier, pr\u00e9cise la mairie aupr\u00e8s d\u2019<a href=\"https:\/\/actu.fr\/bordeaux\/\" rel=\"nofollow noopener\" target=\"_blank\">actu Bordeaux.<\/a> Il sera plant\u00e9 <strong>au Parc bordelais<\/strong> en novembre prochain, au moment de la Sainte-Catherine, p\u00e9riode la plus favorable pour qu\u2019il prenne racine.<\/p>\n<p>Un acte antis\u00e9mite<\/p>\n<p class=\" wall-content\">Dans la nuit du 13 au 14 ao\u00fbt, l\u2019olivier plant\u00e9 <a href=\"https:\/\/actu.fr\/ile-de-france\/epinay-sur-seine_93031\/un-acte-antisemite-l-olivier-plante-en-memoire-d-ilan-halimi-tue-parce-que-juif-abattu-a-epinay-sur-seine_63041260.html\" rel=\"nofollow noopener\" target=\"_blank\">\u00e0 \u00c9pinay-sur-Seine (Seine-Saint-Denis)<\/a> en hommage \u00e0 Ilan Halimi, Fran\u00e7ais tu\u00e9 en 2006\u00a0<strong>parce qu\u2019il \u00e9tait juif,<\/strong> avait \u00e9t\u00e9 abattu. Le jeune homme de 23 ans avait \u00e9t\u00e9 s\u00e9questr\u00e9 puis tortur\u00e9 en janvier 2006 <a href=\"https:\/\/actu.fr\/ile-de-france\/bagneux_92007\/hauts-de-seine-il-y-a-15-ans-ilan-halimi-etait-enleve-et-sequestre-par-le-gang-des-barbares_38852159.html\" rel=\"nofollow noopener\" target=\"_blank\">par le \u00ab\u00a0gang des barbares\u00a0\u00bb<\/a>. Il \u00e9tait mort un peu moins d\u2019un mois plus tard pendant son transfert \u00e0 l\u2019h\u00f4pital.\u00a0<\/p>\n<blockquote class=\"bluesky-embed\" data-bluesky-uri=\"at:\/\/did:plc:x2k5v2he67o56s73gy3e5s7k\/app.bsky.feed.post\/3lxjpshv6as2r\" data-bluesky-cid=\"bafyreihhslk6xrns42szo63quvpatlff5gz56oh6etidprtp3nb3y6ddee\">\n<p>\u2014 <a href=\"https:\/\/bsky.app\/profile\/did:plc:x2k5v2he67o56s73gy3e5s7k?ref_src=embed\" rel=\"nofollow noopener\" target=\"_blank\">Pierre Hurmic (@pierrehurmic.bsky.social)<\/a> <a href=\"https:\/\/bsky.app\/profile\/did:plc:x2k5v2he67o56s73gy3e5s7k\/post\/3lxjpshv6as2r?ref_src=embed\" rel=\"nofollow noopener\" target=\"_blank\">2025-08-29T09:13:53.999Z<\/a><\/p>\n<\/blockquote>\n<p class=\" wall-content\">L\u2019abattage de cet arbre plant\u00e9 en 2011 a <strong>suscit\u00e9 une vague d\u2019indignation<\/strong> \u00e0 travers le pays. Deux hommes ont \u00e9t\u00e9 <a href=\"https:\/\/actu.fr\/ile-de-france\/epinay-sur-seine_93031\/seine-saint-denis-deux-freres-soupconnes-d-avoir-abattu-un-olivier-en-hommage-a-ilan-halimi-interpelles_63086559.html\" rel=\"nofollow noopener\" target=\"_blank\">interpell\u00e9s et plac\u00e9s en d\u00e9tention provisoire<\/a> mercredi 27 ao\u00fbt. Leur proc\u00e8s doit se tenir le 22 octobre prochain.\u00a0<\/p>\n<p class=\" wall-content\">Il y a quelques jours, Alain Jakubowicz le pr\u00e9sident d\u2019honneur de la Licra (Ligue internationale contre le racisme et l\u2019antis\u00e9mitisme) a donc demand\u00e9 aux maires des communes de France <strong>de planter un arbre<\/strong> en hommage au jeune homme assassin\u00e9. Un appel auxquels de nombreux \u00e9diles ont r\u00e9pondu favorablement : \u00e0 Lyon, \u00e0 Cannes, \u00e0 Montpellier, \u00e0 <a href=\"https:\/\/actu.fr\/ile-de-france\/maisons-laffitte_78358\/pour-preserver-la-memoire-collective-a-maisons-laffitte-un-olivier-sera-plante-en-memoire-dilan-halimi_63051655.html\" rel=\"nofollow noopener\" target=\"_blank\">Maisons-Laffitte<\/a>\u2026 et dor\u00e9navant \u00e0 Bordeaux.<\/p>\n<p class=\" wall-content\">Personnalisez votre actualit\u00e9 en ajoutant vos villes et m\u00e9dias en favori avec <a href=\"https:\/\/moncompte.actu.fr\" title=\"D\u00e9couvez Mon Actu\" rel=\"nofollow noopener\" data-trk=\"{&quot;cta&quot;:{&quot;action&quot;:&quot;https:\\\/\\\/moncompte.actu.fr&quot;,&quot;category&quot;:&quot;mon compte&quot;,&quot;from&quot;:&quot;article footer&quot;,&quot;name&quot;:&quot;Mon actu&quot;,&quot;type&quot;:&quot;cta&quot;}}\" target=\"_blank\">Mon Actu<\/a>.<\/p>\n","protected":false},"excerpt":{"rendered":"Par Juliette Cardinale Publi\u00e9 le 29 ao\u00fbt 2025 \u00e0 17h32 \u00ab\u00a0Le racisme et l\u2019antis\u00e9mitisme n\u2019ont pas leur place&hellip;\n","protected":false},"author":2,"featured_media":352724,"comment_status":"","ping_status":"","sticky":false,"template":"","format":"standard","meta":{"footnotes":""},"categories":[2817],"tags":[1111,11,1997,1777,674,1011,27,12,2219,25,104],"class_list":{"0":"post-352723","1":"post","2":"type-post","3":"status-publish","4":"format-standard","5":"has-post-thumbnail","7":"category-bordeaux","8":"tag-actu","9":"tag-actualites","10":"tag-bordeaux","11":"tag-eu","12":"tag-europe","13":"tag-fr","14":"tag-france","15":"tag-news","16":"tag-nouvelle-aquitaine","17":"tag-republique-francaise","18":"tag-societe"},"share_on_mastodon":{"url":"https:\/\/pubeurope.com\/@fr\/115113484870147059","error":""},"_links":{"self":[{"href":"https:\/\/www.europesays.com\/fr\/wp-json\/wp\/v2\/posts\/352723","targetHints":{"allow":["GET"]}}],"collection":[{"href":"https:\/\/www.europesays.com\/fr\/wp-json\/wp\/v2\/posts"}],"about":[{"href":"https:\/\/www.europesays.com\/fr\/wp-json\/wp\/v2\/types\/post"}],"author":[{"embeddable":true,"href":"https:\/\/www.europesays.com\/fr\/wp-json\/wp\/v2\/users\/2"}],"replies":[{"embeddable":true,"href":"https:\/\/www.europesays.com\/fr\/wp-json\/wp\/v2\/comments?post=352723"}],"version-history":[{"count":0,"href":"https:\/\/www.europesays.com\/fr\/wp-json\/wp\/v2\/posts\/352723\/revisions"}],"wp:featuredmedia":[{"embeddable":true,"href":"https:\/\/www.europesays.com\/fr\/wp-json\/wp\/v2\/media\/352724"}],"wp:attachment":[{"href":"https:\/\/www.europesays.com\/fr\/wp-json\/wp\/v2\/media?parent=352723"}],"wp:term":[{"taxonomy":"category","embeddable":true,"href":"https:\/\/www.europesays.com\/fr\/wp-json\/wp\/v2\/categories?post=352723"},{"taxonomy":"post_tag","embeddable":true,"href":"https:\/\/www.europesays.com\/fr\/wp-json\/wp\/v2\/tags?post=352723"}],"curies":[{"name":"wp","href":"https:\/\/api.w.org\/{rel}","templated":true}]}}