{"id":352729,"date":"2025-08-29T18:34:11","date_gmt":"2025-08-29T18:34:11","guid":{"rendered":"https:\/\/www.europesays.com\/fr\/352729\/"},"modified":"2025-08-29T18:34:11","modified_gmt":"2025-08-29T18:34:11","slug":"toulouse-capitale-des-influenceurs-ce-week-end-mais-pour-quelle-raison","status":"publish","type":"post","link":"https:\/\/www.europesays.com\/fr\/352729\/","title":{"rendered":"Toulouse capitale des influenceurs ce week-end : mais pour quelle raison\u00a0?"},"content":{"rendered":"<p>            Par<br \/>\n        <strong><br \/>\n            <a href=\"https:\/\/actu.fr\/auteur\/lea-afonso\" title=\"Consulter tous les articles de L\u00e9a Afonso\" target=\"_blank\" rel=\"noopener\">L\u00e9a Afonso<\/a><br \/>\n        <\/strong><\/p>\n<p>        Publi\u00e9 le<\/p>\n<p>            29 ao\u00fbt 2025 \u00e0 19h32        <\/p>\n<p><a href=\"https:\/\/actu.fr\/toulouse\/\" target=\"_blank\" rel=\"noopener\">Toulouse<\/a>, la Ville rose, sera une v\u00e9ritable<strong> capitale des influenceurs et youtubeurs<\/strong> \u00e0 partir de ce vendredi 29\u00a0ao\u00fbt 2025. Et petit plus, ils seront tous rassembl\u00e9s<strong> au m\u00eame endroit.<\/strong> Mais que se passe-t-il\u2009?<\/p>\n<p>Rendez-vous au Rose Festival\u2009!<\/p>\n<p class=\" wall-content\">Eh bien \u00e9videmment, c\u2019est au <strong>Rose Festival<\/strong> que tout le gratin d\u2019internet sera rassembl\u00e9 pour soutenir le projet de leurs amis <a href=\"https:\/\/actu.fr\/tag\/bigflo-et-oli\" target=\"_blank\" rel=\"noopener\">Bigflo et Oli<\/a>. Comme chaque ann\u00e9e, leur petite bande d\u2019amis \u2014 mais grande en termes d\u2019influence \u2014 sera pr\u00e9sente. Du beau monde est attendu tout le week-end.<\/p>\n<p>Qui sont attendus\u2026 du c\u00f4t\u00e9 des vloggos<\/p>\n<p class=\" wall-content\">Ce n\u2019est plus un secret pour les adeptes des vlogs d\u2019ao\u00fbt : <strong>L\u00e9na Situations<\/strong>, cam\u00e9ra \u00e0 la main, sera bien au rendez-vous du Rose Festival. Elle l\u2019avait annonc\u00e9 il y a quelques jours, apr\u00e8s une visite des deux fr\u00e8res qui avaient fait une apparition dans sa s\u00e9rie estivale, et qui l\u2019ont invit\u00e9e chez eux, au festival. Ils ont d\u2019ailleurs laiss\u00e9 entendre que<strong> la cr\u00e9atrice<\/strong> r\u00e9servait <strong>quelques surprises aux festivaliers.<\/strong> L\u2019an pass\u00e9 d\u00e9j\u00e0, elle avait marqu\u00e9 les esprits en donnant le coup d\u2019envoi du feu d\u2019artifice du samedi soir.<\/p>\n<p class=\" wall-content\">Son ami et acolyte,<strong> Marc Vivian Geromegnace,<\/strong> sera, lui aussi, de la partie avec un programme bien charg\u00e9\u2009: la saison 2 de ses pastilles vid\u00e9os sur Instagram <strong>\u00ab\u2009Le trajet\u2009\u00bb,<\/strong> o\u00f9 il interviewe des artistes. Magic System, Helena, Maxence et Youssoupha auront droit \u00e0 leur trajet avec le d\u00e9nomm\u00e9 <strong>Marcus<\/strong>. Les amateurs du Rose se souviendront sans doute du pogo avec Oli et Marcus l\u2019an pass\u00e9 lors du concert de Deluxe.\u00a0<\/p>\n<p class=\" wall-content\"><a href=\"https:\/\/www.instagram.com\/p\/DNsyqNZWO4a\/embed\" title=\"Ouvrir le lien sur Instagram\" target=\"_blank\" rel=\"noopener\">Visualiser le contenu sur Instagram<\/a><\/p>\n<p>Le gratin des streamers<\/p>\n<p class=\" wall-content\">Du c\u00f4t\u00e9 des streamers, Maghla sera une nouvelle fois de la partie.\u00a0<\/p>\n<blockquote class=\"tiktok-embed\" cite=\"https:\/\/www.tiktok.com\/@maghla\/video\/7543685925826514198\" data-video-id=\"7543685925826514198\" data-embed-from=\"oembed\" style=\"max-width:605px; min-width:325px;\"><p>\n<a target=\"_blank\" title=\"@maghla\" href=\"https:\/\/www.tiktok.com\/@maghla?refer=embed\" rel=\"noopener\">@maghla<\/a> <\/p>\n<p>JE SUIS TROP CONTENTE D\u2019Y RETOURNER \ud83d\udc96 @Rose Festival invitation \ud83d\udc97<\/p>\n<p> <a target=\"_blank\" title=\"\u266c Ici c\u2019est Toulouse - Bigflo &amp; Oli\" href=\"https:\/\/www.tiktok.com\/music\/Ici-c%E2%80%99est-Toulouse-7116886473526003713?refer=embed\" rel=\"noopener\">\u266c Ici c\u2019est Toulouse \u2013 Bigflo &amp; Oli<\/a> <\/p>\n<\/blockquote>\n<p>Vid\u00e9os : en ce moment sur Actu<\/p>\n<p class=\" wall-content\"><a href=\"https:\/\/actu.fr\/occitanie\/toulouse_31555\/toulouse-fac-metro-cameras-cachees-cartonnent-sur-internet_23386516.html\" target=\"_blank\" rel=\"noopener\">Djilsi<\/a>, le youtubeur originaire d\u2019Occitanie et \u00c9toile annoncent leur venue dans une story Instagram.\u00a0<\/p>\n<p>    <img   decoding=\"async\" loading=\"lazy\" src=\"https:\/\/www.europesays.com\/fr\/wp-content\/uploads\/2025\/08\/djilsi-960x640.png\" alt=\"Djilsi le youtubeur et \u00c9toile le streamer annoncent leur venue dans une story Instagram. \" width=\"960\" height=\"640\"\/><br \/>\n    Djilsi le youtubeur et \u00c9toile le streamer, annoncent leur venue dans une story Instagram. (\u00a9Capture d\u2019\u00e9cran story Instagram Etoile)<\/p>\n<p>Votre r\u00e9gion, votre actu !<\/p>\n<p>Recevez chaque jour les infos qui comptent pour vous.<\/p>\n<p>\t<a href=\"https:\/\/actu.fr\/newsletter\" class=\"ac-btn ac-btn--corner ac-btn--medium ac-btn--blue800\" target=\"_blank\" rel=\"noopener\">S&rsquo;incrire<\/a><br \/>\nLes influenceurs Toulousains<\/p>\n<p class=\" wall-content\">Du c\u00f4t\u00e9 des influenceurs Toulousains, pour l\u2019heure peu ont inform\u00e9 de leur venue. Mais l\u2019on pourrait s\u2019attendre comme chaque ann\u00e9e \u00e0 retrouver\u00a0 <a href=\"https:\/\/actu.fr\/occitanie\/toulouse_31555\/toulouse-cette-influenceuse-lance-son-propre-evenement-inspire-d-une-serie-netflix-bien-connue_63065372.html\" target=\"_blank\" rel=\"noopener\">Maya the blond bee<\/a>, Manon Blanchou, Tuvok, Jesta, Binobile qui a d\u2019ailleurs<a href=\"https:\/\/actu.fr\/occitanie\/toulouse_31555\/interrompu-a-repetition-le-metro-de-toulouse-appelle-un-celebre-tiktokeur-pour-sensibiliser-les-voyageurs_62462090.html\" target=\"_blank\" rel=\"noopener\"> r\u00e9cemment fait une campagne avec Tiss\u00e9o,<\/a> et bien d\u2019autres\u2026\u00a0<\/p>\n<p class=\" wall-content\"><a href=\"https:\/\/www.instagram.com\/p\/DN7liqJgttC\/embed\" title=\"Ouvrir le lien sur Instagram\" target=\"_blank\" rel=\"noopener\">Visualiser le contenu sur Instagram<\/a><\/p>\n<p class=\" wall-content\">Personnalisez votre actualit\u00e9 en ajoutant vos villes et m\u00e9dias en favori avec <a href=\"https:\/\/moncompte.actu.fr\" title=\"D\u00e9couvez Mon Actu\" rel=\"nofollow noopener\" data-trk=\"{&quot;cta&quot;:{&quot;action&quot;:&quot;https:\\\/\\\/moncompte.actu.fr&quot;,&quot;category&quot;:&quot;mon compte&quot;,&quot;from&quot;:&quot;article footer&quot;,&quot;name&quot;:&quot;Mon actu&quot;,&quot;type&quot;:&quot;cta&quot;}}\" target=\"_blank\">Mon Actu<\/a>.<\/p>\n<p>                    <script async src=\"\/\/www.instagram.com\/embed.js\"><\/script><script async src=\"\/\/www.tiktok.com\/embed.js\"><\/script><\/p>\n","protected":false},"excerpt":{"rendered":"Par L\u00e9a Afonso Publi\u00e9 le 29 ao\u00fbt 2025 \u00e0 19h32 Toulouse, la Ville rose, sera une v\u00e9ritable capitale&hellip;\n","protected":false},"author":2,"featured_media":352730,"comment_status":"","ping_status":"","sticky":false,"template":"","format":"standard","meta":{"footnotes":""},"categories":[2816],"tags":[1111,11,1777,674,1011,27,1652,12,2680,25,1341,2312],"class_list":{"0":"post-352729","1":"post","2":"type-post","3":"status-publish","4":"format-standard","5":"has-post-thumbnail","7":"category-toulouse","8":"tag-actu","9":"tag-actualites","10":"tag-eu","11":"tag-europe","12":"tag-fr","13":"tag-france","14":"tag-loisirs-culture","15":"tag-news","16":"tag-occitanie","17":"tag-republique-francaise","18":"tag-sortir-a-toulouse","19":"tag-toulouse"},"share_on_mastodon":{"url":"https:\/\/pubeurope.com\/@fr\/115113496803122151","error":""},"_links":{"self":[{"href":"https:\/\/www.europesays.com\/fr\/wp-json\/wp\/v2\/posts\/352729","targetHints":{"allow":["GET"]}}],"collection":[{"href":"https:\/\/www.europesays.com\/fr\/wp-json\/wp\/v2\/posts"}],"about":[{"href":"https:\/\/www.europesays.com\/fr\/wp-json\/wp\/v2\/types\/post"}],"author":[{"embeddable":true,"href":"https:\/\/www.europesays.com\/fr\/wp-json\/wp\/v2\/users\/2"}],"replies":[{"embeddable":true,"href":"https:\/\/www.europesays.com\/fr\/wp-json\/wp\/v2\/comments?post=352729"}],"version-history":[{"count":0,"href":"https:\/\/www.europesays.com\/fr\/wp-json\/wp\/v2\/posts\/352729\/revisions"}],"wp:featuredmedia":[{"embeddable":true,"href":"https:\/\/www.europesays.com\/fr\/wp-json\/wp\/v2\/media\/352730"}],"wp:attachment":[{"href":"https:\/\/www.europesays.com\/fr\/wp-json\/wp\/v2\/media?parent=352729"}],"wp:term":[{"taxonomy":"category","embeddable":true,"href":"https:\/\/www.europesays.com\/fr\/wp-json\/wp\/v2\/categories?post=352729"},{"taxonomy":"post_tag","embeddable":true,"href":"https:\/\/www.europesays.com\/fr\/wp-json\/wp\/v2\/tags?post=352729"}],"curies":[{"name":"wp","href":"https:\/\/api.w.org\/{rel}","templated":true}]}}