{"id":352731,"date":"2025-08-29T18:35:10","date_gmt":"2025-08-29T18:35:10","guid":{"rendered":"https:\/\/www.europesays.com\/fr\/352731\/"},"modified":"2025-08-29T18:35:10","modified_gmt":"2025-08-29T18:35:10","slug":"likea-de-lille-recrute-sur-plusieurs-postes-en-cette-rentree-2025","status":"publish","type":"post","link":"https:\/\/www.europesays.com\/fr\/352731\/","title":{"rendered":"l&rsquo;Ikea de Lille recrute sur plusieurs postes en cette rentr\u00e9e 2025"},"content":{"rendered":"<p>            Par<br \/>\n        <strong><br \/>\n            <a href=\"https:\/\/actu.fr\/auteur\/margot-nicodeme\" title=\"Consulter tous les articles de Margot Nicod\u00e8me\" rel=\"nofollow noopener\" target=\"_blank\">Margot Nicod\u00e8me<\/a><br \/>\n        <\/strong><\/p>\n<p>        Publi\u00e9 le<\/p>\n<p>            29 ao\u00fbt 2025 \u00e0 18h36        <\/p>\n<p>Comme la CAF, <a href=\"https:\/\/actu.fr\/societe\/lille-douai-roubaix-la-caf-recrute-dans-six-de-ses-agences-du-nord-en-cette-rentree-2025_63078205.html\" rel=\"nofollow noopener\" target=\"_blank\">qui recrute dans six de ses agences du Nord<\/a>, c\u2019est un employeur bien connu qui <b>recherche ses futurs collaborateurs<\/b> en cette <a href=\"https:\/\/actu.fr\/tag\/rentree-scolaire\" rel=\"nofollow noopener\" target=\"_blank\"><b>rentr\u00e9e 2025<\/b><\/a>. L\u2019<b>Ikea de <a href=\"https:\/\/actu.fr\/hauts-de-france\/lille_59350\" rel=\"nofollow noopener\" target=\"_blank\">Lille<\/a><\/b>, situ\u00e9 plus exactement \u00e0 Lomme (Nord), a en effet plusieurs \u00e0 pourvoir, et les candidatures sont ouvertes.<\/p>\n<p>Ikea Lille recrute sur des postes de vendeur, employ\u00e9 restauration, cadre\u2026<\/p>\n<p class=\" wall-content\">Au total, ce sont 11 annonces de postes qui ont \u00e9t\u00e9 mises en ligne : 5 \u00e0 temps complet, 5 \u00e0 temps partiel et un apprentissage. Et les secteurs sont vari\u00e9s : vendeur, vendeur\/concepteur de cuisine, employ\u00e9 logistique, employ\u00e9 restauration, cadres\u2026 Chacun peut y trouver son compte.<\/p>\n<p class=\" wall-content\">Plusieurs avantages sont list\u00e9s, selon la dur\u00e9e des postes : 13e mois, compl\u00e9ment de salaire li\u00e9 \u00e0 la performance \u00e9conomique globale, possibilit\u00e9 de prendre un d\u00e9jeuner sain et vari\u00e9 pour moins de 3 \u20ac\u2026 Et de mani\u00e8re g\u00e9n\u00e9rale, tous les passionn\u00e9s d\u2019am\u00e9nagement int\u00e9rieur sont invit\u00e9s \u00e0 tenter leur chance.<\/p>\n<p class=\" wall-content\">Pour prendre connaissance des offres et postuler, c\u2019est <a href=\"https:\/\/jobs.ikea.com\/fr\/lieu\/lomme-jobs\/22908\/3017382-11071624-2997803\/4?fbclid=IwY2xjawMeRHJleHRuA2FlbQIxMABicmlkETFFTXhVNDA0bWhWTTVQWWRpAR6zkAktmqnU25O13w2OOLa5-oGpnuXqcHSbxs7Ns3ZCQDwhX_EjfHZHMjwnjw_aem_ShXjfuRa-TndkrxoPcDK4A\" rel=\"nofollow noopener\" target=\"_blank\">ICI<\/a>.<\/p>\n<p class=\" wall-content\">Personnalisez votre actualit\u00e9 en ajoutant vos villes et m\u00e9dias en favori avec <a href=\"https:\/\/moncompte.actu.fr\" title=\"D\u00e9couvez Mon Actu\" rel=\"nofollow noopener\" data-trk=\"{&quot;cta&quot;:{&quot;action&quot;:&quot;https:\\\/\\\/moncompte.actu.fr&quot;,&quot;category&quot;:&quot;mon compte&quot;,&quot;from&quot;:&quot;article footer&quot;,&quot;name&quot;:&quot;Mon actu&quot;,&quot;type&quot;:&quot;cta&quot;}}\" target=\"_blank\">Mon Actu<\/a>.<\/p>\n","protected":false},"excerpt":{"rendered":"Par Margot Nicod\u00e8me Publi\u00e9 le 29 ao\u00fbt 2025 \u00e0 18h36 Comme la CAF, qui recrute dans six de&hellip;\n","protected":false},"author":2,"featured_media":352732,"comment_status":"","ping_status":"","sticky":false,"template":"","format":"standard","meta":{"footnotes":""},"categories":[2815],"tags":[1111,11,33,341,1777,674,1011,27,811,714,1307,13882,12,25],"class_list":{"0":"post-352731","1":"post","2":"type-post","3":"status-publish","4":"format-standard","5":"has-post-thumbnail","7":"category-lille","8":"tag-actu","9":"tag-actualites","10":"tag-economie","11":"tag-emploi","12":"tag-eu","13":"tag-europe","14":"tag-fr","15":"tag-france","16":"tag-hauts-de-france","17":"tag-ikea","18":"tag-lille","19":"tag-lomme","20":"tag-news","21":"tag-republique-francaise"},"share_on_mastodon":{"url":"https:\/\/pubeurope.com\/@fr\/115113500599862700","error":""},"_links":{"self":[{"href":"https:\/\/www.europesays.com\/fr\/wp-json\/wp\/v2\/posts\/352731","targetHints":{"allow":["GET"]}}],"collection":[{"href":"https:\/\/www.europesays.com\/fr\/wp-json\/wp\/v2\/posts"}],"about":[{"href":"https:\/\/www.europesays.com\/fr\/wp-json\/wp\/v2\/types\/post"}],"author":[{"embeddable":true,"href":"https:\/\/www.europesays.com\/fr\/wp-json\/wp\/v2\/users\/2"}],"replies":[{"embeddable":true,"href":"https:\/\/www.europesays.com\/fr\/wp-json\/wp\/v2\/comments?post=352731"}],"version-history":[{"count":0,"href":"https:\/\/www.europesays.com\/fr\/wp-json\/wp\/v2\/posts\/352731\/revisions"}],"wp:featuredmedia":[{"embeddable":true,"href":"https:\/\/www.europesays.com\/fr\/wp-json\/wp\/v2\/media\/352732"}],"wp:attachment":[{"href":"https:\/\/www.europesays.com\/fr\/wp-json\/wp\/v2\/media?parent=352731"}],"wp:term":[{"taxonomy":"category","embeddable":true,"href":"https:\/\/www.europesays.com\/fr\/wp-json\/wp\/v2\/categories?post=352731"},{"taxonomy":"post_tag","embeddable":true,"href":"https:\/\/www.europesays.com\/fr\/wp-json\/wp\/v2\/tags?post=352731"}],"curies":[{"name":"wp","href":"https:\/\/api.w.org\/{rel}","templated":true}]}}