{"id":352733,"date":"2025-08-29T18:36:12","date_gmt":"2025-08-29T18:36:12","guid":{"rendered":"https:\/\/www.europesays.com\/fr\/352733\/"},"modified":"2025-08-29T18:36:12","modified_gmt":"2025-08-29T18:36:12","slug":"edon-zhegrova-a-informe-lille-de-son-souhait-de-rejoindre-lom","status":"publish","type":"post","link":"https:\/\/www.europesays.com\/fr\/352733\/","title":{"rendered":"Edon Zhegrova a inform\u00e9 Lille de son souhait de rejoindre l\u2019OM"},"content":{"rendered":"<p>Le dossier <a href=\"https:\/\/www.footmercato.net\/joueur\/edon-zhegrova\/\" rel=\"nofollow noopener\" target=\"_blank\">Edon Zhegrova<\/a> s\u2019enflamme petit \u00e0 petit. L\u2019international kosovar, priorit\u00e9 offensive de l\u2019OM, est tomb\u00e9 d\u2019accord avec le club phoc\u00e9en. Une nouvelle qui avait de quoi surprendre son pr\u00e9sident Olivier Letang qui n\u2019a pas manqu\u00e9 de tacler l\u2019OM ce vendredi \u00e0 l\u2019occasion du tirage au sort de la Ligue Europe. Ce dernier expliquait qu\u2019il n\u2019avait pas \u00e9t\u00e9 pr\u00e9venu des discussions entre l\u2019OM et Zhegrova. Un discours \u00e9tonnant puisque comme nous vous le r\u00e9v\u00e9lions, Pablo Longoria avait \u00e9chang\u00e9 avec Letang <a href=\"https:\/\/www.footmercato.net\/a2869548860200173603-lom-et-lille-ont-bien-echange-au-sujet-dedon-zhegrova\" rel=\"nofollow noopener\" target=\"_blank\">au d\u00e9but du mois d\u2019aout \u00e0 ce sujet.<\/a><\/p>\n<p>            La suite apr\u00e8s cette publicit\u00e9<\/p>\n<p>Selon nos informations, Edon Zhegrova n\u2019a \u00e9galement pas cach\u00e9 \u00e0 sa direction son envie de rejoindre <a href=\"https:\/\/www.footmercato.net\/club\/om\/\" rel=\"nofollow noopener\" target=\"_blank\">Marseille<\/a>. Au contraire. \u00c0 un an de la fin de son contrat, et alors qu\u2019il ne souhaitait pas prolonger, il avait expliqu\u00e9 vouloir utiliser son bon de sortie cet \u00e9t\u00e9 pour rapporter une somme au LOSC. Une proposition qui aurait donc permis \u00e0 <a href=\"https:\/\/www.footmercato.net\/club\/losc\/\" rel=\"nofollow noopener\" target=\"_blank\">Lille<\/a> d\u2019\u00e9viter un nouveau cas Jonathan David. L\u2019id\u00e9e avait donc \u00e9t\u00e9 valid\u00e9e par la direction dans un premier temps. Le joueur avait \u00e9galement pr\u00e9venu Bruno Genesio il y a quelques semaines de ses envies de rejoindre l\u2019OM lors de ce mercato pour jouer la Ligue des Champions.<\/p>\n<p>\n    Pub. le 29\/08\/2025 20:27<br \/>\n            &#8211; MAJ le 29\/08\/2025 20:34\n    <\/p>\n","protected":false},"excerpt":{"rendered":"Le dossier Edon Zhegrova s\u2019enflamme petit \u00e0 petit. L\u2019international kosovar, priorit\u00e9 offensive de l\u2019OM, est tomb\u00e9 d\u2019accord avec&hellip;\n","protected":false},"author":2,"featured_media":352734,"comment_status":"","ping_status":"","sticky":false,"template":"","format":"standard","meta":{"footnotes":""},"categories":[2815],"tags":[1111,11,1777,674,1011,27,811,1307,12,25],"class_list":{"0":"post-352733","1":"post","2":"type-post","3":"status-publish","4":"format-standard","5":"has-post-thumbnail","7":"category-lille","8":"tag-actu","9":"tag-actualites","10":"tag-eu","11":"tag-europe","12":"tag-fr","13":"tag-france","14":"tag-hauts-de-france","15":"tag-lille","16":"tag-news","17":"tag-republique-francaise"},"share_on_mastodon":{"url":"https:\/\/pubeurope.com\/@fr\/115113504800035079","error":""},"_links":{"self":[{"href":"https:\/\/www.europesays.com\/fr\/wp-json\/wp\/v2\/posts\/352733","targetHints":{"allow":["GET"]}}],"collection":[{"href":"https:\/\/www.europesays.com\/fr\/wp-json\/wp\/v2\/posts"}],"about":[{"href":"https:\/\/www.europesays.com\/fr\/wp-json\/wp\/v2\/types\/post"}],"author":[{"embeddable":true,"href":"https:\/\/www.europesays.com\/fr\/wp-json\/wp\/v2\/users\/2"}],"replies":[{"embeddable":true,"href":"https:\/\/www.europesays.com\/fr\/wp-json\/wp\/v2\/comments?post=352733"}],"version-history":[{"count":0,"href":"https:\/\/www.europesays.com\/fr\/wp-json\/wp\/v2\/posts\/352733\/revisions"}],"wp:featuredmedia":[{"embeddable":true,"href":"https:\/\/www.europesays.com\/fr\/wp-json\/wp\/v2\/media\/352734"}],"wp:attachment":[{"href":"https:\/\/www.europesays.com\/fr\/wp-json\/wp\/v2\/media?parent=352733"}],"wp:term":[{"taxonomy":"category","embeddable":true,"href":"https:\/\/www.europesays.com\/fr\/wp-json\/wp\/v2\/categories?post=352733"},{"taxonomy":"post_tag","embeddable":true,"href":"https:\/\/www.europesays.com\/fr\/wp-json\/wp\/v2\/tags?post=352733"}],"curies":[{"name":"wp","href":"https:\/\/api.w.org\/{rel}","templated":true}]}}