{"id":352735,"date":"2025-08-29T18:37:10","date_gmt":"2025-08-29T18:37:10","guid":{"rendered":"https:\/\/www.europesays.com\/fr\/352735\/"},"modified":"2025-08-29T18:37:10","modified_gmt":"2025-08-29T18:37:10","slug":"a-marseille-le-syndicat-enseignant-unsa-tire-la-sonnette-dalarme","status":"publish","type":"post","link":"https:\/\/www.europesays.com\/fr\/352735\/","title":{"rendered":"\u00e0 Marseille, le syndicat enseignant UNSA \u00ab\u00a0tire la sonnette d&rsquo;alarme\u00a0\u00bb"},"content":{"rendered":"<p>\u00c0 l&rsquo;occasion de la <a href=\"https:\/\/www.laprovence.com\/article\/societe\/73864351908898\/pour-la-rentree-les-effectifs-scolaires-baissent-encore-dans-lacademie-daix-marseille\" target=\"_blank\" rel=\"noopener\">rentr\u00e9e scolaire<\/a>, le syndicat enseignant UNSA (SE-UNSA) a tenu, ce vendredi 29\u00a0ao\u00fbt, une conf\u00e9rence de presse pour dresser un constat \u00ab\u00a0alarmant\u00a0\u00bb : selon leur barom\u00e8tre annuel, plus de la moiti\u00e9 des enseignants disent vouloir changer de m\u00e9tier au cours des prochaines ann\u00e9es.\u00a0\u00ab\u00a0Il y a urgence \u00e0 reconsid\u00e9rer l&rsquo;\u00e9cole et ses personnels\u00a0\u00bb, alerte Franck Del\u00e9traz, secr\u00e9taire d\u00e9partemental du syndicat.\u00a0<\/p>\n<p>Un manque de reconnaissance<\/p>\n<p>L&rsquo;une des principales sources de revendication concerne la \u00ab\u00a0d\u00e9gradation\u00a0\u00bb de la r\u00e9mun\u00e9ration des enseignants, CPE et psychologues de l&rsquo;\u00c9ducation nationale. Sans revalorisation d&rsquo;indice depuis trois ans et avec une baisse de la r\u00e9mun\u00e9ration du cong\u00e9 maladie, \u00ab\u00a0le d\u00e9classement est \u00e0 l&rsquo;\u0153uvre\u00a0\u00bb, commente le militant qui est aussi enseignant. Un constat encore plus flagrant pour les assistants d&rsquo;\u00e9ducation et les <a href=\"https:\/\/www.laprovence.com\/article\/region\/1061312468328515\/face-a-des-primes-au-rabais-les-aesh-de-marseille-attaquent-letat-en-justice\" target=\"_blank\" rel=\"noopener\">accompagnants d&rsquo;\u00e9l\u00e8ves en situation de handicap<\/a>, avec \u00ab\u00a0un temps partiel subi\u00a0\u00bb r\u00e9mun\u00e9r\u00e9\u00a0entre 910 et 1 000\u00a0euros net par mois.\u00a0<\/p>\n<p>Sur les 53 000 personnels de l&rsquo;\u00c9ducation nationale interrog\u00e9s par le syndicat, 92\u00a0% expriment leur \u00ab\u00a0d\u00e9saccord profond avec la politique \u00e9ducative de ces derni\u00e8res ann\u00e9es\u00a0\u00bb, et un tiers ne trouvent \u00ab\u00a0plus de sens aux missions&#8230;<\/p>\n","protected":false},"excerpt":{"rendered":"\u00c0 l&rsquo;occasion de la rentr\u00e9e scolaire, le syndicat enseignant UNSA (SE-UNSA) a tenu, ce vendredi 29\u00a0ao\u00fbt, une conf\u00e9rence&hellip;\n","protected":false},"author":2,"featured_media":352736,"comment_status":"","ping_status":"","sticky":false,"template":"","format":"standard","meta":{"footnotes":""},"categories":[2814],"tags":[17,1111,11,1736,1777,674,1011,27,884,12,882,28313,25,7423,104,11564,19455,1269],"class_list":{"0":"post-352735","1":"post","2":"type-post","3":"status-publish","4":"format-standard","5":"has-post-thumbnail","7":"category-marseille","8":"tag-17","9":"tag-actu","10":"tag-actualites","11":"tag-enseignant","12":"tag-eu","13":"tag-europe","14":"tag-fr","15":"tag-france","16":"tag-marseille","17":"tag-news","18":"tag-provence-alpes-cote-dazur","19":"tag-rentree","20":"tag-republique-francaise","21":"tag-scolaire","22":"tag-societe","23":"tag-syndicat","24":"tag-tire","25":"tag-unsa"},"share_on_mastodon":{"url":"https:\/\/pubeurope.com\/@fr\/115113508431914575","error":""},"_links":{"self":[{"href":"https:\/\/www.europesays.com\/fr\/wp-json\/wp\/v2\/posts\/352735","targetHints":{"allow":["GET"]}}],"collection":[{"href":"https:\/\/www.europesays.com\/fr\/wp-json\/wp\/v2\/posts"}],"about":[{"href":"https:\/\/www.europesays.com\/fr\/wp-json\/wp\/v2\/types\/post"}],"author":[{"embeddable":true,"href":"https:\/\/www.europesays.com\/fr\/wp-json\/wp\/v2\/users\/2"}],"replies":[{"embeddable":true,"href":"https:\/\/www.europesays.com\/fr\/wp-json\/wp\/v2\/comments?post=352735"}],"version-history":[{"count":0,"href":"https:\/\/www.europesays.com\/fr\/wp-json\/wp\/v2\/posts\/352735\/revisions"}],"wp:featuredmedia":[{"embeddable":true,"href":"https:\/\/www.europesays.com\/fr\/wp-json\/wp\/v2\/media\/352736"}],"wp:attachment":[{"href":"https:\/\/www.europesays.com\/fr\/wp-json\/wp\/v2\/media?parent=352735"}],"wp:term":[{"taxonomy":"category","embeddable":true,"href":"https:\/\/www.europesays.com\/fr\/wp-json\/wp\/v2\/categories?post=352735"},{"taxonomy":"post_tag","embeddable":true,"href":"https:\/\/www.europesays.com\/fr\/wp-json\/wp\/v2\/tags?post=352735"}],"curies":[{"name":"wp","href":"https:\/\/api.w.org\/{rel}","templated":true}]}}