{"id":352739,"date":"2025-08-29T18:39:12","date_gmt":"2025-08-29T18:39:12","guid":{"rendered":"https:\/\/www.europesays.com\/fr\/352739\/"},"modified":"2025-08-29T18:39:12","modified_gmt":"2025-08-29T18:39:12","slug":"la-metropole-de-lyon-prepare-un-plan-chaleur-pour-renforcer-son-adaptation-climatique","status":"publish","type":"post","link":"https:\/\/www.europesays.com\/fr\/352739\/","title":{"rendered":"La M\u00e9tropole de Lyon pr\u00e9pare un Plan Chaleur pour renforcer son adaptation climatique"},"content":{"rendered":"<p>                                                        <img loading=\"lazy\" decoding=\"async\" width=\"1024\" height=\"683\" src=\"data:image\/svg+xml,%3Csvg%20xmlns=\" http:=\"\" class=\"thumb img-responsive m-x-auto block w-full\" alt=\"lyon entreprises rue pietonne\" caption=\"\" data-lazy-src=\"https:\/\/www.europesays.com\/fr\/wp-content\/uploads\/2025\/08\/1756492752_345_lyon-entreprises-rue-pietonne-1024x683.jpg\"\/><\/p>\n<p class=\"ez-toc-title ez-toc-toggle\" style=\"cursor: pointer\">Sommaire &amp; acc\u00e8s rapide<\/p>\n<p><a href=\"#\" class=\"ez-toc-pull-right ez-toc-btn ez-toc-btn-xs ez-toc-btn-default ez-toc-toggle\" aria-label=\"Toggle Table of Content\">Toggle<\/a><\/p>\n<p><strong>\u00c0 la suite de la Convention M\u00e9tropolitaine pour le Climat organis\u00e9e entre septembre 2024 et janvier 2025, la M\u00e9tropole de Lyon engage la premi\u00e8re d\u00e9clinaison de son nouveau Plan Climat Air \u00c9nergie Territorial (PCAET) 2026\u20132031 : un Plan Chaleur M\u00e9tropolitain destin\u00e9 \u00e0 anticiper et mieux g\u00e9rer les \u00e9pisodes de chaleur extr\u00eame.<\/strong><\/p>\n<p>Une d\u00e9marche participative issue de la Convention pour le climat<\/p>\n<p>Pendant plusieurs mois, 105 citoyens repr\u00e9sentatifs de la population ont d\u00e9battu et formul\u00e9 un avis citoyen articul\u00e9 autour de neuf priorit\u00e9s : justice sociale, qualit\u00e9 de vie, sant\u00e9 publique et solidarit\u00e9. Ces propositions ont nourri la r\u00e9vision du PCAET 2026\u20132031, adopt\u00e9 en juin \u00e0 l\u2019unanimit\u00e9 par le Conseil m\u00e9tropolitain.<\/p>\n<p>Lors d\u2019une premi\u00e8re restitution en mai 2025, la M\u00e9tropole a pris l\u2019engagement de lancer un Plan Chaleur M\u00e9tropolitain, en associant directement les membres de la Convention et les acteurs du territoire \u00e0 son \u00e9laboration.<\/p>\n<p>Un plan structur\u00e9 en quatre \u00e9tapes<\/p>\n<p>Le Plan Chaleur M\u00e9tropolitain, en cours d\u2019\u00e9laboration depuis le printemps 2025, pr\u00e9voit une quinzaine d\u2019actions concr\u00e8tes. Sa mise en \u0153uvre suivra quatre \u00e9tapes :<\/p>\n<ul>\n<li>d\u00e9finition des actions prioritaires (\u00e9t\u00e9 2025) ;<\/li>\n<li>consolidation du plan avec les citoyens et acteurs locaux (automne-hiver 2025) ;<\/li>\n<li>annonce et lancement des premi\u00e8res actions (printemps-\u00e9t\u00e9 2026) ;<\/li>\n<li>\u00e9valuation et ajustements (fin 2026).<\/li>\n<\/ul>\n<p>Ce dispositif vise \u00e0 conjuguer efficacit\u00e9, solidarit\u00e9 et \u00e9quit\u00e9 territoriale afin de prot\u00e9ger les habitants, en particulier les plus vuln\u00e9rables.<\/p>\n<p>Des mesures d\u00e9j\u00e0 \u00e0 l\u2019\u00e9tude<\/p>\n<p>Parmi les pistes envisag\u00e9es figurent :<\/p>\n<ul>\n<li>la reconduction du barom\u00e8tre m\u00e9tropolitain des fortes chaleurs pour mieux comprendre les in\u00e9galit\u00e9s d\u2019exposition ;<\/li>\n<li>l\u2019extension des r\u00e9seaux de froid renouvelables afin de rendre le confort d\u2019\u00e9t\u00e9 plus accessible ;<\/li>\n<li>la cr\u00e9ation d\u2019une r\u00e9serve citoyenne m\u00e9tropolitaine pour soutenir les personnes fragiles en cas de canicule.<\/li>\n<\/ul>\n<p>Des \u00e9lus mobilis\u00e9s autour de l\u2019adaptation<\/p>\n<p>Pour Bruno Bernard, Pr\u00e9sident de la M\u00e9tropole de Lyon, \u00ab le Plan Chaleur m\u00e9tropolitain illustre notre volont\u00e9 d\u2019anticiper collectivement ces d\u00e9fis, en associant les habitants, les \u00e9lus et les acteurs du territoire \u00bb. Philippe Guelpa-Bonaro, Vice-Pr\u00e9sident en charge du climat et de l\u2019\u00e9nergie, souligne que ce plan \u00ab vient renforcer les efforts d\u00e9j\u00e0 engag\u00e9s sur les r\u00e9seaux de froid, la v\u00e9g\u00e9talisation et la r\u00e9novation thermique \u00bb. Laurence Boffet, Vice-Pr\u00e9sidente d\u00e9l\u00e9gu\u00e9e \u00e0 la participation citoyenne, rappelle quant \u00e0 elle que \u00ab les propositions formul\u00e9es par les habitants ont trouv\u00e9 un \u00e9cho direct dans nos actions et en ont dessin\u00e9 de nouvelles \u00bb.<\/p>\n<p>Avec ce plan, la M\u00e9tropole de Lyon entend inscrire l\u2019adaptation climatique au c\u0153ur de ses politiques publiques, en s\u2019appuyant sur une d\u00e9marche citoyenne et collective.<\/p>\n","protected":false},"excerpt":{"rendered":"Sommaire &amp; acc\u00e8s rapide Toggle \u00c0 la suite de la Convention M\u00e9tropolitaine pour le Climat organis\u00e9e entre septembre&hellip;\n","protected":false},"author":2,"featured_media":296305,"comment_status":"","ping_status":"","sticky":false,"template":"","format":"standard","meta":{"footnotes":""},"categories":[1889],"tags":[1111,11,2430,1777,674,1011,27,2428,12,25],"class_list":{"0":"post-352739","1":"post","2":"type-post","3":"status-publish","4":"format-standard","5":"has-post-thumbnail","7":"category-lyon","8":"tag-actu","9":"tag-actualites","10":"tag-auvergne-rhone-alpes","11":"tag-eu","12":"tag-europe","13":"tag-fr","14":"tag-france","15":"tag-lyon","16":"tag-news","17":"tag-republique-francaise"},"share_on_mastodon":{"url":"https:\/\/pubeurope.com\/@fr\/115113516293746253","error":""},"_links":{"self":[{"href":"https:\/\/www.europesays.com\/fr\/wp-json\/wp\/v2\/posts\/352739","targetHints":{"allow":["GET"]}}],"collection":[{"href":"https:\/\/www.europesays.com\/fr\/wp-json\/wp\/v2\/posts"}],"about":[{"href":"https:\/\/www.europesays.com\/fr\/wp-json\/wp\/v2\/types\/post"}],"author":[{"embeddable":true,"href":"https:\/\/www.europesays.com\/fr\/wp-json\/wp\/v2\/users\/2"}],"replies":[{"embeddable":true,"href":"https:\/\/www.europesays.com\/fr\/wp-json\/wp\/v2\/comments?post=352739"}],"version-history":[{"count":0,"href":"https:\/\/www.europesays.com\/fr\/wp-json\/wp\/v2\/posts\/352739\/revisions"}],"wp:featuredmedia":[{"embeddable":true,"href":"https:\/\/www.europesays.com\/fr\/wp-json\/wp\/v2\/media\/296305"}],"wp:attachment":[{"href":"https:\/\/www.europesays.com\/fr\/wp-json\/wp\/v2\/media?parent=352739"}],"wp:term":[{"taxonomy":"category","embeddable":true,"href":"https:\/\/www.europesays.com\/fr\/wp-json\/wp\/v2\/categories?post=352739"},{"taxonomy":"post_tag","embeddable":true,"href":"https:\/\/www.europesays.com\/fr\/wp-json\/wp\/v2\/tags?post=352739"}],"curies":[{"name":"wp","href":"https:\/\/api.w.org\/{rel}","templated":true}]}}