{"id":352740,"date":"2025-08-29T18:40:16","date_gmt":"2025-08-29T18:40:16","guid":{"rendered":"https:\/\/www.europesays.com\/fr\/352740\/"},"modified":"2025-08-29T18:40:16","modified_gmt":"2025-08-29T18:40:16","slug":"la-metropole-de-lyon-renforce-ses-investissements-pour-le-sport-et-le-parasport","status":"publish","type":"post","link":"https:\/\/www.europesays.com\/fr\/352740\/","title":{"rendered":"La M\u00e9tropole de Lyon renforce ses investissements pour le sport et le parasport"},"content":{"rendered":"<p>                                                        <img loading=\"lazy\" decoding=\"async\" width=\"1306\" height=\"868\" src=\"data:image\/svg+xml,%3Csvg%20xmlns=\" http:=\"\" class=\"thumb img-responsive m-x-auto block w-full\" alt=\"lyon entreprises parilly\" caption=\"\" data-lazy-src=\"https:\/\/www.europesays.com\/fr\/wp-content\/uploads\/2025\/08\/capture-decran-2025-08-29-192532.png\"\/><\/p>\n<p class=\"ez-toc-title ez-toc-toggle\" style=\"cursor: pointer\">Sommaire &amp; acc\u00e8s rapide<\/p>\n<p><a href=\"#\" class=\"ez-toc-pull-right ez-toc-btn ez-toc-btn-xs ez-toc-btn-default ez-toc-toggle\" aria-label=\"Toggle Table of Content\">Toggle<\/a><\/p>\n<p><strong>Avec l\u2019inauguration du stade r\u00e9nov\u00e9 de Parilly et le d\u00e9veloppement de nouveaux \u00e9quipements dans la Plaine des Sports et au P\u00f4le France Aviron, la M\u00e9tropole de Lyon confirme son ambition de r\u00e9pondre aux enjeux d\u2019accessibilit\u00e9, de sant\u00e9 et de coh\u00e9sion sociale \u00e0 travers une politique sportive ambitieuse.<\/strong><\/p>\n<p>Le stade de Parilly retrouve sa place dans le circuit national<\/p>\n<p>Le 28 ao\u00fbt 2025, la M\u00e9tropole a inaugur\u00e9 le stade m\u00e9tropolitain d\u2019athl\u00e9tisme de Parilly apr\u00e8s 3,7 millions d\u2019euros de travaux. Men\u00e9s entre octobre 2024 et ao\u00fbt 2025, ils ont permis la r\u00e9novation compl\u00e8te de la piste, des zones de saut et de lancer, des tribunes et vestiaires, ainsi que la mise en accessibilit\u00e9 et l\u2019int\u00e9gration d\u2019\u00e9quipements num\u00e9riques. Le site, qui avait accueilli les championnats du monde handisport en 2013 et v\u00e9t\u00e9rans en 2015, vise d\u00e9sormais \u00e0 redevenir un lieu de comp\u00e9titions nationales et internationales.<\/p>\n<p>Le stade b\u00e9n\u00e9ficie d\u2019infrastructures compl\u00e8tes : 8 pistes de 400 m, 2 lignes droites de 100 m, une rivi\u00e8re de steeple, plusieurs aires de saut et de lancer. Plus de 280 000 coll\u00e9giens y pratiquent chaque ann\u00e9e une activit\u00e9 sportive, et plus de 180 \u00e9v\u00e9nements grand public y sont organis\u00e9s. Les subventions de l\u2019\u00c9tat (360 000 \u20ac) et de la R\u00e9gion (300 000 \u20ac) ont contribu\u00e9 \u00e0 ce projet.<\/p>\n<p>La Plaine des Sports : soutenir les pratiques \u00e9mergentes<\/p>\n<p>\u00c0 la pointe sud-est de la Plaine des Sports, la M\u00e9tropole a investi 180 000 \u20ac dans la cr\u00e9ation de terrains d\u00e9di\u00e9s au baseball, au softball et \u00e0 l\u2019ultimate frisbee. Utilis\u00e9s notamment par l\u2019ASUL Baseball Softball Club Bron\/Saint-Priest, le Rh\u00f4ne Cricket Club et le Club d\u2019Ultimate des Gones, ces infrastructures offrent de nouvelles perspectives de d\u00e9veloppement aux clubs locaux et renforcent l\u2019attractivit\u00e9 du site.<\/p>\n<p>Des \u00eelots sportifs pour les quartiers<\/p>\n<p>Depuis 2023, la M\u00e9tropole encourage la cr\u00e9ation d\u2019\u00eelots sportifs de proximit\u00e9, en plein air et en acc\u00e8s libre. Trois sont d\u00e9j\u00e0 en service (Lyon, V\u00e9nissieux, Vaulx-en-Velin), deux en cours (Tassin-la-Demi-Lune, Irigny) et neuf autres en pr\u00e9paration. Le projet SPOT de Lyon M\u00e9tropole Habitat, subventionn\u00e9 \u00e0 hauteur de 300 000 \u20ac, illustre cette d\u00e9marche avec des terrains multisports, du street workout, des aires de jeux et des animations locales.<\/p>\n<p>Au total, entre 2022 et 2024, plus de 7,4 millions d\u2019euros ont \u00e9t\u00e9 vers\u00e9s par la M\u00e9tropole aux communes pour la construction et la r\u00e9novation d\u2019\u00e9quipements sportifs.<\/p>\n<p>Un soutien affirm\u00e9 au P\u00f4le France Aviron<\/p>\n<p>La M\u00e9tropole a \u00e9galement investi 300 000 \u20ac dans la r\u00e9novation du P\u00f4le France d\u2019Aviron, situ\u00e9 \u00e0 Miribel-Jonage. Les travaux concernent la r\u00e9novation des hangars \u00e0 bateaux, l\u2019agrandissement des vestiaires et sanitaires, la cr\u00e9ation d\u2019un plateau de musculation, d\u2019un espace m\u00e9dical et d\u2019une salle de repos. Enti\u00e8rement accessible aux personnes en situation de handicap, ce site accompagne le d\u00e9veloppement de cinq clubs m\u00e9tropolitains de haut niveau (Lyon, Caluire-et-Cuire, D\u00e9cines-Charpieu, Meyzieu).<\/p>\n<p>Une politique sportive tourn\u00e9e vers l\u2019avenir<\/p>\n<p>\u00c0 travers ces investissements, la M\u00e9tropole de Lyon affirme sa volont\u00e9 de diversifier les pratiques sportives, de soutenir les clubs et associations, et de renforcer la place du sport comme vecteur de coh\u00e9sion sociale, d\u2019inclusion et de sant\u00e9. Ces projets s\u2019inscrivent dans une strat\u00e9gie de long terme pour faire de la m\u00e9tropole lyonnaise l\u2019un des territoires les mieux \u00e9quip\u00e9s en France en mati\u00e8re de sport et de parasport.<\/p>\n","protected":false},"excerpt":{"rendered":"Sommaire &amp; acc\u00e8s rapide Toggle Avec l\u2019inauguration du stade r\u00e9nov\u00e9 de Parilly et le d\u00e9veloppement de nouveaux \u00e9quipements&hellip;\n","protected":false},"author":2,"featured_media":352741,"comment_status":"","ping_status":"","sticky":false,"template":"","format":"standard","meta":{"footnotes":""},"categories":[1889],"tags":[1111,11,2430,1777,674,1011,27,2428,12,25],"class_list":{"0":"post-352740","1":"post","2":"type-post","3":"status-publish","4":"format-standard","5":"has-post-thumbnail","7":"category-lyon","8":"tag-actu","9":"tag-actualites","10":"tag-auvergne-rhone-alpes","11":"tag-eu","12":"tag-europe","13":"tag-fr","14":"tag-france","15":"tag-lyon","16":"tag-news","17":"tag-republique-francaise"},"share_on_mastodon":{"url":"https:\/\/pubeurope.com\/@fr\/115113520241950942","error":""},"_links":{"self":[{"href":"https:\/\/www.europesays.com\/fr\/wp-json\/wp\/v2\/posts\/352740","targetHints":{"allow":["GET"]}}],"collection":[{"href":"https:\/\/www.europesays.com\/fr\/wp-json\/wp\/v2\/posts"}],"about":[{"href":"https:\/\/www.europesays.com\/fr\/wp-json\/wp\/v2\/types\/post"}],"author":[{"embeddable":true,"href":"https:\/\/www.europesays.com\/fr\/wp-json\/wp\/v2\/users\/2"}],"replies":[{"embeddable":true,"href":"https:\/\/www.europesays.com\/fr\/wp-json\/wp\/v2\/comments?post=352740"}],"version-history":[{"count":0,"href":"https:\/\/www.europesays.com\/fr\/wp-json\/wp\/v2\/posts\/352740\/revisions"}],"wp:featuredmedia":[{"embeddable":true,"href":"https:\/\/www.europesays.com\/fr\/wp-json\/wp\/v2\/media\/352741"}],"wp:attachment":[{"href":"https:\/\/www.europesays.com\/fr\/wp-json\/wp\/v2\/media?parent=352740"}],"wp:term":[{"taxonomy":"category","embeddable":true,"href":"https:\/\/www.europesays.com\/fr\/wp-json\/wp\/v2\/categories?post=352740"},{"taxonomy":"post_tag","embeddable":true,"href":"https:\/\/www.europesays.com\/fr\/wp-json\/wp\/v2\/tags?post=352740"}],"curies":[{"name":"wp","href":"https:\/\/api.w.org\/{rel}","templated":true}]}}