{"id":352752,"date":"2025-08-29T18:47:10","date_gmt":"2025-08-29T18:47:10","guid":{"rendered":"https:\/\/www.europesays.com\/fr\/352752\/"},"modified":"2025-08-29T18:47:10","modified_gmt":"2025-08-29T18:47:10","slug":"la-russie-condamne-le-decret-du-trio-europeen-des-sanctions-sur-liran-au-sujet-du-programme-nucleaire","status":"publish","type":"post","link":"https:\/\/www.europesays.com\/fr\/352752\/","title":{"rendered":"La Russie condamne le d\u00e9cret du Trio europ\u00e9en des sanctions sur l&rsquo;Iran au sujet du programme nucl\u00e9aire"},"content":{"rendered":"<p class=\"p1\">ARTA &#8211; La Russie d\u00e9nonce la d\u00e9cision du Trio europ\u00e9en, \u00e0 savoir la Grande-Bretagne, l\u2019Allemagne et la France, de lancer un processus susceptible d\u2019appliquer les sanctions de l\u2019ONU contre l\u2019Iran en ce qui concerne son programme nucl\u00e9aire.<\/p>\n<p class=\"p1\">r\u00e9nal : Les trois pays europ\u00e9ens, connus sous le nom de E3, ont lanc\u00e9 jeudi un \u00ab m\u00e9canisme d\u2019arri\u00e8re-arri\u00e8re \u00bb sur les accusations de l\u2019Iran de violer l\u2019accord de 2015 visant \u00e0 les emp\u00eacher de d\u00e9velopper leurs capacit\u00e9s d\u2019armes nucl\u00e9aires en \u00e9change de la lev\u00e9e des sanctions internationales.<\/p>\n<p class=\"p1\">ronyme. \u00ab Nous condamnons fermement les actions de ces pays europ\u00e9ens et appelons la communaut\u00e9 internationale \u00e0 les rejeter \u00bb, a d\u00e9clar\u00e9 le minist\u00e8re russe des Affaires \u00e9trang\u00e8res dans un communiqu\u00e9 bl\u00e2mant les \u00c9tats-Unis et l\u2019Europe pour avoir enfreint l\u2019accord de 2015 \u00bb, a rapport\u00e9 Reuters, vendredi 29 ao\u00fbt.<\/p>\n<p class=\"p1\">ronyme : La Russie a sign\u00e9 un accord de coop\u00e9ration strat\u00e9gique avec l&rsquo;Iran cette ann\u00e9e et a condamn\u00e9 les bombardements isra\u00e9liens et am\u00e9ricains sur les sites nucl\u00e9aires iraniennes en juin.<\/p>\n<p class=\"p1\">ronyme : L&rsquo;Iran a rejet\u00e9 les accusations occidentales d&rsquo;essayer de d\u00e9velopper des armes nucl\u00e9aires.<\/p>\n<p class=\"p1\">r\u00e9nal, par la porte-parole du minist\u00e8re russe des Affaires \u00e9trang\u00e8res, Maria Zakharova, a d\u00e9clar\u00e9 que les efforts visant \u00e0 r\u00e9imposer des sanctions contre T\u00e9h\u00e9ran \u00e9taient \u00ab de graves facteurs de d\u00e9stabilisation \u00bb qui entravaient les efforts de recherche de solutions n\u00e9goci\u00e9s.<\/p>\n<p class=\"p1\">ar a d\u00e9clar\u00e9 qu\u2019il \u00e9tait important d\u2019emp\u00eacher une nouvelle escalade du programme nucl\u00e9aire iranien qui entra\u00eenerait des \u00ab cons\u00e9quences graves \u00bb.<\/p>\n<p>The English, Chinese, Japanese, Arabic, and French versions are automatically generated by the AI. So there may still be inaccuracies in translating, please always see Indonesian as our main language.<br \/>\n                                    (system supported by DigitalSiber.id)<\/p>\n","protected":false},"excerpt":{"rendered":"ARTA &#8211; La Russie d\u00e9nonce la d\u00e9cision du Trio europ\u00e9en, \u00e0 savoir la Grande-Bretagne, l\u2019Allemagne et la France,&hellip;\n","protected":false},"author":2,"featured_media":352753,"comment_status":"","ping_status":"","sticky":false,"template":"","format":"standard","meta":{"footnotes":""},"categories":[1591],"tags":[48931,11,48933,1887,48932,12,48930,1885,1886,132],"class_list":{"0":"post-352752","1":"post","2":"type-post","3":"status-publish","4":"format-standard","5":"has-post-thumbnail","7":"category-russie","8":"tag-a-savoir-la-grande-bretagne","9":"tag-actualites","10":"tag-de-lancer-un-processus-susceptible-de-reimposer-les-sanctions-de-lonu-contre-liran-en-ce-qui-concerne-son-programme-nucleaire","11":"tag-federation-de-russie","12":"tag-lallemagne-et-la-france","13":"tag-news","14":"tag-ronyme-la-russie-a-condamne-la-decision-du-trio-europeen","15":"tag-russia","16":"tag-russian-federation","17":"tag-russie"},"share_on_mastodon":{"url":"https:\/\/pubeurope.com\/@fr\/115113547772166979","error":""},"_links":{"self":[{"href":"https:\/\/www.europesays.com\/fr\/wp-json\/wp\/v2\/posts\/352752","targetHints":{"allow":["GET"]}}],"collection":[{"href":"https:\/\/www.europesays.com\/fr\/wp-json\/wp\/v2\/posts"}],"about":[{"href":"https:\/\/www.europesays.com\/fr\/wp-json\/wp\/v2\/types\/post"}],"author":[{"embeddable":true,"href":"https:\/\/www.europesays.com\/fr\/wp-json\/wp\/v2\/users\/2"}],"replies":[{"embeddable":true,"href":"https:\/\/www.europesays.com\/fr\/wp-json\/wp\/v2\/comments?post=352752"}],"version-history":[{"count":0,"href":"https:\/\/www.europesays.com\/fr\/wp-json\/wp\/v2\/posts\/352752\/revisions"}],"wp:featuredmedia":[{"embeddable":true,"href":"https:\/\/www.europesays.com\/fr\/wp-json\/wp\/v2\/media\/352753"}],"wp:attachment":[{"href":"https:\/\/www.europesays.com\/fr\/wp-json\/wp\/v2\/media?parent=352752"}],"wp:term":[{"taxonomy":"category","embeddable":true,"href":"https:\/\/www.europesays.com\/fr\/wp-json\/wp\/v2\/categories?post=352752"},{"taxonomy":"post_tag","embeddable":true,"href":"https:\/\/www.europesays.com\/fr\/wp-json\/wp\/v2\/tags?post=352752"}],"curies":[{"name":"wp","href":"https:\/\/api.w.org\/{rel}","templated":true}]}}