{"id":352756,"date":"2025-08-29T18:49:10","date_gmt":"2025-08-29T18:49:10","guid":{"rendered":"https:\/\/www.europesays.com\/fr\/352756\/"},"modified":"2025-08-29T18:49:10","modified_gmt":"2025-08-29T18:49:10","slug":"rapport-etats-unis-les-100-premiers-jours-du-deuxieme-mandat-de-donald-trump","status":"publish","type":"post","link":"https:\/\/www.europesays.com\/fr\/352756\/","title":{"rendered":"[Rapport] \u00c9tats-Unis \u2014 Les 100 premiers jours du deuxi\u00e8me mandat de Donald Trump"},"content":{"rendered":"<p style=\"text-align: justify;\"><b>R\u00e9\u00e9lu pour la deuxi\u00e8me fois, Donald Trump a, d\u00e8s les cent premiers jours de son second mandat \u00e0 la Maison-Blanche, initi\u00e9 et renforc\u00e9 un cadre et des dynamiques qui transforment radicalement les \u00c9tats-Unis et leur rapport au monde. Sur les plans commercial, financier, militaire, scientifique, technologique, \u00e9nerg\u00e9tique et diplomatique, les mesures qu\u2019il a adopt\u00e9es avec sa nouvelle \u00e9quipe ont des r\u00e9percussions consid\u00e9rables sur l\u2019Europe et la France.<\/b><\/p>\n<p style=\"text-align: justify;\">Pour la deuxi\u00e8me fois, les \u00e9lecteurs am\u00e9ricains ont \u00e9lu Donald Trump \u00e0 la t\u00eate de la premi\u00e8re puissance mondiale, ce qui traduit une tendance de fond de la soci\u00e9t\u00e9 am\u00e9ricaine. Pendant les cent premiers jours de son second mandat, entre le 20 janvier et le 30 avril, Donald Trump a sign\u00e9 plus d\u2019une centaine de d\u00e9crets et une dizaine de m\u00e9morandums, et a multipli\u00e9 les d\u00e9clarations d\u00e9sar\u00e7onnantes pour les habitu\u00e9s des usages pr\u00e9sidentiels du XXe si\u00e8cle. Malgr\u00e9 le caract\u00e8re impr\u00e9visible du pr\u00e9sident r\u00e9\u00e9lu, la p\u00e9riode des cent premiers jours est cruciale pour comprendre les dynamiques scientifiques et technologiques instaur\u00e9es et mises en \u0153uvre par la nouvelle \u00e9quipe de secr\u00e9taires et de conseillers choisie par l\u2019ex\u00e9cutif am\u00e9ricain. Ce nouveau cadre a et aura des r\u00e9percussions sur la France et les pays europ\u00e9ens jusqu\u2019en 2029, au moins.<\/p>\n<p style=\"text-align: justify;\">En outre, il para\u00eet d\u2019autant plus pertinent d\u2019\u00e9couter ce qu\u2019il dit et d\u2019analyser ce qu\u2019il fait pour le comprendre. \u00c0 ce propos, sans comparaison abusive, le dirigeant d\u2019Al-Qa\u00efda,<a href=\"https:\/\/911commission.gov\/report\/911Report.pdf\" rel=\"nofollow noopener\" target=\"_blank\"> Oussama ben Laden, avait fait montre, \u00e0 la fin des ann\u00e9es 1990<\/a>, de son intention d\u2019orchestrer des attentats \u00e0 Washington et \u00e0 New York. En 2004, il a affirm\u00e9 que son objectif initial \u00e9tait de pousser les Am\u00e9ricains<a href=\"https:\/\/www.aljazeera.com\/news\/2004\/11\/1\/full-transcript-of-bin-ladins-speech\" rel=\"nofollow noopener\" target=\"_blank\"> \u00e0 surr\u00e9agir en s\u2019engouffrant dans une guerre co\u00fbteuse impossible \u00e0 gagner au Moyen-Orient<\/a>, afin de provoquer l\u2019hostilit\u00e9 des populations musulmanes du monde entier \u00e0 leur \u00e9gard. De la m\u00eame mani\u00e8re, Vladimir Poutine a annonc\u00e9, \u00e0 Munich en 2007,<a href=\"https:\/\/www.washingtonpost.com\/opinions\/2022\/02\/20\/putin-ukraine-nato-2007-munich-conference\/\" rel=\"nofollow noopener\" target=\"_blank\"> que l\u2019\u00e9largissement de l\u2019OTAN vers l\u2019est \u00e9tait inacceptable du point de vue de la Russie<\/a>, laissant entendre qu\u2019une r\u00e9ponse tr\u00e8s ferme s\u2019ensuivrait \u2014 ce que la guerre en Ukraine, quinze ans plus tard, est venue confirmer. D\u00e8s lors, \u00e9couter l\u2019adversaire para\u00eet toujours indispensable, ind\u00e9pendamment de ses croyances personnelles.<\/p>\n<p>Des \u00c9tats-Unis plus proches du XIXe si\u00e8cle que de la d\u00e9cennie 1990<\/p>\n<p style=\"text-align: justify;\">Au cours des cent premiers jours de sa nouvelle pr\u00e9sidence, Donald Trump a red\u00e9fini la puissance de son pays en renouant avec la tradition d\u2019expansionnisme territorial des XVIIIe et XIXe si\u00e8cles, affirmant vouloir contr\u00f4ler de nouveaux territoires ou pays souverains : canal de Panama, Groenland (Danemark), Canada. Plus significativement, lui et sa nouvelle \u00e9quipe de r\u00e9publicains, globalement favorables au protectionnisme, estiment que \u00ab la s\u00e9curit\u00e9 \u00e9conomique fait partie de la s\u00e9curit\u00e9 nationale \u00bb. \u00c0 ce titre, ils ont men\u00e9 une offensive douani\u00e8re \u00e0 l\u2019\u00e9chelle mondiale, ciblant en priorit\u00e9 les pays ou groupes de pays avec lesquels Washington enregistre les d\u00e9ficits commerciaux les plus \u00e9lev\u00e9s. La Chine a \u00e9t\u00e9 particuli\u00e8rement vis\u00e9e par cette politique mercantiliste.<\/p>\n<p style=\"text-align: justify;\">En tournant r\u00e9solument le dos \u00e0 la mondialisation qu\u2019ils d\u00e9fendaient lorsqu\u2019ils dominaient le commerce mondial, les \u00c9tats-Unis tentent notamment de corriger le co\u00fbt du service de leur dette, d\u00e9sormais sup\u00e9rieur \u00e0 leur budget de la d\u00e9fense. Cette situation menace, \u00e0 moyen et long terme, leur puissance au profit de leurs adversaires. En outre, ils s\u2019emploient \u00e0 r\u00e9industrialiser leur \u00e9conomie, en mettant tout particuli\u00e8rement l\u2019accent sur la sid\u00e9rurgie, afin de renforcer leur base industrielle de d\u00e9fense en cas de conflit.<\/p>\n<p style=\"text-align: justify;\">Au 30 avril 2025, ce renforcement du nationalisme am\u00e9ricain s\u2019est \u00e9galement traduit par des mesures visant \u00e0 r\u00e9duire leurs d\u00e9pendances aux mati\u00e8res premi\u00e8res, notamment aux minerais strat\u00e9giques. Dans la m\u00eame perspective, Donald Trump a modifi\u00e9 la loi extraterritoriale FCPA pour favoriser les entreprises am\u00e9ricaines sur les march\u00e9s mondiaux. Celles-ci sont en outre soutenues par l\u2019Advocacy Center du D\u00e9partement du commerce et par les services de renseignement, dont le budget atteint 106,3 milliards de dollars en 2025. Les agences de renseignement am\u00e9ricaines coop\u00e8rent \u00e9troitement avec le Bureau of Industry and Security (BIS) pour contr\u00f4ler les exportations de technologies sensibles d\u2019origine am\u00e9ricaine. Quant au CFIUS, il s\u2019est vu attribuer des pouvoirs \u00e9largis afin de surveiller les investissements \u00e9trangers \u2014 Chine en t\u00eate \u2014 jug\u00e9s pr\u00e9judiciables aux int\u00e9r\u00eats des \u00c9tats-Unis.<\/p>\n<p style=\"text-align: justify;\">Dans la construction de ce nouveau syst\u00e8me commercial et financier, l\u2019ex\u00e9cutif am\u00e9ricain r\u00e9\u00e9lu exerce \u00e9galement des pressions en faveur d\u2019une baisse des taux directeurs de la R\u00e9serve f\u00e9d\u00e9rale, notamment pour affaiblir le dollar et stimuler les exportations am\u00e9ricaines. Parall\u00e8lement, la d\u00e9fense du dollar en tant que monnaie de r\u00e9serve mondiale passe aussi par la promotion des cryptomonnaies en g\u00e9n\u00e9ral et des stablecoins en particulier. S\u2019y ajoute la possible mise en place d\u2019un fonds souverain am\u00e9ricain, aux ambitions pr\u00e9datrices \u00e0 peine dissimul\u00e9es, visant les entreprises \u00e9trang\u00e8res innovantes.<\/p>\n<p>L\u2019accroissement de la puissance am\u00e9ricaine : la recherche de pr\u00e9\u00e9minence technologique et \u00e9nerg\u00e9tique<\/p>\n<p style=\"text-align: justify;\">Les mesures de Trump pour accro\u00eetre la puissance des \u00c9tats-Unis au nom de la s\u00e9curit\u00e9 nationale se traduisent par une qu\u00eate de supr\u00e9matie (leadership), en particulier dans les domaines des sciences, des technologies et de l\u2019\u00e9nergie, et, plus largement, de l\u2019\u00e9conomie. Pour y parvenir, la nouvelle administration actionne tous les leviers \u00e0 sa port\u00e9e : investissements massifs, partenariats public-priv\u00e9, d\u00e9r\u00e9glementation cibl\u00e9e et mobilisation des laboratoires du d\u00e9partement de l\u2019\u00c9nergie.<\/p>\n<p style=\"text-align: justify;\">Dans la course technologique mondiale que Washington ne veut pas perdre, les priorit\u00e9s portent sur des technologies qui d\u00e9multiplient la productivit\u00e9, peuvent converger entre elles et conf\u00e8rent un avantage strat\u00e9gique pour la d\u00e9fense : intelligence artificielle, informatique quantique, biotechnologies. D\u2019autres domaines sont \u00e9galement consid\u00e9r\u00e9s comme prioritaires : supercalculateurs (HPC), r\u00e9acteurs nucl\u00e9aires de nouvelle g\u00e9n\u00e9ration et fusion nucl\u00e9aire. Cette course \u00e0 la pr\u00e9\u00e9minence technologique est largement soutenue par les plus \u00e9minents milliardaires am\u00e9ricains de la tech, venus assister \u00e0 son investiture, voire, pour certains \u2014 comme Elon Musk, nomm\u00e9 \u00e0 la t\u00eate du DOGE \u2014, choisis pour travailler \u00e0 ses c\u00f4t\u00e9s en vue de \u00ab d\u00e9bureaucratiser \u00bb et \u00ab reprivatiser \u00bb l\u2019\u00e9conomie am\u00e9ricaine.<\/p>\n<p style=\"text-align: justify;\">Cette recherche de leadership passe aussi par l\u2019\u00e9nergie, \u00e9tant donn\u00e9 les besoins consid\u00e9rables en \u00e9lectricit\u00e9 qu\u2019impliquent ces technologies ainsi que la r\u00e9industrialisation des \u00c9tats-Unis. Les priorit\u00e9s \u00e9cologiques de la pr\u00e9c\u00e9dente administration ont \u00e9t\u00e9 abandonn\u00e9es au profit d\u2019une relance massive des \u00e9nergies carbon\u00e9es et du nucl\u00e9aire (\u00ab Nuclear Renaissance \u00bb). Ces choix politiques font l\u2019impasse sur les cons\u00e9quences pour le climat et la biodiversit\u00e9, alors m\u00eame que les limites \u00e9cologiques commencent \u00e0 remettre en cause les fondements de l\u2019\u00e9conomie am\u00e9ricaine et, \u00e0 terme, la vie humaine sur Terre.<\/p>\n<p style=\"text-align: justify;\">Parall\u00e8lement, l\u2019administration Trump a gel\u00e9 les financements de nombreux champs de recherche li\u00e9s \u00e0 l\u2019environnement (NSF, NASA), au profit de projets d\u00e9di\u00e9s exclusivement \u00e0 la s\u00e9curit\u00e9 nationale. Cela remet en partie en cause le syst\u00e8me d\u2019innovation des \u00c9tats-Unis, fond\u00e9 sur le secteur priv\u00e9, le monde acad\u00e9mique et le financement public. N\u00e9anmoins, la relance massive de la commande publique \u00e0 travers le budget am\u00e9ricain 2026 \u2014 estim\u00e9 \u00e0 plus de 1 000 milliards de dollars au 30 avril \u2014 devrait servir de levier pour stimuler l\u2019innovation du secteur priv\u00e9, des GAFAM aux jeunes pousses cibl\u00e9es par la Defense Innovation Unit.<\/p>\n<p>Washington \u00e0 l\u2019offensive contre le monde, ses rivaux syst\u00e9miques, l\u2019Union europ\u00e9enne et la France <\/p>\n<p style=\"text-align: justify;\">Le renforcement du nationalisme \u00e9conomique des \u00c9tats-Unis s\u2019explique aussi par le changement de configuration g\u00e9opolitique et g\u00e9o\u00e9conomique du monde, dans lequel ils ne sont plus l\u2019hyperpuissance. Ce changement de paradigme prend ses racines dans les ann\u00e9es 1970 : rebond \u00e9conomique chinois (Deng Xiaoping, 1978), reprise en main des ressources naturelles par les anciens pays colonis\u00e9s (chocs p\u00e9troliers), renouveau d\u2019un islam politique prenant \u00e0 contre-pied la globalisation occidentale (r\u00e9volution iranienne men\u00e9e par Khomeyni, 1978-1979) et r\u00e9veil d\u2019empires continentaux hostiles \u00e0 l\u2019Am\u00e9rique. \u00c0 ce titre, la communaut\u00e9 am\u00e9ricaine du renseignement a soulign\u00e9, dans son rapport annuel et devant le Congr\u00e8s, que la Chine, la Russie, l\u2019Iran et la Cor\u00e9e du Nord sont les pays qui menacent le plus les int\u00e9r\u00eats s\u00e9curitaires et \u00e9conomiques des \u00c9tats-Unis. De surcro\u00eet, elle a mis l\u2019accent sur leur rapprochement depuis la guerre en Ukraine, \u00e0 la suite de l\u2019invasion russe.<\/p>\n<p style=\"text-align: justify;\">Au cours des cent premiers jours de Donald Trump au pouvoir, Washington a notamment cibl\u00e9 la Chine \u2014 son rival le plus s\u00e9rieux \u2014, qu\u2019il tient pour responsable de la crise du fentanyl, de pillages technologiques, de transbordements abusifs et de d\u00e9valuations mon\u00e9taires in\u00e9quitables. T\u00e9h\u00e9ran a \u00e9galement \u00e9t\u00e9 vis\u00e9 par une batterie de sanctions et menac\u00e9 de bombardements en raison du d\u00e9veloppement d\u2019armes nucl\u00e9aires et de son pouvoir de nuisance au Moyen-Orient. Quant \u00e0 la Russie, les pourparlers de paix en Ukraine ont stagn\u00e9 et le soutien am\u00e9ricain \u00e0 Kiev a \u00e9t\u00e9 erratique. \u00c0 cela s\u2019ajoutent les autres pays des BRICS \u00e9largis, qui cherchent \u00e0 s\u2019extraire du syst\u00e8me mon\u00e9taire international domin\u00e9 par le dollar et auxquels Trump a menac\u00e9 d\u2019imposer des droits de douane substantiels afin de contrecarrer leurs initiatives.<\/p>\n<p style=\"text-align: justify;\">Les \u00c9tats membres de l\u2019Union europ\u00e9enne (UE), dont la France, ont \u00e9t\u00e9 dans le viseur du nouveau locataire de la Maison-Blanche. S\u2019agissant de l\u2019UE, Donald Trump a annonc\u00e9, le 2 avril, des droits de douane de 25 % afin de r\u00e9\u00e9quilibrer, \u00e0 son avantage, l\u2019exc\u00e9dent commercial des pays europ\u00e9ens vis-\u00e0-vis des \u00c9tats-Unis \u2014 estim\u00e9 \u00e0 pr\u00e8s de 200 milliards d\u2019euros \u2014, puis a propos\u00e9 de le ramener \u00e0 10 % pour n\u00e9gocier. Bien que la France affiche un d\u00e9ficit commercial de biens avec les \u00c9tats-Unis, renforc\u00e9 par \u00ab l\u2019effet de Rotterdam \u00bb \u2014 contrairement \u00e0 l\u2019Allemagne et \u00e0 l\u2019Italie \u2014, les droits de douane ont \u00e9t\u00e9 fix\u00e9s \u00e0 20 % pour l\u2019Hexagone et jusqu\u2019\u00e0 50 % pour certains territoires d\u2019outre-mer. Au 30 avril, les secteurs les plus touch\u00e9s \u00e9taient l\u2019a\u00e9ronautique, les vins et spiritueux, les produits pharmaceutiques et la cosm\u00e9tique. \u00c0 cet \u00e9gard, les entreprises exportatrices de ces fili\u00e8res avaient adopt\u00e9 ou comptaient adopter des strat\u00e9gies ad hoc pour contourner les barri\u00e8res douani\u00e8res. Au-del\u00e0 des droits de douane instaur\u00e9s par l\u2019administration am\u00e9ricaine au cours des cent premiers jours du mandat de Donald Trump, des entit\u00e9s am\u00e9ricaines ont vis\u00e9 des entreprises et des institutions fran\u00e7aises pour influencer ou d\u00e9stabiliser leurs orientations strat\u00e9giques : agences de notation, short-sellers activistes, cr\u00e9ation de d\u00e9pendances technologiques et financi\u00e8res au sein des institutions fran\u00e7aises, d\u00e9sancrage territorial du tissu entrepreneurial des jeunes pousses innovantes, rachats ou tentatives d\u2019acquisition d\u2019entreprises strat\u00e9giques (intelligence artificielle, quantique, biotechnologies, d\u00e9fense).<\/p>\n<p>Quid de la politique internationale de Donald Trump depuis la fin des cent premiers jours \u00e0 ao\u00fbt 2025 ?<\/p>\n<p style=\"text-align: justify;\">Apr\u00e8s le 30 avril 2025, l\u2019ex\u00e9cutif am\u00e9ricain a poursuivi son offensive contre ses rivaux syst\u00e9miques. Bien que la Chine fasse l\u2019objet d\u2019une tr\u00eave tarifaire prolong\u00e9e jusqu\u2019au 10 novembre 2025, la nouvelle administration a d\u00e9cid\u00e9 la<a href=\"https:\/\/www.whitehouse.gov\/fact-sheets\/2025\/07\/fact-sheet-president-donald-j-trump-is-protecting-the-united-states-national-security-and-economy-by-suspending-the-de-minimis-exemption-for-commercial-shipments-globally\/\" rel=\"nofollow noopener\" target=\"_blank\"> suppression du r\u00e9gime \u00ab de minimis \u00bb<\/a> \u00e0 compter du 29 ao\u00fbt, lequel exon\u00e9rait de droits les colis d\u2019une valeur inf\u00e9rieure \u00e0 800 dollars. \u00c0 cet \u00e9gard, les entreprises chinoises Temu et Shein ont \u00e9t\u00e9 particuli\u00e8rement cibl\u00e9es, outre<a href=\"https:\/\/www.ainvest.com\/news\/global-supply-chains-crossroads-navigating-trump-40-transshipment-tariff-investors-2508\/\" rel=\"nofollow noopener\" target=\"_blank\"> des droits de douane de 40 %<\/a> sur les produits transbord\u00e9s vers les \u00c9tats-Unis. Sur la m\u00eame p\u00e9riode, les n\u00e9gociations de paix en Ukraine ont stagn\u00e9, tandis que Washington a<a href=\"https:\/\/www.valeursactuelles.com\/clubvaleurs\/monde\/pierre-lellouche-de-trump-a-poutine-lescalade-et-lengrenage\" rel=\"nofollow noopener\" target=\"_blank\"> accentu\u00e9 les mesures de r\u00e9torsion contre Moscou<\/a>. Le 15 ao\u00fbt, \u00e0 Anchorage, en Alaska, les<a href=\"https:\/\/www.bbc.com\/news\/live\/c2kzn1nw1d4t\" rel=\"nofollow noopener\" target=\"_blank\"> pourparlers de paix entre les pr\u00e9sidents am\u00e9ricain et russe<\/a> n\u2019ont pas abouti. Et ce, alors m\u00eame que Donald Trump souhaitait<a href=\"https:\/\/www.valeursactuelles.com\/clubvaleurs\/monde\/pierre-lellouche-de-trump-a-poutine-lescalade-et-lengrenage\" rel=\"nofollow noopener\" target=\"_blank\"> un cessez-le-feu et se disait pr\u00eat \u00e0 accorder des concessions territoriales \u00e0 la Russie, au d\u00e9triment des int\u00e9r\u00eats de l\u2019Ukraine et des desiderata de certains pays europ\u00e9ens<\/a>, afin de se concentrer sur l\u2019Asie-Pacifique. Quant \u00e0 l\u2019Iran, le nouveau locataire de la Maison-Blanche a mis \u00e0 ex\u00e9cution ses menaces de bombardement le 21 juin, avec le d\u00e9clenchement de l\u2019op\u00e9ration Midnight Hammer visant trois sites d\u2019enrichissement \u00e0 Fordo, Ispahan et Natanz. En contradiction avec ses engagements isolationnistes initiaux et avec le processus de n\u00e9gociation, les r\u00e9sultats de l\u2019intervention demeurent ambigus : Trump estime qu\u2019il s\u2019agit d\u2019un succ\u00e8s, tandis que l<a href=\"https:\/\/www.latribune.fr\/idees\/tribunes\/opinion-iran-israel-un-mois-apres-1030561.html\" rel=\"nofollow noopener\" target=\"_blank\">es agences de renseignement am\u00e9ricaines jugent ce succ\u00e8s surestim\u00e9<\/a> et estiment que le programme nucl\u00e9aire iranien n\u2019a \u00e9t\u00e9 ralenti que de quelques mois. \u00c0 ce sujet, le 25 juillet, le ministre iranien des Affaires \u00e9trang\u00e8res a d\u00e9clar\u00e9 \u00e0 Istanbul que son pays continuerait de d\u00e9velopper son programme nucl\u00e9aire militaire.<\/p>\n<p style=\"text-align: justify;\">Dans la m\u00eame perspective internationale, le pr\u00e9sident am\u00e9ricain a r\u00e9affirm\u00e9 sa volont\u00e9 d\u2019annexer et de contr\u00f4ler le canal de Panama, le Canada et le Groenland. Concernant ce dernier, l\u2019escalade se poursuit entre Washington et Copenhague. Le 27 ao\u00fbt,<a href=\"https:\/\/www.cnn.com\/2025\/08\/27\/europe\/denmark-summons-us-envoy-greenland-intl\" rel=\"nofollow noopener\" target=\"_blank\"> les Danois ont accus\u00e9 des envoy\u00e9s am\u00e9ricains sur le territoire groenlandais de monter une op\u00e9ration d\u2019influence<\/a> visant \u00e0 soutenir les s\u00e9cessionnistes, \u00e0 leur avantage.<\/p>\n<p>La recherche de supr\u00e9matie technologique et \u00e9nerg\u00e9tique est toujours d\u2019actualit\u00e9\u00a0<\/p>\n<p style=\"text-align: justify;\">La qu\u00eate de pr\u00e9\u00e9minence technologique et \u00e9nerg\u00e9tique lanc\u00e9e au cours des cent premiers jours de son second mandat perdure. Le 2 mai,<a href=\"https:\/\/www.whitehouse.gov\/wp-content\/uploads\/2025\/05\/Fiscal-Year-2026-Discretionary-Budget-Request.pdf\" rel=\"nofollow noopener\" target=\"_blank\"> le budget f\u00e9d\u00e9ral discr\u00e9tionnaire de 2026<\/a> soumis au d\u00e9bat du Congr\u00e8s a \u00e9t\u00e9 publi\u00e9. Il pr\u00e9voit une<a href=\"https:\/\/www.wsj.com\/politics\/policy\/trump-federal-budget-propsal-2026-86309f80\" rel=\"nofollow noopener\" target=\"_blank\"> hausse de 13 % des cr\u00e9dits de la d\u00e9fense, \u00e0 1 010 milliards de dollars<\/a>, avec l\u2019objectif affich\u00e9 de renforcer la base industrielle de d\u00e9fense par la commande publique. En parall\u00e8le, des baisses de cr\u00e9dits ont \u00e9t\u00e9 annonc\u00e9es, avec une r\u00e9duction significative des financements de certains programmes scientifiques jug\u00e9s non conformes \u00e0 la s\u00e9curit\u00e9 nationale telle que d\u00e9finie par la nouvelle administration : NIH (17 milliards de dollars), NASA (6 milliards de dollars), National Science Foundation (3,5 milliards de dollars). D\u2019autres coupes substantielles ont \u00e9t\u00e9 op\u00e9r\u00e9es au sein du D\u00e9partement de l\u2019\u00c9nergie pour les programmes li\u00e9s aux \u00e9nergies renouvelables (\u00e9olien, solaire). Le reste des financements d\u00e9di\u00e9s \u00e0 la science a \u00e9t\u00e9 r\u00e9orient\u00e9 vers des technologies de rupture comme l\u2019intelligence artificielle, l\u2019informatique quantique, la fusion nucl\u00e9aire et les min\u00e9raux critiques.<\/p>\n<p style=\"text-align: justify;\">Parall\u00e8lement, de nouveaux d\u00e9crets et plans d\u2019action ont \u00e9t\u00e9 pris concernant la \u00ab Renaissance du nucl\u00e9aire \u00bb, l\u2019intelligence artificielle et le quantique, en tissant des passerelles entre \u00e9nergie et technologies. Le 23 mai,<a href=\"https:\/\/www.csis.org\/analysis\/white-house-executive-orders-target-ambitious-nuclear-deployment-united-states-and-abroad\" rel=\"nofollow noopener\" target=\"_blank\"> quatre d\u00e9crets pr\u00e9sidentiels<\/a> ont \u00e9t\u00e9 sign\u00e9s pour relancer massivement et rapidement le nucl\u00e9aire civil. Il est notamment pr\u00e9vu : de quadrupler la production d\u2019\u00e9lectricit\u00e9 nucl\u00e9aire d\u2019ici 2050 (de 100 \u00e0 400 GW) ; de cr\u00e9er un syst\u00e8me de recyclage des d\u00e9chets nucl\u00e9aires en mettant fin \u00e0 l\u2019ancien syst\u00e8me du once-through nuclear fuel cycle ; d\u2019ouvrir dix nouveaux r\u00e9acteurs nucl\u00e9aires d\u2019ici 2030 ; d\u2019exporter autant que possible la technologie nucl\u00e9aire am\u00e9ricaine avec l\u2019aide de l\u2019EXIM Bank ; de relancer l\u2019apprentissage pour former les jeunes aux m\u00e9tiers du nucl\u00e9aire. \u00c0 cela s\u2019ajoutent des mesures destin\u00e9es \u00e0 acc\u00e9l\u00e9rer la cr\u00e9ation de centres de donn\u00e9es pour l\u2019intelligence artificielle, dont l\u2019\u00e9lectricit\u00e9 proviendrait de centrales de nouvelle g\u00e9n\u00e9ration (SMR, 4\u1d49 g\u00e9n\u00e9ration) aliment\u00e9es en combustible HALEU fourni par le gouvernement. \u00c0 ce sujet, l\u2019<a href=\"https:\/\/www.whitehouse.gov\/wp-content\/uploads\/2025\/07\/Americas-AI-Action-Plan.pdf\" rel=\"nofollow noopener\" target=\"_blank\">America\u2019s AI Plan<\/a> a \u00e9t\u00e9 publi\u00e9, en plus de trois autres d\u00e9crets sur l\u2019IA, dont<a href=\"https:\/\/www.whitehouse.gov\/presidential-actions\/2025\/07\/promoting-the-export-of-the-american-ai-technology-stack\/\" rel=\"nofollow noopener\" target=\"_blank\"> l\u2019un stipule explicitement la volont\u00e9 d\u2019exporter le mod\u00e8le am\u00e9ricain de l\u2019IA<\/a> (puces, serveurs, r\u00e9seaux, mod\u00e8les, normes) afin de garantir la supr\u00e9matie mondiale des \u00c9tats-Unis dans ce domaine. M\u00eame si le National Quantum Initiative Act n\u2019a pas \u00e9t\u00e9 \u00e9voqu\u00e9 au 29 ao\u00fbt,<a href=\"https:\/\/www.whitehouse.gov\/presidential-actions\/2025\/06\/sustaining-select-efforts-to-strengthen-the-nations-cybersecurity-and-amending-executive-order-13694-and-executive-order-14144\/\" rel=\"nofollow noopener\" target=\"_blank\"> un d\u00e9cret sur la cybers\u00e9curit\u00e9<\/a> mentionne l\u2019imp\u00e9ratif de migration post-quantique des syst\u00e8mes des agences f\u00e9d\u00e9rales.<\/p>\n<p style=\"text-align: justify;\">Parmi les autres faits notables depuis le 1\u1d49\u02b3 mai 2025, on note<a href=\"https:\/\/www.theguardian.com\/technology\/2025\/may\/29\/elon-musk-announces-exit-from-us-government-role-after-breaking-with-trump-on-tax-bill\" rel=\"nofollow noopener\" target=\"_blank\"> le d\u00e9part d\u2019Elon Musk du DOGE le 30 mai<\/a>. Musk \u2014 le moins favorable \u00e0 l\u2019offensive douani\u00e8re protectionniste \u2014 n\u2019\u00e9tait plus en accord avec les orientations budg\u00e9taires du pr\u00e9sident, ce qui l\u2019a conduit \u00e0 d\u00e9missionner. La R\u00e9serve f\u00e9d\u00e9rale et son pr\u00e9sident Jerome Powell ont subi de nouvelles pressions de la part de l\u2019ex\u00e9cutif :<a href=\"https:\/\/www.nytimes.com\/2025\/07\/16\/us\/politics\/trump-powell-firing-letter.html\" rel=\"nofollow noopener\" target=\"_blank\"> Trump a de nouveau appel\u00e9 \u00e0 la d\u00e9mission de Jerome Powell<\/a> et, le 22 ao\u00fbt,<a href=\"https:\/\/www.economist.com\/finance-and-economics\/2025\/08\/28\/how-trumps-war-on-the-federal-reserve-could-do-serious-damage\" rel=\"nofollow noopener\" target=\"_blank\"> aurait tent\u00e9 de d\u00e9mettre Lisa Cook<\/a> du Conseil des gouverneurs de la R\u00e9serve f\u00e9d\u00e9rale. En parall\u00e8le, le<a href=\"https:\/\/www.wired.com\/story\/genius-act-congress-crypto-law-passes\/\" rel=\"nofollow noopener\" target=\"_blank\"> Congr\u00e8s a adopt\u00e9 le GENIUS Act le 17 juillet<\/a>, donnant un cadre juridique aux stablecoins. Quant au fonds souverain, aucun plan n\u2019a \u00e9t\u00e9 publi\u00e9 le 3 mai, au motif qu\u2019il \u00e9tait moins prioritaire que la r\u00e9duction de la dette. Howard Lutnick a annonc\u00e9, le 26 ao\u00fbt, qu\u2019il serait remplac\u00e9 par un \u00ab<a href=\"https:\/\/www.wsj.com\/livecoverage\/stock-market-today-dow-sp-500-nasdaq-08-26-2025\/card\/lutnick-u-s-won-t-launch-a-sovereign-wealth-fund-iNSAepWk43iPzNu0uaLx?gaa_at=eafs&amp;gaa_n=ASWzDAgii4qj9YQY0iSHRGGpvlHQC2j00w-A66w9-4KEbYX1p6TomHg73a5zTtI11zo%3D&amp;gaa_ts=68b1c311&amp;gaa_sig=mchoQEzW3P1fa-o2--Hl7QxCBEdXJ68EaBihy-Qz517JdP3_5mzqDdl8LIm_Uv1O-m3NIx2Byzi8AbwEBRU3SA%3D%3D\" rel=\"nofollow noopener\" target=\"_blank\"> national security fund<\/a> \u00bb financ\u00e9 par des apports de pays alli\u00e9s \u2014 prises de participation, pr\u00eats, garanties de pr\u00eat et engagements d\u2019achat \u2014 afin de s\u00e9curiser des projets industriels strat\u00e9giques aux \u00c9tats-Unis.<\/p>\n<p>L\u2019alignement de l\u2019Union europ\u00e9enne avec les objectifs mercantilistes de la Maison Blanche<\/p>\n<p style=\"text-align: justify;\">Le 23 mai, Donald Trump<a href=\"https:\/\/www.pbs.org\/newshour\/economy\/u-s-delays-threatened-50-tariff-on-the-european-union-until-july-trump-says\" rel=\"nofollow noopener\" target=\"_blank\"> a menac\u00e9 d\u2019imposer des droits de douane de 50 % sur les biens europ\u00e9ens<\/a>, dont les exportations vers les \u00c9tats-Unis atteignaient en 2024 pr\u00e8s de 200 milliards d\u2019euros. Un compromis a finalement \u00e9t\u00e9 trouv\u00e9 le<a href=\"https:\/\/www.bbc.com\/news\/articles\/c93dpl0p200o\" rel=\"nofollow noopener\" target=\"_blank\"> 27 juillet lors de la rencontre de la pr\u00e9sidente de la Commission europ\u00e9enne, Ursula von der Leyen, avec le pr\u00e9sident am\u00e9ricain<\/a> sur son terrain de golf, en \u00c9cosse \u00e0 Turnberry. Les droits de douane am\u00e9ricains ont, pour l\u2019essentiel, \u00e9t\u00e9 fix\u00e9s \u00e0 15 % sur les biens europ\u00e9ens,<a href=\"https:\/\/www.valeursactuelles.com\/clubvaleurs\/monde\/pierre-lellouche-capitulation\" rel=\"nofollow noopener\" target=\"_blank\"> alors que le taux moyen n\u2019\u00e9tait que de 4,7 %<\/a> d\u00e9but 2025, soit un triplement du niveau tarifaire. Cet accord s\u2019inscrit aussi dans le<a href=\"https:\/\/www.nato.int\/cps\/en\/natohq\/official_texts_236705.htm\" rel=\"nofollow noopener\" target=\"_blank\"> prolongement du sommet de l\u2019OTAN des 24 et 25 juin \u00e0 La Haye<\/a>, o\u00f9 les pays europ\u00e9ens ont convenu d\u2019augmenter leur contribution \u00e0 la d\u00e9fense \u00e0 hauteur de 5 % de leur PIB, afin d\u2019\u00e9viter de nouvelles menaces de retrait de l\u2019Organisation par le protecteur am\u00e9ricain. Ainsi, l\u2019accord commercial pr\u00e9voit \u00e9galement des droits de 50 % sur l\u2019acier et l\u2019aluminium afin de prot\u00e9ger la sid\u00e9rurgie am\u00e9ricaine. Ursula von der Leyen s\u2019est aussi engag\u00e9e \u00e0 ce que les \u00c9tats membres ach\u00e8tent plusieurs<a href=\"https:\/\/www.valeursactuelles.com\/clubvaleurs\/monde\/pierre-lellouche-capitulation\" rel=\"nofollow noopener\" target=\"_blank\"> centaines de milliards d\u2019euros d\u2019\u00e9quipements militaires am\u00e9ricains ainsi que 650 milliards d\u2019euros de gaz naturel liqu\u00e9fi\u00e9 am\u00e9ricain<\/a> \u2014 quatre fois plus cher que le gaz russe \u2014, conform\u00e9ment aux objectifs de Donald Trump et des \u00c9tats-Unis depuis Ronald Reagan dans les ann\u00e9es 1980. En outre, les produits pharmaceutiques et l\u2019a\u00e9ronautique ont \u00e9t\u00e9 exempt\u00e9s.<\/p>\n<p style=\"text-align: justify;\">Cette soumission volontaire aux objectifs mercantilistes de Washington permet aux pays de l\u2019UE les plus exportateurs vers l\u2019Am\u00e9rique \u2014 \u00e0 l\u2019instar de l\u2019Allemagne, de l\u2019Italie et de l\u2019Irlande \u2014 de minimiser leurs pertes. De la m\u00eame fa\u00e7on, les Pays-Bas et la Belgique (Flandre) ont adopt\u00e9 un mod\u00e8le commercial d\u2019enrichissement en important massivement des marchandises \u00e9trang\u00e8res revendues sur le march\u00e9 int\u00e9rieur europ\u00e9en. En revanche, l\u2019absence de r\u00e9torsions commerciales cibl\u00e9es contre les \u00c9tats-Unis ent\u00e9rine, entre autres, l\u2019abandon d\u2019une souverainet\u00e9 num\u00e9rique \u00e0 l\u2019\u00e9chelle europ\u00e9enne. De cette mani\u00e8re, les grandes firmes am\u00e9ricaines de la tech pourront continuer de s\u2019enrichir gr\u00e2ce aux donn\u00e9es europ\u00e9ennes sans contraintes suppl\u00e9mentaires.<\/p>\n<p style=\"text-align: justify;\">Quant \u00e0 la France, qui accuse des d\u00e9ficits commerciaux avec les \u00c9tats-Unis \u2014 renforc\u00e9s par \u00ab l\u2019effet de Rotterdam \u00bb \u2014, cet accord a \u00e9t\u00e9 qualifi\u00e9 par le Premier ministre, Fran\u00e7ois Bayrou, d<a href=\"https:\/\/fr.euronews.com\/my-europe\/2025\/07\/28\/accord-commercial-ue-etats-unis-francois-bayrou-deplore-une-soumission-et-un-jour-sombre\" rel=\"nofollow noopener\" target=\"_blank\">e \u00ab journ\u00e9e sombre \u00bb pour l\u2019Europe<\/a>, tandis que le pr\u00e9sident<a href=\"https:\/\/www.lapresse.ca\/affaires\/economie\/2025-07-30\/accord-commercial\/macron-deplore-que-l-ue-n-ait-pas-reussi-a-se-faire-craindre-par-trump.php\" rel=\"nofollow noopener\" target=\"_blank\"> Emmanuel Macron a d\u00e9clar\u00e9 que l\u2019Union europ\u00e9enne ne savait pas se faire suffisamment craindre<\/a> et a appel\u00e9 \u00e0 poursuivre les n\u00e9gociations. Ce constat d\u2019impuissance fran\u00e7aise et europ\u00e9enne s\u2019explique par le fait que les secteurs des vins et spiritueux, de la sid\u00e9rurgie, de la cosm\u00e9tique et du naval seront affect\u00e9s par l\u2019offensive douani\u00e8re am\u00e9ricaine. En parall\u00e8le, les rachats ou les tentatives d\u2019acquisition d\u2019entreprises fran\u00e7aises innovantes par des entit\u00e9s am\u00e9ricaines ont continu\u00e9. En ao\u00fbt,<a href=\"https:\/\/www.gevernova.com\/news\/press-releases\/ge-vernova-to-acquire-alteia-advancing-ai-enabled-gridos-visual-intelligence-software\" rel=\"nofollow noopener\" target=\"_blank\"> le fonds Carlyle a rachet\u00e9 Ciril Group<\/a>, \u00e9diteur de logiciels (ERP, SIG) et fournisseur de cloud souverain h\u00e9berg\u00e9 en France pour les collectivit\u00e9s, pour environ 525 milliards d\u2019euros ; l\u2019op\u00e9ration n\u2019est pas bloqu\u00e9e \u00e0 ce stade, mais suivie de pr\u00e8s par Bercy et pourrait s\u2019accompagner d\u2019une entr\u00e9e au capital de Bpifrance. D\u00e9but ao\u00fbt, l\u2019am\u00e9ricain<a href=\"https:\/\/www.latitudemedia.com\/news\/inside-ge-vernovas-acquisition-of-resilience-startup-alteia\/\" rel=\"nofollow noopener\" target=\"_blank\"> General Electric Vernova a rachet\u00e9 le fran\u00e7ais Alteia<\/a>, qui \u00e9dite des logiciels d\u2019IA de vision par ordinateur pour les r\u00e9seaux \u00e9lectriques. Cela s\u2019ajoute \u00e0 la tr\u00e8s longue liste d\u2019au<a href=\"https:\/\/www.tf1info.fr\/economie\/verif-1500-entreprises-francaises-avalees-par-le-capital-americain-en-dix-ans-comme-l-assure-francois-ruffin-2364348.html\" rel=\"nofollow noopener\" target=\"_blank\"> moins 1 608 entreprises fran\u00e7aises rachet\u00e9es enti\u00e8rement par des fonds am\u00e9ricains ou pass\u00e9es sous pavillon am\u00e9ricain (avec plus de 50 % du capital) depuis 2014<\/a>, pour 178,8 milliards de dollars au total.<\/p>\n<p style=\"text-align: justify;\">Bien que les secteurs fran\u00e7ais de<a href=\"https:\/\/www.lefigaro.fr\/economie\/aeronautique-automobile-pharmacie-luxe-les-gagnants-et-les-perdants-de-l-accord-douanier-entre-l-europe-et-les-etats-unis-20250727\" rel=\"nofollow noopener\" target=\"_blank\"> l\u2019a\u00e9ronautique<\/a> et des<a href=\"https:\/\/www.lemonde.fr\/economie\/article\/2025\/08\/11\/droits-de-douane-trump-maintient-la-pression-sur-les-laboratoires-pharmaceutiques_6628264_3234.html\" rel=\"nofollow noopener\" target=\"_blank\"> produits pharmaceutiques<\/a> soient a priori \u00e9pargn\u00e9s par le nouvel accord commercial avec les \u00c9tats-Unis, est-il certain que cela soit durable ? En effet, dans la logique mercantiliste, parfois brutale, de Donald Trump \u2014 et possiblement de ses successeurs \u2014, une nouvelle offensive douani\u00e8re de plus grande ampleur pourrait concerner ces secteurs et au-del\u00e0.<\/p>\n<p style=\"text-align: right;\"><b>Yann Riveron<\/b><\/p>\n<p><b>Pour aller plus loin :<\/b><\/p>\n","protected":false},"excerpt":{"rendered":"R\u00e9\u00e9lu pour la deuxi\u00e8me fois, Donald Trump a, d\u00e8s les cent premiers jours de son second mandat \u00e0&hellip;\n","protected":false},"author":2,"featured_media":352757,"comment_status":"","ping_status":"","sticky":false,"template":"","format":"standard","meta":{"footnotes":""},"categories":[1589],"tags":[11,73,1866,12,1864,1865,1863,308],"class_list":{"0":"post-352756","1":"post","2":"type-post","3":"status-publish","4":"format-standard","5":"has-post-thumbnail","7":"category-etats-unis","8":"tag-actualites","9":"tag-etats-unis","10":"tag-etats-unis-damerique","11":"tag-news","12":"tag-united-states","13":"tag-united-states-of-america","14":"tag-us","15":"tag-usa"},"share_on_mastodon":{"url":"https:\/\/pubeurope.com\/@fr\/115113555562309866","error":""},"_links":{"self":[{"href":"https:\/\/www.europesays.com\/fr\/wp-json\/wp\/v2\/posts\/352756","targetHints":{"allow":["GET"]}}],"collection":[{"href":"https:\/\/www.europesays.com\/fr\/wp-json\/wp\/v2\/posts"}],"about":[{"href":"https:\/\/www.europesays.com\/fr\/wp-json\/wp\/v2\/types\/post"}],"author":[{"embeddable":true,"href":"https:\/\/www.europesays.com\/fr\/wp-json\/wp\/v2\/users\/2"}],"replies":[{"embeddable":true,"href":"https:\/\/www.europesays.com\/fr\/wp-json\/wp\/v2\/comments?post=352756"}],"version-history":[{"count":0,"href":"https:\/\/www.europesays.com\/fr\/wp-json\/wp\/v2\/posts\/352756\/revisions"}],"wp:featuredmedia":[{"embeddable":true,"href":"https:\/\/www.europesays.com\/fr\/wp-json\/wp\/v2\/media\/352757"}],"wp:attachment":[{"href":"https:\/\/www.europesays.com\/fr\/wp-json\/wp\/v2\/media?parent=352756"}],"wp:term":[{"taxonomy":"category","embeddable":true,"href":"https:\/\/www.europesays.com\/fr\/wp-json\/wp\/v2\/categories?post=352756"},{"taxonomy":"post_tag","embeddable":true,"href":"https:\/\/www.europesays.com\/fr\/wp-json\/wp\/v2\/tags?post=352756"}],"curies":[{"name":"wp","href":"https:\/\/api.w.org\/{rel}","templated":true}]}}