{"id":352758,"date":"2025-08-29T18:50:17","date_gmt":"2025-08-29T18:50:17","guid":{"rendered":"https:\/\/www.europesays.com\/fr\/352758\/"},"modified":"2025-08-29T18:50:17","modified_gmt":"2025-08-29T18:50:17","slug":"notre-offre-de-prolongation-reste-sur-la-table-annoncent-le-royaume-uni-la-france-et-lallemagne-qui-maintiennent-leur-offre-pour-eviter-le-retour-des-sanctions-contre-liran-bfm2","status":"publish","type":"post","link":"https:\/\/www.europesays.com\/fr\/352758\/","title":{"rendered":"\u00ab\u00a0notre offre de prolongation reste sur la table\u00a0\u00bb, annoncent le Royaume-Uni, la France et l\u2019Allemagne qui maintiennent leur offre pour \u00e9viter le retour des sanctions contre l\u2019Iran #BFM2"},"content":{"rendered":"<p>Nucl\u00e9aire iranien: \u00ab\u00a0notre offre de prolongation reste sur la table\u00a0\u00bb, annoncent le Royaume-Uni, la France et l\u2019Allemagne qui maintiennent leur offre pour \u00e9viter le retour des sanctions contre l\u2019Iran #BFM2Sur le m\u00eame sujet<a href=\"https:\/\/www.bfmtv.com\/international\/moyen-orient\/iran\/video-nucleaire-iranien-notre-offre-de-prolongation-reste-sur-la-table-annoncent-le-royaume-uni-la-france-et-l-allemagne-qui-maintiennent-leur-offre-pour-eviter-le-retour-des-sanctions-contre-l-iran-bfm2_VN-202508290708.html\" title=\"Nucl\u00e9aire iranien: &quot;notre offre de prolongation reste sur la table&quot;, annoncent le Royaume-Uni, la France et l\u2019Allemagne qui maintiennent leur offre pour \u00e9viter le retour des sanctions contre l\u2019Iran  #BFM2\" rel=\"nofollow noopener\" target=\"_blank\"><img width=\"16\" height=\"9\" class=\"lozad\"  alt=\"Nucl\u00e9aire iranien: &quot;notre offre de prolongation reste sur la table&quot;, annoncent le Royaume-Uni, la France et l\u2019Allemagne qui maintiennent leur offre pour \u00e9viter le retour des sanctions contre l\u2019Iran  #BFM2\"\/>en lectureNucl\u00e9aire iranien: \u00ab\u00a0notre offre de prolongation reste sur la table\u00a0\u00bb, annoncent le Royaume-Uni, la France et l\u2019Allemagne qui maintiennent leur offre pour \u00e9viter le retour des sanctions contre l\u2019Iran #BFM2<\/a><a href=\"https:\/\/www.bfmtv.com\/international\/moyen-orient\/iran\/video-donald-trump-a-t-il-vraiment-mis-fin-a-6-guerres-en-6-mois_VN-202508280428.html\" title=\"Donald Trump a-t-il vraiment mis fin \u00e0 6 guerres en 6 mois?\" rel=\"nofollow noopener\" target=\"_blank\"><img width=\"16\" height=\"9\" class=\"lozad\"  alt=\"Donald Trump a-t-il vraiment mis fin \u00e0 6 guerres en 6 mois?\"\/>8:39Donald Trump a-t-il vraiment mis fin \u00e0 6 guerres en 6 mois?<\/a><a href=\"https:\/\/www.bfmtv.com\/economie\/replay-emissions\/le-monde-qui-bouge\/video-annalisa-cappellini-nucleaire-iran-pourparlers-avec-les-europeens-26-08_VN-202508260119.html\" title=\"Annalisa Cappellini : Nucl\u00e9aire\/Iran, pourparlers avec les Europ\u00e9ens - 26\/08\" rel=\"nofollow noopener\" target=\"_blank\"><img width=\"16\" height=\"9\" class=\"lozad\"  alt=\"Annalisa Cappellini : Nucl\u00e9aire\/Iran, pourparlers avec les Europ\u00e9ens - 26\/08\"\/>3:31Annalisa Cappellini : Nucl\u00e9aire\/Iran, pourparlers avec les Europ\u00e9ens &#8211; 26\/08<\/a><a href=\"https:\/\/www.bfmtv.com\/economie\/international\/video-israel-les-douze-jours-de-guerre-avec-l-iran-ont-entraine-une-baisse-de-3-5-du-pib-au-deuxieme-trimestre_VN-202508200180.html\" title=\"Isra\u00ebl: les douze jours de guerre avec l\u2019Iran ont entra\u00een\u00e9 une baisse de 3,5 % du PIB au deuxi\u00e8me trimestre\" rel=\"nofollow noopener\" target=\"_blank\"><img width=\"16\" height=\"9\" class=\"lozad\"  alt=\"Isra\u00ebl: les douze jours de guerre avec l\u2019Iran ont entra\u00een\u00e9 une baisse de 3,5 % du PIB au deuxi\u00e8me trimestre\"\/>3:30Isra\u00ebl: les douze jours de guerre avec l\u2019Iran ont entra\u00een\u00e9 une baisse de 3,5 % du PIB au deuxi\u00e8me trimestre<\/a><a href=\"https:\/\/www.bfmtv.com\/economie\/replay-emissions\/le-monde-qui-bouge\/video-caroline-loyer-israel-l-economie-mise-a-mal-par-la-guerre-20-08_VN-202508200179.html\" title=\"Caroline Loyer : Isra\u00ebl, l&#039;\u00e9conomie mise \u00e0 mal par la guerre - 20\/08\" rel=\"nofollow noopener\" target=\"_blank\"><img width=\"16\" height=\"9\" class=\"lozad\"  alt=\"Caroline Loyer : Isra\u00ebl, l'\u00e9conomie mise \u00e0 mal par la guerre - 20\/08\"\/>3:24Caroline Loyer : Isra\u00ebl, l&rsquo;\u00e9conomie mise \u00e0 mal par la guerre &#8211; 20\/08<\/a><a href=\"https:\/\/www.bfmtv.com\/economie\/international\/video-meme-si-la-guerre-des-12-jours-entre-israel-et-l-iran-a-pris-fin-en-juin-les-cyberattaques-ses-sont-intensifiees_VN-202508110184.html\" title=\"M\u00eame si la guerre des 12 jours entre Isra\u00ebl et l&#039;Iran a pris fin en juin, les cyberattaques ses sont intensifi\u00e9es\" rel=\"nofollow noopener\" target=\"_blank\"><img width=\"16\" height=\"9\" class=\"lozad\"  alt=\"M\u00eame si la guerre des 12 jours entre Isra\u00ebl et l'Iran a pris fin en juin, les cyberattaques ses sont intensifi\u00e9es\"\/>3:31M\u00eame si la guerre des 12 jours entre Isra\u00ebl et l&rsquo;Iran a pris fin en juin, les cyberattaques ses sont intensifi\u00e9es<\/a><a href=\"https:\/\/www.bfmtv.com\/economie\/replay-emissions\/le-monde-qui-bouge\/video-caroline-loyer-iran-israel-l-autre-guerre-11-08_VN-202508110182.html\" title=\"Caroline Loyer : Iran\/Isra\u00ebl, l&#039;autre guerre - 11\/08\" rel=\"nofollow noopener\" target=\"_blank\"><img width=\"16\" height=\"9\" class=\"lozad\"  alt=\"Caroline Loyer : Iran\/Isra\u00ebl, l'autre guerre - 11\/08\"\/>3:24Caroline Loyer : Iran\/Isra\u00ebl, l&rsquo;autre guerre &#8211; 11\/08<\/a><a href=\"https:\/\/www.bfmtv.com\/international\/moyen-orient\/iran\/video-la-laureate-du-prix-nobel-de-la-paix-mohammadi-appelle-a-la-desescalade-nucleaire_VN-202508060334.html\" title=\"La laur\u00e9ate du prix Nobel de la paix Mohammadi appelle \u00e0 la d\u00e9sescalade nucl\u00e9aire\" rel=\"nofollow noopener\" target=\"_blank\"><img width=\"16\" height=\"9\" class=\"lozad\"  alt=\"La laur\u00e9ate du prix Nobel de la paix Mohammadi appelle \u00e0 la d\u00e9sescalade nucl\u00e9aire\"\/>1:51La laur\u00e9ate du prix Nobel de la paix Mohammadi appelle \u00e0 la d\u00e9sescalade nucl\u00e9aire<\/a><a href=\"https:\/\/www.bfmtv.com\/economie\/replay-emissions\/le-monde-qui-bouge\/video-le-monde-qui-bouge-l-interview-iran-debut-des-negociations-sur-le-nucleaire-23-07_VN-202507230107.html\" title=\"Le monde qui bouge - L&#039;Interview : Iran, d\u00e9but des n\u00e9gociations sur le nucl\u00e9aire - 23\/07\" rel=\"nofollow noopener\" target=\"_blank\"><img width=\"16\" height=\"9\" class=\"lozad\"  alt=\"Le monde qui bouge - L'Interview : Iran, d\u00e9but des n\u00e9gociations sur le nucl\u00e9aire - 23\/07\"\/>7:45Le monde qui bouge &#8211; L&rsquo;Interview : Iran, d\u00e9but des n\u00e9gociations sur le nucl\u00e9aire &#8211; 23\/07<\/a><a href=\"https:\/\/www.bfmtv.com\/international\/moyen-orient\/iran\/video-syrie-iran-gaza-l-interview-en-integralite-de-l-ambassadeur-d-israel-en-france_VN-202507200319.html\" title=\"Syrie, Iran, Gaza : l&#039;interview en int\u00e9gralit\u00e9 de l&#039;ambassadeur d&#039;Isra\u00ebl en France\" rel=\"nofollow noopener\" target=\"_blank\"><img width=\"16\" height=\"9\" class=\"lozad\"  alt=\"Syrie, Iran, Gaza : l'interview en int\u00e9gralit\u00e9 de l'ambassadeur d'Isra\u00ebl en France\"\/>18:01Syrie, Iran, Gaza : l&rsquo;interview en int\u00e9gralit\u00e9 de l&rsquo;ambassadeur d&rsquo;Isra\u00ebl en France<\/a><a href=\"https:\/\/www.bfmtv.com\/international\/moyen-orient\/iran\/video-les-iraniens-ne-peuvent-pas-avoir-d-enrichissement-nucleaire-declare-l-ambassadeur-d-israel-en-france_VN-202507200313.html\" title=\"&quot;Les Iraniens ne peuvent pas avoir d&#039;enrichissement nucl\u00e9aire&quot;, d\u00e9clare l&#039;ambassadeur d&#039;Isra\u00ebl en France\" rel=\"nofollow noopener\" target=\"_blank\"><img width=\"16\" height=\"9\" class=\"lozad\"  alt=\"&quot;Les Iraniens ne peuvent pas avoir d'enrichissement nucl\u00e9aire&quot;, d\u00e9clare l'ambassadeur d'Isra\u00ebl en France\"\/>1:31&Prime;Les Iraniens ne peuvent pas avoir d&rsquo;enrichissement nucl\u00e9aire\u00a0\u00bb, d\u00e9clare l&rsquo;ambassadeur d&rsquo;Isra\u00ebl en France<\/a><a href=\"https:\/\/www.bfmtv.com\/international\/moyen-orient\/iran\/video-nucleaire-iranien-vladimir-poutine-a-recu-le-conseiller-de-khamenei_VN-202507200228.html\" title=\"Nucl\u00e9aire iranien: Vladimir Poutine a re\u00e7u le conseiller de Khamenei\" rel=\"nofollow noopener\" target=\"_blank\"><img width=\"16\" height=\"9\" class=\"lozad\"  alt=\"Nucl\u00e9aire iranien: Vladimir Poutine a re\u00e7u le conseiller de Khamenei\"\/>1:29Nucl\u00e9aire iranien: Vladimir Poutine a re\u00e7u le conseiller de Khamenei<\/a><a href=\"https:\/\/www.bfmtv.com\/international\/moyen-orient\/iran\/video-il-est-innocent-de-tout-la-famille-de-lennart-monterlos-le-jeune-cyclo-randonneur-franco-allemand-arrete-en-iran-demande-sa-liberation_VN-202507170334.html\" title=\"&quot;Il est innocent de tout&quot;: la famille de Lennart Monterlos, le jeune cyclo-randonneur franco-allemand arr\u00eat\u00e9 en Iran, demande sa lib\u00e9ration\" rel=\"nofollow noopener\" target=\"_blank\"><img width=\"16\" height=\"9\" class=\"lozad\"  alt=\"&quot;Il est innocent de tout&quot;: la famille de Lennart Monterlos, le jeune cyclo-randonneur franco-allemand arr\u00eat\u00e9 en Iran, demande sa lib\u00e9ration\"\/>3:11&Prime;Il est innocent de tout\u00a0\u00bb: la famille de Lennart Monterlos, le jeune cyclo-randonneur franco-allemand arr\u00eat\u00e9 en Iran, demande sa lib\u00e9ration<\/a><a href=\"https:\/\/www.bfmtv.com\/international\/moyen-orient\/iran\/video-nucleaire-jean-noel-barrot-menace-l-iran-de-retablir-les-sanctions-internationales_VN-202507150270.html\" title=\"Nucl\u00e9aire: Jean-No\u00ebl Barrot menace l&#039;Iran de r\u00e9tablir les sanctions internationales\" rel=\"nofollow noopener\" target=\"_blank\"><img width=\"16\" height=\"9\" class=\"lozad\"  alt=\"Nucl\u00e9aire: Jean-No\u00ebl Barrot menace l'Iran de r\u00e9tablir les sanctions internationales\"\/>0:52Nucl\u00e9aire: Jean-No\u00ebl Barrot menace l&rsquo;Iran de r\u00e9tablir les sanctions internationales<\/a><a class=\"jumpToVideo\" target=\"_blank\"><img class=\"thumbnailPreview\"\/><\/a><\/p>\n","protected":false},"excerpt":{"rendered":"Nucl\u00e9aire iranien: \u00ab\u00a0notre offre de prolongation reste sur la table\u00a0\u00bb, annoncent le Royaume-Uni, la France et l\u2019Allemagne qui&hellip;\n","protected":false},"author":2,"featured_media":352759,"comment_status":"","ping_status":"","sticky":false,"template":"","format":"standard","meta":{"footnotes":""},"categories":[1588],"tags":[11,1777,674,12,473,1853,1851,1850,1852],"class_list":{"0":"post-352758","1":"post","2":"type-post","3":"status-publish","4":"format-standard","5":"has-post-thumbnail","7":"category-royaume-uni","8":"tag-actualites","9":"tag-eu","10":"tag-europe","11":"tag-news","12":"tag-royaume-uni","13":"tag-royaume-uni-de-grande-bretagne-et-dirlande-du-nord","14":"tag-uk","15":"tag-united-kingdom","16":"tag-united-kingdom-of-great-britain-and-northern-ireland"},"share_on_mastodon":{"url":"","error":""},"_links":{"self":[{"href":"https:\/\/www.europesays.com\/fr\/wp-json\/wp\/v2\/posts\/352758","targetHints":{"allow":["GET"]}}],"collection":[{"href":"https:\/\/www.europesays.com\/fr\/wp-json\/wp\/v2\/posts"}],"about":[{"href":"https:\/\/www.europesays.com\/fr\/wp-json\/wp\/v2\/types\/post"}],"author":[{"embeddable":true,"href":"https:\/\/www.europesays.com\/fr\/wp-json\/wp\/v2\/users\/2"}],"replies":[{"embeddable":true,"href":"https:\/\/www.europesays.com\/fr\/wp-json\/wp\/v2\/comments?post=352758"}],"version-history":[{"count":0,"href":"https:\/\/www.europesays.com\/fr\/wp-json\/wp\/v2\/posts\/352758\/revisions"}],"wp:featuredmedia":[{"embeddable":true,"href":"https:\/\/www.europesays.com\/fr\/wp-json\/wp\/v2\/media\/352759"}],"wp:attachment":[{"href":"https:\/\/www.europesays.com\/fr\/wp-json\/wp\/v2\/media?parent=352758"}],"wp:term":[{"taxonomy":"category","embeddable":true,"href":"https:\/\/www.europesays.com\/fr\/wp-json\/wp\/v2\/categories?post=352758"},{"taxonomy":"post_tag","embeddable":true,"href":"https:\/\/www.europesays.com\/fr\/wp-json\/wp\/v2\/tags?post=352758"}],"curies":[{"name":"wp","href":"https:\/\/api.w.org\/{rel}","templated":true}]}}