{"id":352760,"date":"2025-08-29T18:51:12","date_gmt":"2025-08-29T18:51:12","guid":{"rendered":"https:\/\/www.europesays.com\/fr\/352760\/"},"modified":"2025-08-29T18:51:12","modified_gmt":"2025-08-29T18:51:12","slug":"plus-de-3-millions-de-chomeurs-en-allemagne-une-premiere-depuis-10-ans","status":"publish","type":"post","link":"https:\/\/www.europesays.com\/fr\/352760\/","title":{"rendered":"plus de 3 millions de ch\u00f4meurs en Allemagne, une premi\u00e8re depuis 10 ans"},"content":{"rendered":"<p>La situation est particuli\u00e8rement difficile dans l&rsquo;industrie. 250.000 emplois ont \u00e9t\u00e9 d\u00e9truits dans ce secteur depuis 2019.<\/p>\n<p>En Allemagne, le nombre de ch\u00f4meurs a d\u00e9pass\u00e9 en ao\u00fbt la barre des 3 millions, une premi\u00e8re depuis f\u00e9vrier 2015, signe de la persistance de la morosit\u00e9 conjoncturelle pesant sur le march\u00e9 de l&#8217;emploi, selon des donn\u00e9es officielles publi\u00e9es vendredi.<\/p>\n<p>En donn\u00e9es brutes, 3,03 millions de personnes \u00e9taient sans emploi dans la premi\u00e8re \u00e9conomie europ\u00e9enne, soit 46.000 de plus en un mois et plus de 153.000 sur un an, a indiqu\u00e9 l&rsquo;Agence f\u00e9d\u00e9rale pour l&#8217;emploi. <a href=\"https:\/\/www.bfmtv.com\/economie\/international\/l-allemagne-a-perdu-pres-de-250-000-emplois-industriels-depuis-2019-notamment-dans-la-construction-automobile_AV-202508260475.html\" title=\"L&#039;Allemagne a perdu pr\u00e8s de 250.000 emplois industriels depuis 2019, notamment dans la construction automobile\" class=\"internal_link\" rel=\"nofollow noopener\" target=\"_blank\">L&rsquo;Allemagne a notamment perdu pr\u00e8s de 250.000 emplois industriels<\/a> depuis 2019.<\/p>\n<p>Le taux de ch\u00f4mage, calcul\u00e9 en donn\u00e9es corrig\u00e9es des variations saisonni\u00e8res (CVS), est quant \u00e0 lui rest\u00e9 stable \u00e0 6,3%.<\/p>\n<blockquote class=\"embed embed_quote\"><p>\u00ab\u00a0Il s&rsquo;est produit en ao\u00fbt ce que nous attendions: en raison de la pause estivale, le nombre de ch\u00f4meurs est pass\u00e9 au-dessus de la barre des 3 millions\u00a0\u00bb, a comment\u00e9 la pr\u00e9sidente de l&rsquo;Agence f\u00e9d\u00e9rale pour l&#8217;emploi, Andrea Nahles, dans un communiqu\u00e9.<\/p><\/blockquote>\n<p>La derni\u00e8re fois qu&rsquo;un mois d&rsquo;ao\u00fbt a d\u00e9pass\u00e9 les 3 millions de ch\u00f4meurs remonte \u00e0 2010, selon les archives de l&rsquo;Agence.<\/p>\n<p>\u00ab\u00a0Constat d&rsquo;\u00e9chec\u00a0\u00bb<\/p>\n<p>Ces chiffres bruts refl\u00e8tent moins une tendance de fond qu&rsquo;ils ne servent de r\u00e9f\u00e9rence dans le d\u00e9bat public: vendredi, le quotidien populaire Bild en a aussit\u00f4t fait sa une en ligne apr\u00e8s sa publication.<\/p>\n<blockquote class=\"embed embed_quote\"><p>\u00ab\u00a0Le march\u00e9 du travail reste marqu\u00e9 par <a href=\"https:\/\/www.bfmtv.com\/economie\/international\/apres-deux-ans-de-recession-l-allemagne-cherche-un-remede-pour-relancer-une-economie-en-souffrance_AV-202502170023.html\" title=\"Apr\u00e8s deux ans de r\u00e9cession, l&#039;Allemagne cherche un rem\u00e8de pour relancer une \u00e9conomie en souffrance\" class=\"internal_link\" rel=\"nofollow noopener\" target=\"_blank\">la morosit\u00e9 \u00e9conomique des derni\u00e8res ann\u00e9es<\/a>\u00ab\u00a0, selon Andrea Nahles, alors que les entreprises annoncent en s\u00e9rie des plans sociaux ou revoient leurs plans d&#8217;embauche \u00e0 la baisse.<\/p><\/blockquote>\n<p>Certains secteurs comme la sant\u00e9 et la fonction publique \u00ab\u00a0continuent d&rsquo;afficher une croissance significative de l&#8217;emploi\u00a0\u00bb, pendant que \u00ab\u00a0le recul se poursuit dans l&rsquo;industrie manufacturi\u00e8re et le travail int\u00e9rimaire\u00a0\u00bb, a-t-elle d\u00e9taill\u00e9 lors d&rsquo;une conf\u00e9rence de presse.<\/p>\n<p>\u00ab\u00a0Automne de r\u00e9formes\u00a0\u00bb<\/p>\n<p>Ces trois millions de ch\u00f4meurs en ao\u00fbt sont surtout \u00ab\u00a0un constat d&rsquo;\u00e9chec face au refus de r\u00e9formes de ces derni\u00e8res ann\u00e9es\u00a0\u00bb, a r\u00e9agi dans un communiqu\u00e9 le pr\u00e9sident du patronat (BDA), Rainer Dulger.<\/p>\n<p>Pour lui, l&rsquo;Allemagne a besoin d&rsquo;un v\u00e9ritable \u00ab\u00a0automne des r\u00e9formes\u00a0\u00bb. Les grands patrons ont r\u00e9cemment indiqu\u00e9 vouloir <a href=\"https:\/\/www.bfmtv.com\/economie\/international\/l-allemagne-est-de-retour-les-grands-patrons-allemands-vont-investir-630-milliards-d-euros_AD-202507220145.html\" title=\"&quot;L&#039;Allemagne est de retour&quot;: les grands patrons allemands vont investir 630 milliards d&#039;euros pour r\u00e9veiller leur \u00e9conomie\" class=\"internal_link\" rel=\"nofollow noopener\" target=\"_blank\">investir 630 milliards d&rsquo;euros pour relancer leur \u00e9conomie<\/a>.<\/p>\n<p>Apr\u00e8s un d\u00e9part poussif au printemps, le <a href=\"https:\/\/www.bfmtv.com\/economie\/entreprises\/defense\/objectif-2028-l-allemagne-affiche-ses-ambitions-en-matiere-de-rearmement-et-veut-lancer-des-achats-rapidement_AD-202506070223.html\" title=\"Objectif 2028: l&#039;Allemagne affiche ses ambitions en mati\u00e8re de r\u00e9armement et veut lancer des achats rapidement\" class=\"internal_link\" rel=\"nofollow noopener\" target=\"_blank\">gouvernement de coalition dirig\u00e9 par le chancelier conservateur Friedrich Merz<\/a> est attendu \u00e0 la rentr\u00e9e sur des r\u00e9formes promises, notamment fiscales et sociales, pour relancer l&rsquo;\u00e9conomie en berne.<\/p>\n","protected":false},"excerpt":{"rendered":"La situation est particuli\u00e8rement difficile dans l&rsquo;industrie. 250.000 emplois ont \u00e9t\u00e9 d\u00e9truits dans ce secteur depuis 2019. En&hellip;\n","protected":false},"author":2,"featured_media":352761,"comment_status":"","ping_status":"","sticky":false,"template":"","format":"standard","meta":{"footnotes":""},"categories":[1587],"tags":[11,672,1804,1805,1803,1777,674,1801,12,1802],"class_list":{"0":"post-352760","1":"post","2":"type-post","3":"status-publish","4":"format-standard","5":"has-post-thumbnail","7":"category-allemagne","8":"tag-actualites","9":"tag-allemagne","10":"tag-bundesrepublik-deutschland","11":"tag-de","12":"tag-deutschland","13":"tag-eu","14":"tag-europe","15":"tag-germany","16":"tag-news","17":"tag-republique-federale-dallemagne"},"share_on_mastodon":{"url":"https:\/\/pubeurope.com\/@fr\/115113563494204830","error":""},"_links":{"self":[{"href":"https:\/\/www.europesays.com\/fr\/wp-json\/wp\/v2\/posts\/352760","targetHints":{"allow":["GET"]}}],"collection":[{"href":"https:\/\/www.europesays.com\/fr\/wp-json\/wp\/v2\/posts"}],"about":[{"href":"https:\/\/www.europesays.com\/fr\/wp-json\/wp\/v2\/types\/post"}],"author":[{"embeddable":true,"href":"https:\/\/www.europesays.com\/fr\/wp-json\/wp\/v2\/users\/2"}],"replies":[{"embeddable":true,"href":"https:\/\/www.europesays.com\/fr\/wp-json\/wp\/v2\/comments?post=352760"}],"version-history":[{"count":0,"href":"https:\/\/www.europesays.com\/fr\/wp-json\/wp\/v2\/posts\/352760\/revisions"}],"wp:featuredmedia":[{"embeddable":true,"href":"https:\/\/www.europesays.com\/fr\/wp-json\/wp\/v2\/media\/352761"}],"wp:attachment":[{"href":"https:\/\/www.europesays.com\/fr\/wp-json\/wp\/v2\/media?parent=352760"}],"wp:term":[{"taxonomy":"category","embeddable":true,"href":"https:\/\/www.europesays.com\/fr\/wp-json\/wp\/v2\/categories?post=352760"},{"taxonomy":"post_tag","embeddable":true,"href":"https:\/\/www.europesays.com\/fr\/wp-json\/wp\/v2\/tags?post=352760"}],"curies":[{"name":"wp","href":"https:\/\/api.w.org\/{rel}","templated":true}]}}