{"id":352762,"date":"2025-08-29T18:52:38","date_gmt":"2025-08-29T18:52:38","guid":{"rendered":"https:\/\/www.europesays.com\/fr\/352762\/"},"modified":"2025-08-29T18:52:38","modified_gmt":"2025-08-29T18:52:38","slug":"le-model-y-performance-deboule-en-europe","status":"publish","type":"post","link":"https:\/\/www.europesays.com\/fr\/352762\/","title":{"rendered":"le Model Y Performance d\u00e9boule en Europe"},"content":{"rendered":"<p>La principale \u00e9volution concerne la m\u00e9canique\u00a0: le Model Y Performance revendique 460 chevaux, ce qui lui permet d\u2019abattre le 0 \u00e0 100 km\/h en seulement 3,5 secondes, contre 4,8 s pour le Model Y Grande Autonomie. Tesla promet par ailleurs une autonomie de 580 km selon le cycle WLTP et un temps de recharge toujours comp\u00e9tent\u00a0: 243 km r\u00e9cup\u00e9r\u00e9s en quinze minutes sur un superchargeur. Le constructeur indique utiliser de nouvelles cellules haute tension, sans toutefois pr\u00e9ciser la capacit\u00e9 exacte de la batterie.<\/p>\n<p> un SUV \u00e9lectrique qui muscle son jeu <\/p>\n<p>Mais la mise \u00e0 jour ne se limite pas \u00e0 la motorisation. \u00c0 l\u2019ext\u00e9rieur, le SUV adopte des jantes \u00ab\u00a0Arachnid 2.0\u00a0\u00bb de 21 pouces et des boucliers avant et arri\u00e8re redessin\u00e9s, dont on appr\u00e9ciera l\u2019allure plus agressive. L\u2019habitacle \u00e9volue lui aussi\u00a0: l\u2019\u00e9cran central est l\u00e9g\u00e8rement agrandi (16 pouces contre 15,4 auparavant), la d\u00e9finition s\u2019am\u00e9liore, les si\u00e8ges avant sont d\u00e9sormais dot\u00e9s d\u2019extensions ajustables pour les cuisses et des badges sp\u00e9cifiques rappelent la signature sportive de la marque.<\/p>\n<p> <img loading=\"lazy\" decoding=\"async\" class=\"size-full wp-image-50568713\" src=\"https:\/\/www.europesays.com\/fr\/wp-content\/uploads\/2025\/08\/Tesla-Model-Y-performance-2.jpg\" alt=\"Tesla Model Y Performance 2\" width=\"1920\" height=\"1280\"  \/>\u00a9 Tesla <\/p>\n<p>C\u00f4t\u00e9 comportement routier, Tesla int\u00e8gre une suspension revue avec amortisseurs pilot\u00e9s, qui ont d\u00e9j\u00e0 \u00e9t\u00e9 remarqu\u00e9s sur la r\u00e9cente version \u00ab\u00a0L\u00a0\u00bb. Un nouveau mode de conduite baptis\u00e9 \u00ab\u00a0Stability Assist Mode\u00a0\u00bb permet d\u2019ajuster le niveau d\u2019adh\u00e9rence entre trois options\u00a0: Standard, R\u00e9duit ou Off, selon le style de conduite ou le type de terrain. Une mani\u00e8re d\u2019\u00e9quilibrer entre s\u00e9curit\u00e9 et sensations fortes.<\/p>\n<p> <img loading=\"lazy\" decoding=\"async\" class=\"size-full wp-image-50568714\" src=\"https:\/\/www.europesays.com\/fr\/wp-content\/uploads\/2025\/08\/Tesla-Model-Y-performance-3.jpg\" alt=\"Tesla Model Y Performance 3\" width=\"1920\" height=\"1280\"  \/>\u00a9 Tesla <\/p>\n<p>Le lancement europ\u00e9en du Model Y Performance n\u2019est pas anodin. Tesla traverse une p\u00e9riode extr\u00eamement difficile sur le Vieux Continent\u00a0: les ventes plongent depuis plusieurs mois, alors que les immatriculations de v\u00e9hicules \u00e9lectriques progressent globalement. Dans certains pays comme la Norv\u00e8ge, la marque reste populaire, mais ailleurs la dynamique est beaucoup moins favorable. L\u2019image toxique d\u2019Elon Musk ternit la r\u00e9putation de Tesla aupr\u00e8s d\u2019une partie des consommateurs.<\/p>\n<p> <img loading=\"lazy\" decoding=\"async\" class=\"size-full wp-image-50568716\" src=\"https:\/\/www.europesays.com\/fr\/wp-content\/uploads\/2025\/08\/Tesla-Model-Y-performance-4.jpg\" alt=\"Tesla Model Y Performance 4\" width=\"1920\" height=\"1280\"  \/>\u00a9 Tesla <\/p>\n<p>En misant sur une version sportive, plus co\u00fbteuse mais \u00e0 forte marge, le constructeur esp\u00e8re s\u00e9duire une client\u00e8le passionn\u00e9e et am\u00e9liorer ses r\u00e9sultats financiers \u00e0 court terme. Le Model 3 Performance avait \u00e9t\u00e9 unanimement salu\u00e9 par les premiers conducteurs, et Tesla esp\u00e8re reproduire cette r\u00e9ussite avec un SUV familial.<\/p>\n<p>Affich\u00e9 \u00e0 partir de 61.990\u00a0\u20ac, le Model Y Performance se positionne pr\u00e8s de 10.000\u00a0\u20ac au-dessus de la version Grande Autonomie, en \u00e9change d\u2019un cocktail de puissance et d\u2019\u00e9quipements in\u00e9dits. Face \u00e0 des concurrents comme le Hyundai Ioniq 5 N, Tesla cherche \u00e0 conserver son avance sur le terrain des sportives \u00e9lectriques.<\/p>\n<blockquote>\n<p class=\"text-base text-neutral-700 dark:text-neutral-300\">\ud83d\udfe3 Pour ne manquer aucune news sur le Journal du Geek, abonnez-vous sur <a href=\"https:\/\/news.google.com\/publications\/CAAqBwgKMNr_hAswwYyCAw?hl=fr&amp;gl=FR&amp;ceid=FR%3Afr\" target=\"_blank\" rel=\"nofollow noopener\">Google Actualit\u00e9s<\/a> et sur <a href=\"https:\/\/whatsapp.com\/channel\/0029VaClM5y4tRry12tb7D2h\" target=\"_blank\" rel=\"nofollow noopener\">notre WhatsApp<\/a>. Et si vous nous adorez, on a <a href=\"https:\/\/www.journaldugeek.com\/newsletter\/\" target=\"_blank\" rel=\"nofollow noopener\">une newsletter tous les matins<\/a>.<\/p>\n<\/blockquote>\n","protected":false},"excerpt":{"rendered":"La principale \u00e9volution concerne la m\u00e9canique\u00a0: le Model Y Performance revendique 460 chevaux, ce qui lui permet d\u2019abattre&hellip;\n","protected":false},"author":2,"featured_media":352763,"comment_status":"","ping_status":"","sticky":false,"template":"","format":"standard","meta":{"footnotes":""},"categories":[1586],"tags":[11,1777,674,1011,27,48934,12,25,320],"class_list":{"0":"post-352762","1":"post","2":"type-post","3":"status-publish","4":"format-standard","5":"has-post-thumbnail","7":"category-europe","8":"tag-actualites","9":"tag-eu","10":"tag-europe","11":"tag-fr","12":"tag-france","13":"tag-model-y-performance","14":"tag-news","15":"tag-republique-francaise","16":"tag-tesla"},"share_on_mastodon":{"url":"https:\/\/pubeurope.com\/@fr\/115113568032115473","error":""},"_links":{"self":[{"href":"https:\/\/www.europesays.com\/fr\/wp-json\/wp\/v2\/posts\/352762","targetHints":{"allow":["GET"]}}],"collection":[{"href":"https:\/\/www.europesays.com\/fr\/wp-json\/wp\/v2\/posts"}],"about":[{"href":"https:\/\/www.europesays.com\/fr\/wp-json\/wp\/v2\/types\/post"}],"author":[{"embeddable":true,"href":"https:\/\/www.europesays.com\/fr\/wp-json\/wp\/v2\/users\/2"}],"replies":[{"embeddable":true,"href":"https:\/\/www.europesays.com\/fr\/wp-json\/wp\/v2\/comments?post=352762"}],"version-history":[{"count":0,"href":"https:\/\/www.europesays.com\/fr\/wp-json\/wp\/v2\/posts\/352762\/revisions"}],"wp:featuredmedia":[{"embeddable":true,"href":"https:\/\/www.europesays.com\/fr\/wp-json\/wp\/v2\/media\/352763"}],"wp:attachment":[{"href":"https:\/\/www.europesays.com\/fr\/wp-json\/wp\/v2\/media?parent=352762"}],"wp:term":[{"taxonomy":"category","embeddable":true,"href":"https:\/\/www.europesays.com\/fr\/wp-json\/wp\/v2\/categories?post=352762"},{"taxonomy":"post_tag","embeddable":true,"href":"https:\/\/www.europesays.com\/fr\/wp-json\/wp\/v2\/tags?post=352762"}],"curies":[{"name":"wp","href":"https:\/\/api.w.org\/{rel}","templated":true}]}}