{"id":352774,"date":"2025-08-29T19:00:07","date_gmt":"2025-08-29T19:00:07","guid":{"rendered":"https:\/\/www.europesays.com\/fr\/352774\/"},"modified":"2025-08-29T19:00:07","modified_gmt":"2025-08-29T19:00:07","slug":"arthur-rinderknech-remporte-son-duel-face-a-benjamin-bonzi-et-sera-oppose-a-carlos-alcaraz-en-8es-de-finale-de-lus-open-lequipe","status":"publish","type":"post","link":"https:\/\/www.europesays.com\/fr\/352774\/","title":{"rendered":"Arthur Rinderknech remporte son duel face \u00e0 Benjamin Bonzi et sera oppos\u00e9 \u00e0 Carlos Alcaraz en 8es de finale de l&#039;US Open &#8211; L&#039;\u00c9quipe"},"content":{"rendered":"<ol>\n<li><a href=\"https:\/\/news.google.com\/rss\/articles\/CBMi_gFBVV95cUxOdU9IYTNxeG1hNlE5U1FIRlJ5OEt2NDY5MzRPLVlkM3ZlNk94ajVVaWpPb1V5QzItM0JkdldvWGRhTTdlYkYwOFFXbkxRX094MnlmajdrSno1U25oOGEtdGpVOGZqMjRJRnBPbWR6SmZnYXU4blJkUENUSVVfYW1majhBbGFiWEttWG5OVnNjWGh6LU85dHVNWWx2eUcyR1dONTlvT2FwQUdfb2k5WGNNNVh2bHk1LUlUbFM4aDNwOTAwQkpSZmMyVm1aMDlfd3lHNDZVNGpDRVhBWENoTXR4dnByazJRQ0RrNF9yVC1YWUNZV1FjVHZFa0VCR0EyZw?oc=5\" target=\"_blank\" rel=\"nofollow noopener\">Arthur Rinderknech remporte son duel face \u00e0 Benjamin Bonzi et sera oppos\u00e9 \u00e0 Carlos Alcaraz en 8es de finale de l&rsquo;US Open<\/a>&nbsp;&nbsp;L&rsquo;\u00c9quipe<\/li>\n<li><a href=\"https:\/\/news.google.com\/rss\/articles\/CBMizAFBVV95cUxQVmxhcUsycFc4MjBQbldtMlNnR3pQN1lfVzIzdzl3OHU2RnQtdUFNU3hRcXZteFlJYXNvelMzb1hpWXVGUXZYODR6Y29ZTU1HM0kxNkJuaWp2bXBXcTR2Rm92all2TVBmRnFGMVpqZTNSd1U4cURsNUNTdVpVS3FKaW1zcnl5U25mTzdUNlB5cF9JLWZzTGRvMVhOd2RONFFUemdVeUNBcGZzV0hOanpSODZPWndCMkItdU1OLWoxUVZNOEs5bXhWay01X18?oc=5\" target=\"_blank\" rel=\"nofollow noopener\">R\u00e9sultat et r\u00e9sum\u00e9 : Benjamin Bonzi &#8211; Arthur Rinderknech<\/a>&nbsp;&nbsp;L&rsquo;\u00c9quipe<\/li>\n<li><a href=\"https:\/\/news.google.com\/rss\/articles\/CBMiowFBVV95cUxPQlg2dEcyNnUwSGlxdHZsOEt0MjJOMVZ4MmEzUXY4anV5WUpQUlNFMk91X1FlNk5wdFByYk1qa2lOWS03djN2TkJRZ2o3VXlZYjU0TUVJQnUyTklqSVlvTmpJUFFrUi1jVVhUa05BMm92NEhBam9BYjk5YTNhNXkzRE96X0ZPMWliSE1CZFV6c1pJRV9HYk9SZmR2MmRhNnRoT29N?oc=5\" target=\"_blank\" rel=\"nofollow noopener\">US Open J4 : ces Bleus ont du c\u0153ur<\/a>&nbsp;&nbsp;F\u00e9d\u00e9ration Fran\u00e7aise de Tennis<\/li>\n<li><a href=\"https:\/\/news.google.com\/rss\/articles\/CBMi-AFBVV95cUxNczVwQmZyNEtFSUVRcGdfM3VwTmNsUTZDRU1lTHNmb0VBZ1JzTThPVkVvMmQwc0g3emtsaXF4M1lGUEIyWHRQeXVBdHFERkl5UzRMTkxLSkZNTUFoeWxEUnFXVW1FMlZtNkhDNFdMcjBiVC15N29SSnExMHk1TTVhUldpVEx3MHZyTGYxQmg1YUsxdWgxN0RVNFF1QjNhcFl5eTFOY1ZFalRSOFlldGFPaVRxdnBWWjc1VTl0SzlpRTZlV2UzbHNtWjFKZHhqNElNMnhNWXp1SlAxcWlHaHJqNTE0ajRwVlhLa25pSVJ1SlBwMXRKQ09taw?oc=5\" target=\"_blank\" rel=\"nofollow noopener\">Tennis : apr\u00e8s sa victoire au 2e tour de l&rsquo;US Open, le message amusant d&rsquo;Arthur Rinderknech pour le Stade Rennais<\/a>&nbsp;&nbsp;francebleu.fr<\/li>\n<li><a href=\"https:\/\/news.google.com\/rss\/articles\/CBMivwFBVV95cUxNdDJQLTg0Wk5YRV83cjVYSVpRd2hEMHdlWkpRTzU0clAxRlJJVmZoOWVOQlFRRGl4eW1yX1BqWnZEMWp6N2pnMEZCOXlOZnMzZmpkZnRvcUdXWXRwNjh6UjlQU0p5dGY5allQcEJCdGJiUkdFbUprekItbXJxQ3hHY2UzWkxaTEJvTEhwNVFGLUlCUVNsS3lNdDZscWpaWXZ2di1QSlh1OTE4SUNCemxMdExwODZmMDZjdlh6X2Jhdw?oc=5\" target=\"_blank\" rel=\"nofollow noopener\">US Open : Rinderknech \u2013 Bonzi, petit derby entre amis pour un huiti\u00e8me in\u00e9dit<\/a>&nbsp;&nbsp;Sud Ouest<\/li>\n<\/ol>\n","protected":false},"excerpt":{"rendered":"Arthur Rinderknech remporte son duel face \u00e0 Benjamin Bonzi et sera oppos\u00e9 \u00e0 Carlos Alcaraz en 8es de&hellip;\n","protected":false},"author":2,"featured_media":1445,"comment_status":"","ping_status":"","sticky":false,"template":"","format":"standard","meta":{"footnotes":""},"categories":[1415],"tags":[1011,27,60,1467],"class_list":{"0":"post-352774","1":"post","2":"type-post","3":"status-publish","4":"format-standard","5":"has-post-thumbnail","7":"category-tennis","8":"tag-fr","9":"tag-france","10":"tag-sports","11":"tag-tennis"},"share_on_mastodon":{"url":"https:\/\/pubeurope.com\/@fr\/115113598841044408","error":""},"_links":{"self":[{"href":"https:\/\/www.europesays.com\/fr\/wp-json\/wp\/v2\/posts\/352774","targetHints":{"allow":["GET"]}}],"collection":[{"href":"https:\/\/www.europesays.com\/fr\/wp-json\/wp\/v2\/posts"}],"about":[{"href":"https:\/\/www.europesays.com\/fr\/wp-json\/wp\/v2\/types\/post"}],"author":[{"embeddable":true,"href":"https:\/\/www.europesays.com\/fr\/wp-json\/wp\/v2\/users\/2"}],"replies":[{"embeddable":true,"href":"https:\/\/www.europesays.com\/fr\/wp-json\/wp\/v2\/comments?post=352774"}],"version-history":[{"count":0,"href":"https:\/\/www.europesays.com\/fr\/wp-json\/wp\/v2\/posts\/352774\/revisions"}],"wp:featuredmedia":[{"embeddable":true,"href":"https:\/\/www.europesays.com\/fr\/wp-json\/wp\/v2\/media\/1445"}],"wp:attachment":[{"href":"https:\/\/www.europesays.com\/fr\/wp-json\/wp\/v2\/media?parent=352774"}],"wp:term":[{"taxonomy":"category","embeddable":true,"href":"https:\/\/www.europesays.com\/fr\/wp-json\/wp\/v2\/categories?post=352774"},{"taxonomy":"post_tag","embeddable":true,"href":"https:\/\/www.europesays.com\/fr\/wp-json\/wp\/v2\/tags?post=352774"}],"curies":[{"name":"wp","href":"https:\/\/api.w.org\/{rel}","templated":true}]}}