{"id":352775,"date":"2025-08-29T19:02:13","date_gmt":"2025-08-29T19:02:13","guid":{"rendered":"https:\/\/www.europesays.com\/fr\/352775\/"},"modified":"2025-08-29T19:02:13","modified_gmt":"2025-08-29T19:02:13","slug":"je-ne-veux-avoir-aucune-attente","status":"publish","type":"post","link":"https:\/\/www.europesays.com\/fr\/352775\/","title":{"rendered":"Je ne veux avoir aucune attente"},"content":{"rendered":"<p><a href=\"https:\/\/fr.motorsport.com\/driver\/jorge-martin\/109391\/\" target=\"_blank\" rel=\"noopener\">Jorge Mart\u00edn<\/a> r\u00e9alise un retour convaincant sur l&rsquo;Aprilia. Sur la touche pendant plusieurs mois apr\u00e8s une succession de blessures, l&rsquo;Espagnol est d\u00e9j\u00e0 dans le coup malgr\u00e9 une moto qu&rsquo;il conna\u00eet encore peu. Pour son retour \u00e0 Brno, il a conclu la course sprint aux portes du top 10 puis y est entr\u00e9 le lendemain. Son week-end a \u00e9t\u00e9 plus brouillon au Red Bull Ring, marqu\u00e9 par des erreurs <a href=\"https:\/\/fr.motorsport.com\/motogp\/news\/martin-gache-sprint-erreur-holeshot-device\/10751305\/\" target=\"_blank\" rel=\"noopener\">le samedi<\/a> comme <a href=\"https:\/\/fr.motorsport.com\/motogp\/news\/martin-souffle-coupe-airbag-respirer-autriche\/10751542\/\" target=\"_blank\" rel=\"noopener\">le dimanche<\/a>, en revanche les signaux \u00e9taient tr\u00e8s prometteurs au Balaton Park.<\/p>\n<p>Pass\u00e9 \u00e0 seulement un milli\u00e8me du top 10 le vendredi, Mart\u00edn a r\u00e9ussi une premi\u00e8re remont\u00e9e lors du sprint pour prendre un point, et une seconde le lendemain, qui l&rsquo;a vu passer de la 16e place sur la grille \u00e0 la quatri\u00e8me sous le drapeau \u00e0 damier, le tout sur un circuit r\u00e9put\u00e9 difficile pour les d\u00e9passements. De quoi revoir ses objectifs \u00e0 la hausse\u00a0?<\/p>\n<p>Lire aussi :<\/p>\n<p>Barcelone est le prochain circuit au calendrier. Mart\u00edn y a naturellement de tr\u00e8s bons souvenirs puisque c&rsquo;est l\u00e0 qu&rsquo;il a d\u00e9croch\u00e9 son titre l&rsquo;an pass\u00e9, mais c&rsquo;est aussi un trac\u00e9 tr\u00e8s favorable \u00e0 l&rsquo;Aprilia\u00a0: <a href=\"https:\/\/fr.motorsport.com\/driver\/aleix-espargaro\/90382\/\" target=\"_blank\" rel=\"noopener\">Aleix Espargar\u00f3<\/a> a gagn\u00e9 les deux courses en 2023, ainsi que le sprint du GP de Catalogne en 2024. Pour autant, le Madril\u00e8ne pr\u00e9f\u00e8re aborder cette course sans objectif pr\u00e9cis.<\/p>\n<p>\u00ab\u00a0\u00c7a ne change pas pour Barcelone ou Misano pour le moment\u00a0\u00bb, a assur\u00e9 le champion en titre. \u00ab\u00a0Je ne veux avoir aucune attente, je veux juste continuer \u00e0 d\u00e9couvrir la moto, continuer \u00e0 comprendre comment faire mieux. C&rsquo;est tout. [Au GP de Hongrie], je n&rsquo;avais pas d&rsquo;attentes et j&rsquo;ai fini quatri\u00e8me, proche du podium. Peut-\u00eatre qu&rsquo;\u00e0 la prochaine course, je serai sur le podium ou que je jouerai la victoire, je ne sais pas. Je me donnerai \u00e0 100% mais je ne veux pas en faire plus que possible.\u00a0\u00bb<\/p>\n<p>\u00a0<\/p>\n<p>\u00ab\u00a0[Au Balaton Park], j&rsquo;aurais pu jouer le podium et tomber. J&rsquo;ai pr\u00e9f\u00e9r\u00e9 finir quatri\u00e8me et continuer \u00e0 construire une base solide pour le futur, au lieu de viser un r\u00e9sultat et de prendre le risque de tomber. On est sur la bonne voie, c&rsquo;est s\u00fbr. L&rsquo;\u00e9quipe travaille incroyablement bien et je suis vraiment surpris par Aprilia, leur fa\u00e7on de travailler, le projet et tout le reste. On va dans la bonne direction, je pense qu&rsquo;on est super forts.\u00a0\u00bb\u00a0<\/p>\n<blockquote>\n<p>Le d\u00e9fi de ramener Aprilia sur le chemin de la victoire m&rsquo;apporte beaucoup plus de motivation et de plaisir, disons, que le simple fait de gagner des courses.<\/p>\n<\/blockquote>\n<p>Alors qu&rsquo;il voulait se d\u00e9faire de son contrat avec Aprilia au printemps, quand il traversait une p\u00e9riode de doutes intenses pendant sa convalescence, Mart\u00edn a d\u00e9sormais appris \u00e0 appr\u00e9cier le challenge dans lequel il s&rsquo;est lanc\u00e9 avec la marque. Au point de trouver un \u00e9quilibre plus satisfaisant que la lutte pour le titre mondial qu&rsquo;il a men\u00e9e en 2023 et 2024.<\/p>\n<p>\u00ab\u00a0C&rsquo;est diff\u00e9rent. L&rsquo;an dernier, j&rsquo;avais la faim pour remporter le titre et c&rsquo;\u00e9tait bien. Mais, maintenant, en pensant un peu \u00e0 mon pass\u00e9, le d\u00e9fi de ramener Aprilia sur le chemin de la victoire m&rsquo;apporte beaucoup plus de motivation et de plaisir, disons, que le simple fait de gagner des courses. Le jour o\u00f9 je gagnerai avec Aprilia sera fantastique, ce sera super bien. J&rsquo;esp\u00e8re qu&rsquo;il viendra.\u00a0\u00bb<\/p>\n<p>   <img decoding=\"async\" draggable=\"false\" src=\"https:\/\/www.europesays.com\/fr\/wp-content\/uploads\/2025\/08\/1756494133_59_jorge-martin-aprilia-racing.jpg\" alt=\"Jorge Martin, Aprilia Racing\" width=\"1200\" height=\"800\" loading=\"lazy\"\/> <\/p>\n<p class=\"title\">Jorge Mart\u00edn<\/p>\n<p class=\"photographer\">Photo de: Gold and Goose Photography \/ LAT Images \/ via Getty Images<\/p>\n<p>Mart\u00edn accepte ainsi de freiner son ambition \u00e0 court terme, en esp\u00e9rant r\u00e9colter les fruits de ses efforts actuels dans la dur\u00e9e\u00a0: \u00ab\u00a0J&rsquo;aurais aim\u00e9 \u00eatre d\u00e9j\u00e0 rapide \u00e0 Brno mais ce n&rsquo;\u00e9tait pas possible, puis en Autriche j&rsquo;en ai fait un peu plus, et [en Hongrie] je me suis senti bien d\u00e8s le premier instant. Je dois bien comprendre pourquoi, afin de le refaire dans les prochaines courses.\u00a0\u00bb<\/p>\n<p>\u00ab\u00a0Comme je l&rsquo;ai d\u00e9j\u00e0 dit, ce qui est important, c&rsquo;est de continuer \u00e0 mettre en place ces r\u00e9glages de base parce qu&rsquo;il est important de conna\u00eetre la moto, de garder toujours la m\u00eame en faisant juste quelques ajustements. Jusqu&rsquo;\u00e0 pr\u00e9sent, j&rsquo;ai toujours fait de gros changements sur la moto, donc \u00e7a ne fonctionne pas vraiment.\u00a0\u00bb<\/p>\n<p>\u00ab\u00a0Je dois simplement continuer dans mon processus. Je pense qu&rsquo;on est bien l\u00e0. Il faut continuer \u00e0 le prouver dans d&rsquo;autres moments, comme les qualifications ou peut-\u00eatre la derni\u00e8re partie des courses. Il faut travailler sur \u00e7a.\u00a0\u00bb<\/p>\n<p>Le besoin d&rsquo;\u00eatre plus doux en qualifications<\/p>\n<p>D\u00e8s le GP de R\u00e9publique tch\u00e8que, Jorge Mart\u00edn voyait <a href=\"https:\/\/fr.motorsport.com\/motogp\/news\/jorge-martin-identifie-progresser-aprilia\/10750139\/\" target=\"_blank\" rel=\"noopener\">une marge de progr\u00e8s en entr\u00e9e de courbe<\/a>. D\u00e9sormais, c&rsquo;est surtout en qualifications qu&rsquo;il se sent \u00e0 la peine. \u00ab\u00a0Il m&rsquo;en manque un peu pour am\u00e9liorer le tour lanc\u00e9\u00a0\u00bb, a-t-il expliqu\u00e9 au Balaton Park, tout en pointant un pneu arri\u00e8re \u00ab\u00a0pas tr\u00e8s bon\u00a0\u00bb qui a pu expliquer sa position lointaine sur la grille. Reste qu&rsquo;il doit encore apprendre \u00e0 tirer le meilleur de la RS-GP quand il vise la performance pure, une phase par laquelle est \u00e9galement pass\u00e9 son co\u00e9quipier lorsqu&rsquo;il a d\u00e9couvert l&rsquo;Aprilia.<\/p>\n<p>\u00ab\u00a0C&rsquo;est dommage parce que je sens que \u00e7a m&rsquo;aiderait de partir un peu plus devant, mais \u00e7a fait partie de mon processus. Je pense que Marco [Bezzecchi] a aussi eu un peu de mal en d\u00e9but de saison. Avec cette moto, on dirait que quand on essaie d&rsquo;attaquer plus, rien ne fonctionne. Il faut \u00eatre doux, m\u00eame dans un time attack, mais \u00e7a fait partie du processus d&rsquo;apprentissage.\u00a0\u00bb<\/p>\n<p>\u00ab\u00a0En termes de rythme, je me sens performant. Je n&rsquo;ai pas encore le rythme pour d\u00e9crocher un podium ou pour gagner, mais il y a peut-\u00eatre le rythme pour le top 5. C&rsquo;est une question de temps. Ce qui est important, c&rsquo;est qu&rsquo;on se rapproche. J&rsquo;en sais plus \u00e0 chaque tour, je comprends et je sens plus de choses. On fait des progr\u00e8s et c&rsquo;est la seule chose qui compte pour le moment.\u00a0\u00bb<\/p>\n<p>Lire aussi :<\/p>\n<p>Dans cet article<\/p>\n<p>Soyez le premier inform\u00e9 et souscrivez aux alertes mails pour recevoir les infos en temps r\u00e9el<\/p>\n<p>    S&rsquo;abonner aux alertes de news<\/p>\n","protected":false},"excerpt":{"rendered":"Jorge Mart\u00edn r\u00e9alise un retour convaincant sur l&rsquo;Aprilia. Sur la touche pendant plusieurs mois apr\u00e8s une succession de&hellip;\n","protected":false},"author":2,"featured_media":352776,"comment_status":"","ping_status":"","sticky":false,"template":"","format":"standard","meta":{"footnotes":""},"categories":[1413],"tags":[3563,1011,27,3564,48935,1457,1456,1458,60],"class_list":{"0":"post-352775","1":"post","2":"type-post","3":"status-publish","4":"format-standard","5":"has-post-thumbnail","7":"category-moto","8":"tag-aprilia-racing-team","9":"tag-fr","10":"tag-france","11":"tag-jorge-martu00edn","12":"tag-martu00edn-ne-vise-pas-encore-la-victoireu00a0-je-ne-veux-avoir-aucune-attente","13":"tag-moto","14":"tag-motocycle","15":"tag-motogp","16":"tag-sports"},"share_on_mastodon":{"url":"https:\/\/pubeurope.com\/@fr\/115113607085942356","error":""},"_links":{"self":[{"href":"https:\/\/www.europesays.com\/fr\/wp-json\/wp\/v2\/posts\/352775","targetHints":{"allow":["GET"]}}],"collection":[{"href":"https:\/\/www.europesays.com\/fr\/wp-json\/wp\/v2\/posts"}],"about":[{"href":"https:\/\/www.europesays.com\/fr\/wp-json\/wp\/v2\/types\/post"}],"author":[{"embeddable":true,"href":"https:\/\/www.europesays.com\/fr\/wp-json\/wp\/v2\/users\/2"}],"replies":[{"embeddable":true,"href":"https:\/\/www.europesays.com\/fr\/wp-json\/wp\/v2\/comments?post=352775"}],"version-history":[{"count":0,"href":"https:\/\/www.europesays.com\/fr\/wp-json\/wp\/v2\/posts\/352775\/revisions"}],"wp:featuredmedia":[{"embeddable":true,"href":"https:\/\/www.europesays.com\/fr\/wp-json\/wp\/v2\/media\/352776"}],"wp:attachment":[{"href":"https:\/\/www.europesays.com\/fr\/wp-json\/wp\/v2\/media?parent=352775"}],"wp:term":[{"taxonomy":"category","embeddable":true,"href":"https:\/\/www.europesays.com\/fr\/wp-json\/wp\/v2\/categories?post=352775"},{"taxonomy":"post_tag","embeddable":true,"href":"https:\/\/www.europesays.com\/fr\/wp-json\/wp\/v2\/tags?post=352775"}],"curies":[{"name":"wp","href":"https:\/\/api.w.org\/{rel}","templated":true}]}}