{"id":352779,"date":"2025-08-29T19:04:09","date_gmt":"2025-08-29T19:04:09","guid":{"rendered":"https:\/\/www.europesays.com\/fr\/352779\/"},"modified":"2025-08-29T19:04:09","modified_gmt":"2025-08-29T19:04:09","slug":"les-herbiers-gare-toi-si-tes-elimine-30-aout-2025-les-engages","status":"publish","type":"post","link":"https:\/\/www.europesays.com\/fr\/352779\/","title":{"rendered":"Les Herbiers Gare-toi si t&rsquo;es \u00e9limin\u00e9 30 ao\u00fbt 2025 les engag\u00e9s"},"content":{"rendered":"<p><strong>ECOLE DE V\u00c9LO<\/strong><br \/>D\u00e9part 12h30<br \/>R\u00e9gularit\u00e9.<\/p>\n<p><strong>U15<\/strong><br \/>D\u00e9part 14h30<br \/>R\u00e9gularit\u00e9 au temps 45 min + 3 tours.<\/p>\n<p><strong>U17<\/strong><br \/>D\u00e9part 16h00<br \/>\u00c9limination<br \/>Circuit de 1,35 km x 35 tours.<br \/>Le dernier passant la ligne est \u00e9limin\u00e9.<br \/>Pas d&rsquo;\u00e9limination pendant les 5 premiers tours.<\/p>\n<p><strong>OPEN 1-2-3<\/strong><br \/>D\u00e9part 18h00<br \/>\u00c9limination<br \/>Circuit de 1,35 km 45 tours.<br \/>Le dernier passant la ligne est \u00e9limin\u00e9<br \/>Pas d&rsquo;\u00e9limination pendant les 5 premiers tours.<\/p>\n","protected":false},"excerpt":{"rendered":"ECOLE DE V\u00c9LOD\u00e9part 12h30R\u00e9gularit\u00e9. U15D\u00e9part 14h30R\u00e9gularit\u00e9 au temps 45 min + 3 tours. U17D\u00e9part 16h00\u00c9liminationCircuit de 1,35 km&hellip;\n","protected":false},"author":2,"featured_media":352780,"comment_status":"","ping_status":"","sticky":false,"template":"","format":"standard","meta":{"footnotes":""},"categories":[1411],"tags":[1154,207,1011,27,60],"class_list":{"0":"post-352779","1":"post","2":"type-post","3":"status-publish","4":"format-standard","5":"has-post-thumbnail","7":"category-cyclisme","8":"tag-cycling","9":"tag-cyclisme","10":"tag-fr","11":"tag-france","12":"tag-sports"},"share_on_mastodon":{"url":"https:\/\/pubeurope.com\/@fr\/115113614576686268","error":""},"_links":{"self":[{"href":"https:\/\/www.europesays.com\/fr\/wp-json\/wp\/v2\/posts\/352779","targetHints":{"allow":["GET"]}}],"collection":[{"href":"https:\/\/www.europesays.com\/fr\/wp-json\/wp\/v2\/posts"}],"about":[{"href":"https:\/\/www.europesays.com\/fr\/wp-json\/wp\/v2\/types\/post"}],"author":[{"embeddable":true,"href":"https:\/\/www.europesays.com\/fr\/wp-json\/wp\/v2\/users\/2"}],"replies":[{"embeddable":true,"href":"https:\/\/www.europesays.com\/fr\/wp-json\/wp\/v2\/comments?post=352779"}],"version-history":[{"count":0,"href":"https:\/\/www.europesays.com\/fr\/wp-json\/wp\/v2\/posts\/352779\/revisions"}],"wp:featuredmedia":[{"embeddable":true,"href":"https:\/\/www.europesays.com\/fr\/wp-json\/wp\/v2\/media\/352780"}],"wp:attachment":[{"href":"https:\/\/www.europesays.com\/fr\/wp-json\/wp\/v2\/media?parent=352779"}],"wp:term":[{"taxonomy":"category","embeddable":true,"href":"https:\/\/www.europesays.com\/fr\/wp-json\/wp\/v2\/categories?post=352779"},{"taxonomy":"post_tag","embeddable":true,"href":"https:\/\/www.europesays.com\/fr\/wp-json\/wp\/v2\/tags?post=352779"}],"curies":[{"name":"wp","href":"https:\/\/api.w.org\/{rel}","templated":true}]}}