{"id":352781,"date":"2025-08-29T19:05:10","date_gmt":"2025-08-29T19:05:10","guid":{"rendered":"https:\/\/www.europesays.com\/fr\/352781\/"},"modified":"2025-08-29T19:05:10","modified_gmt":"2025-08-29T19:05:10","slug":"la-premiere-liste-de-gennaro-gattuso-revelee","status":"publish","type":"post","link":"https:\/\/www.europesays.com\/fr\/352781\/","title":{"rendered":"la premi\u00e8re liste de Gennaro Gattuso r\u00e9v\u00e9l\u00e9e"},"content":{"rendered":"<p>C\u2019est la premi\u00e8re tr\u00eave internationale de la saison. Dans quelques jours, les s\u00e9lections internationales vont reprendre le chemin des terrains, \u00e0 moins d\u2019un an de la Coupe du monde. Absent des deux derni\u00e8res \u00e9ditions, l\u2019Italie compte bien \u00eatre pr\u00e9sente en Am\u00e9rique du Nord dans neuf mois. Pour ce faire, la Squadra Azzurra devra l\u2019emporter imp\u00e9rativement face \u00e0 l\u2019Estonie et Isra\u00ebl lors du prochain rassemblement. <\/p>\n<p>            La suite apr\u00e8s cette publicit\u00e9<\/p>\n<p>Pour y parvenir, <a href=\"https:\/\/www.footmercato.net\/entraineur\/ivan-gennaro-gattuso\" rel=\"nofollow noopener\" target=\"_blank\">Gennaro Gattuso<\/a> a d\u00e9voil\u00e9 ce vendredi sa premi\u00e8re liste. Et l\u2019ancien coach de l\u2019OM a fait dans le classique en faisant confiance aux habitu\u00e9s Nicola Barella, Alessandro Bastoni et Mateo Retegui. Une liste de 28 joueurs dans laquelle ne figure pas Federico Chiesa, auteur d\u2019un bon d\u00e9but de saison avec Liverpool. Pouss\u00e9 vers la sortie par le PSG, Gianluigi Donnarumma est pr\u00e9sent dans cette liste. <\/p>\n<p>\n    Pub. le 29\/08\/2025 19:11<br \/>\n            &#8211; MAJ le 29\/08\/2025 20:57\n    <\/p>\n","protected":false},"excerpt":{"rendered":"C\u2019est la premi\u00e8re tr\u00eave internationale de la saison. Dans quelques jours, les s\u00e9lections internationales vont reprendre le chemin&hellip;\n","protected":false},"author":2,"featured_media":352782,"comment_status":"","ping_status":"","sticky":false,"template":"","format":"standard","meta":{"footnotes":""},"categories":[1410],"tags":[63,1011,27,60],"class_list":{"0":"post-352781","1":"post","2":"type-post","3":"status-publish","4":"format-standard","5":"has-post-thumbnail","7":"category-football","8":"tag-football","9":"tag-fr","10":"tag-france","11":"tag-sports"},"share_on_mastodon":{"url":"https:\/\/pubeurope.com\/@fr\/115113618548243275","error":""},"_links":{"self":[{"href":"https:\/\/www.europesays.com\/fr\/wp-json\/wp\/v2\/posts\/352781","targetHints":{"allow":["GET"]}}],"collection":[{"href":"https:\/\/www.europesays.com\/fr\/wp-json\/wp\/v2\/posts"}],"about":[{"href":"https:\/\/www.europesays.com\/fr\/wp-json\/wp\/v2\/types\/post"}],"author":[{"embeddable":true,"href":"https:\/\/www.europesays.com\/fr\/wp-json\/wp\/v2\/users\/2"}],"replies":[{"embeddable":true,"href":"https:\/\/www.europesays.com\/fr\/wp-json\/wp\/v2\/comments?post=352781"}],"version-history":[{"count":0,"href":"https:\/\/www.europesays.com\/fr\/wp-json\/wp\/v2\/posts\/352781\/revisions"}],"wp:featuredmedia":[{"embeddable":true,"href":"https:\/\/www.europesays.com\/fr\/wp-json\/wp\/v2\/media\/352782"}],"wp:attachment":[{"href":"https:\/\/www.europesays.com\/fr\/wp-json\/wp\/v2\/media?parent=352781"}],"wp:term":[{"taxonomy":"category","embeddable":true,"href":"https:\/\/www.europesays.com\/fr\/wp-json\/wp\/v2\/categories?post=352781"},{"taxonomy":"post_tag","embeddable":true,"href":"https:\/\/www.europesays.com\/fr\/wp-json\/wp\/v2\/tags?post=352781"}],"curies":[{"name":"wp","href":"https:\/\/api.w.org\/{rel}","templated":true}]}}