{"id":352783,"date":"2025-08-29T19:06:11","date_gmt":"2025-08-29T19:06:11","guid":{"rendered":"https:\/\/www.europesays.com\/fr\/352783\/"},"modified":"2025-08-29T19:06:11","modified_gmt":"2025-08-29T19:06:11","slug":"atteint-de-demence-lacteur-americain-bruce-willis-vit-desormais-dans-une-maison-medicalisee-annonce-sa-femme","status":"publish","type":"post","link":"https:\/\/www.europesays.com\/fr\/352783\/","title":{"rendered":"Atteint de d\u00e9mence, l&rsquo;acteur am\u00e9ricain Bruce Willis vit d\u00e9sormais dans une maison m\u00e9dicalis\u00e9e, annonce sa femme"},"content":{"rendered":"\n<p class=\"c-chapo \">\n  En f\u00e9vrier\u00a02023, les proches de l&rsquo;acteur am\u00e9ricain avaient annonc\u00e9 qu&rsquo;il souffrait d&rsquo;une d\u00e9mence fronto-temporale, une maladie neurod\u00e9g\u00e9n\u00e9rative.\n<\/p>\n<p>            lire plus tard<\/p>\n<p id=\"dialog__title\" class=\"dialog__title\">Pour sauvegarder cet article, connectez-vous ou cr\u00e9ez un compte franceinfo<\/p>\n<p class=\"dialog__description\">Sans paiement. Sans abonnement.<\/p>\n<p>        Fermer la fen\u00eatre d\u2019activation des notifications France Info<\/p>\n<p>            cr\u00e9er votre compte<\/p>\n<p>            se connecter<\/p>\n<p>        Fermer la fen\u00eatre de pr\u00e9sentation<\/p>\n<p>    <img decoding=\"async\" class=\"signature__image\" width=\"44\" height=\"44\"  alt=\"\" src=\"https:\/\/www.franceinfo.fr\/assets\/common\/images\/galaxie-icons\/avatar-e7320e16.svg\" fetchpriority=\"high\"\/><\/p>\n<p>          France T\u00e9l\u00e9visions &#8211; R\u00e9daction Culture<\/p>\n<p>    Publi\u00e9 le 29\/08\/2025 17:17<\/p>\n<p>        Temps de lecture : 2min<\/p>\n<p>    <img decoding=\"async\"  alt=\"L'acteur Bruce Willis, \u00e0 New\u00a0York, le 4\u00a0avril\u00a02019. (THEO WARGO\u00a0\/\u00a0GETTY IMAGES NORTH AMERICA\u00a0\/\u00a0AFP)\" width=\"432\" height=\"243\" src=\"https:\/\/www.europesays.com\/fr\/wp-content\/uploads\/2025\/08\/063-1140471275-68b1b3755f719564530948.jpg\" fetchpriority=\"high\"\/><\/p>\n<p>      L&rsquo;acteur Bruce Willis, \u00e0 New\u00a0York, le 4\u00a0avril\u00a02019. (THEO WARGO\u00a0\/\u00a0GETTY IMAGES NORTH AMERICA\u00a0\/\u00a0AFP)<\/p>\n<p>Dans le documentaire Emma &amp;<strong>\u00a0<\/strong>Bruce Willis: The Unexpected Journey, diffus\u00e9 le 26<strong>\u00a0<\/strong>ao\u00fbt sur la cha\u00eene am\u00e9ricaine ABC<strong>\u00a0<\/strong>News, Emma Heming Willis explique que son mari Bruce Willis, atteint de d\u00e9mence fronto-temporale, vit d\u00e9sormais dans une maison m\u00e9dicalis\u00e9e pr\u00e8s de leur r\u00e9sidence principale. \u00ab\u00a0C&rsquo;\u00e9tait l&rsquo;une des d\u00e9cisions les plus difficiles que j&rsquo;ai eue \u00e0 prendre\u00a0\u00bb, confie-t-elle. \u00ab\u00a0Mais je savais avant tout que c&rsquo;\u00e9tait ce que Bruce aurait voulu pour nos filles. Il aurait voulu qu&rsquo;elles vivent dans un foyer mieux adapt\u00e9 \u00e0 leurs besoins, et non aux siens.\u00a0\u00bb<\/p>\n<p>Une \u00e9quipe soignante veille donc quotidiennement sur la star am\u00e9ricaine<strong>\u00a0<\/strong>: \u00ab\u00a0Bruce est toujours en tr\u00e8s bonne sant\u00e9 dans l&rsquo;ensemble, c&rsquo;est juste son cerveau qui le l\u00e2che\u00a0\u00bb. Ses deux filles de 11 et 13<strong>\u00a0<\/strong>ans lui rendent visite tr\u00e8s souvent dans cette \u00ab\u00a0maison remplie d&rsquo;amour, de chaleur, d&rsquo;attention et de rires\u00a0\u00bb. \u00ab\u00a0Quand nous sommes avec lui, son visage s&rsquo;illumine. Il nous tient la main, nous l&#8217;embrassons, nous le serrons dans nos bras, il nous rend nos gestes, il est r\u00e9ceptif\u00a0\u00bb, se r\u00e9jouit Emma Heming Willis.<\/p>\n<p>Dans le documentaire diffus\u00e9 sur ABC<strong>\u00a0<\/strong>News, la femme de Bruce Willis explique qu&rsquo;elle a rapidement constat\u00e9 que son mari \u00e9vitait les trajets scolaires avec leurs filles, et s&rsquo;est donc inqui\u00e9t\u00e9e. \u00ab\u00a0Je me suis dit<strong>\u00a0<\/strong>: Mon Dieu, c&rsquo;est tellement bizarre, lui qui \u00e9tait si bavard et engag\u00e9 est devenu plus calme, et lorsque la famille se r\u00e9unissait, il semblait un peu perdu\u00a0\u00bb, raconte Emma Heming Willis \u00e0 la journaliste Diane Sawyer.<\/p>\n<p>En f\u00e9vrier\u00a02023, les proches de l&rsquo;acteur am\u00e9ricain avaient annonc\u00e9 qu&rsquo;il \u00e9tait <a href=\"https:\/\/www.franceinfo.fr\/culture\/cinema\/l-acteur-americain-bruce-willis-souffre-de-demence-annonce-sa-famille_5662883.html\" rel=\"nofollow noopener\" target=\"_blank\">atteint de d\u00e9mence fronto-temporale<\/a>, une maladie neurod\u00e9g\u00e9n\u00e9rative qui engendre la destruction progressive des neurones. La d\u00e9g\u00e9n\u00e9rescence fronto-temporale (DFT) est apparent\u00e9e \u00e0 la maladie d&rsquo;Alzheimer. Les personnes atteintes de DFT peuvent ainsi pr\u00e9senter des troubles de la m\u00e9moire, des changements de comportement ou encore des difficult\u00e9s \u00e0 parler ou \u00e0 se mouvoir.<\/p>\n","protected":false},"excerpt":{"rendered":"En f\u00e9vrier\u00a02023, les proches de l&rsquo;acteur am\u00e9ricain avaient annonc\u00e9 qu&rsquo;il souffrait d&rsquo;une d\u00e9mence fronto-temporale, une maladie neurod\u00e9g\u00e9n\u00e9rative. lire&hellip;\n","protected":false},"author":2,"featured_media":352784,"comment_status":"","ping_status":"","sticky":false,"template":"","format":"standard","meta":{"footnotes":""},"categories":[1359],"tags":[58,59,1011,27,973],"class_list":{"0":"post-352783","1":"post","2":"type-post","3":"status-publish","4":"format-standard","5":"has-post-thumbnail","7":"category-people","8":"tag-divertissement","9":"tag-entertainment","10":"tag-fr","11":"tag-france","12":"tag-people"},"share_on_mastodon":{"url":"https:\/\/pubeurope.com\/@fr\/115113622911479459","error":""},"_links":{"self":[{"href":"https:\/\/www.europesays.com\/fr\/wp-json\/wp\/v2\/posts\/352783","targetHints":{"allow":["GET"]}}],"collection":[{"href":"https:\/\/www.europesays.com\/fr\/wp-json\/wp\/v2\/posts"}],"about":[{"href":"https:\/\/www.europesays.com\/fr\/wp-json\/wp\/v2\/types\/post"}],"author":[{"embeddable":true,"href":"https:\/\/www.europesays.com\/fr\/wp-json\/wp\/v2\/users\/2"}],"replies":[{"embeddable":true,"href":"https:\/\/www.europesays.com\/fr\/wp-json\/wp\/v2\/comments?post=352783"}],"version-history":[{"count":0,"href":"https:\/\/www.europesays.com\/fr\/wp-json\/wp\/v2\/posts\/352783\/revisions"}],"wp:featuredmedia":[{"embeddable":true,"href":"https:\/\/www.europesays.com\/fr\/wp-json\/wp\/v2\/media\/352784"}],"wp:attachment":[{"href":"https:\/\/www.europesays.com\/fr\/wp-json\/wp\/v2\/media?parent=352783"}],"wp:term":[{"taxonomy":"category","embeddable":true,"href":"https:\/\/www.europesays.com\/fr\/wp-json\/wp\/v2\/categories?post=352783"},{"taxonomy":"post_tag","embeddable":true,"href":"https:\/\/www.europesays.com\/fr\/wp-json\/wp\/v2\/tags?post=352783"}],"curies":[{"name":"wp","href":"https:\/\/api.w.org\/{rel}","templated":true}]}}