{"id":352785,"date":"2025-08-29T19:07:09","date_gmt":"2025-08-29T19:07:09","guid":{"rendered":"https:\/\/www.europesays.com\/fr\/352785\/"},"modified":"2025-08-29T19:07:09","modified_gmt":"2025-08-29T19:07:09","slug":"la-folle-histoire-dun-tableau-vole-par-les-nazis-retrouve-puis-disparu-a-nouveau-en-argentine","status":"publish","type":"post","link":"https:\/\/www.europesays.com\/fr\/352785\/","title":{"rendered":"La folle histoire d\u2019un tableau vol\u00e9 par les nazis, retrouv\u00e9\u2026 puis disparu \u00e0 nouveau en Argentine"},"content":{"rendered":"<p class=\"mb-4 text-lg md:leading-8 break-words\">Plus de 80\u00a0ans apr\u00e8s la Seconde Guerre mondiale, les \u0153uvres spoli\u00e9es par les nazis continuent de r\u00e9appara\u00eetre. \u00c0 Mar del Plata, ville de la province de Buenos Aires situ\u00e9e \u00e0\u00a0404\u00a0kilom\u00e8tres de la capitale argentine, c&rsquo;est une annonce immobili\u00e8re qui a permis de remonter la trace d&rsquo;un tableau spoli\u00e9 par les nazis\u2026 Avant qu&rsquo;il ne disparaisse de nouveau.<\/p>\n<p class=\"mb-4 text-lg md:leading-8 break-words\">Portrait d&rsquo;une dame, peint par l&rsquo;Italien Giuseppe Ghislandi \u2013 dit Fra Galgario \u2013, avait \u00e9t\u00e9 vol\u00e9 pendant la Seconde Guerre mondiale et \u00e9tait r\u00e9pertori\u00e9 dans le registre n\u00e9erlandais des biens culturels disparus \u00e0 cette \u00e9poque. C&rsquo;est gr\u00e2ce au travail d&rsquo;investigation de deux journalistes du quotidien n\u00e9erlandais Algemeen Dagblad que sa piste a \u00e9t\u00e9 retrouv\u00e9e.<\/p>\n<p class=\"mb-4 text-lg md:leading-8 break-words\">\u00c0 LIRE AUSSI <strong class=\"strong\"><a href=\"https:\/\/www.lepoint.fr\/culture\/histoire-spoliations-d-art-par-les-nazis-le-retard-francais-14-03-2019-2300931_3.php\" rel=\"nofollow noopener\" target=\"_blank\" data-ylk=\"slk:Histoire\u00a0: spoliations d&#039;art par les nazis, le retard fran\u00e7ais;elm:context_link;itc:0;sec:content-canvas\" class=\"link \">Histoire\u00a0: spoliations d&rsquo;art par les nazis, le retard fran\u00e7ais<\/a><\/strong><\/p>\n<p class=\"mb-4 text-lg md:leading-8 break-words\">Les deux hommes enqu\u00eataient depuis plusieurs ann\u00e9es sur le destin de la collection de Jacques Goudstikker. Ce marchand d&rsquo;art juif avait vu ses quelque 1\u00a0400 \u0153uvres se faire spolier par l&rsquo;occupant nazi en\u00a01940\u00a0\u2013 dont\u00a0202\u00a0seulement ont \u00e0 ce jour \u00e9t\u00e9 r\u00e9cup\u00e9r\u00e9es. Parmi les b\u00e9n\u00e9ficiaires de ce d\u00e9pouillement\u00a0: le haut dignitaire nazi Friedrich Kadgien, connu pour avoir pill\u00e9 des biens juifs \u2013 notamment des diamants \u2013 et pour avoir \u00e9t\u00e9 l&rsquo;ancien bras droit d&rsquo;Hermann G\u00f6ring\u2026 Mais aussi et surtout\u00a0pour \u00eatre parvenu \u00e0 \u00e9chapper \u00e0 la justice, se r\u00e9fugiant tour \u00e0 tour en Suisse, au Br\u00e9sil, puis en Argentine\u00a0\u00e0 Mar del Plata, o\u00f9 il d\u00e9c\u00e9dera.<\/p>\n<p>Il est \u00ab\u00a0improbable qu&rsquo;il s&rsquo;agisse d&rsquo;une copie\u00a0\u00bb<\/p>\n<p class=\"mb-4 text-lg md:leading-8 break-words\">C&rsquo;est pour r\u00e9so [&#8230;] <a href=\"https:\/\/www.lepoint.fr\/arts\/la-folle-histoire-d-un-tableau-vole-par-les-nazis-retrouve-puis-disparu-a-nouveau-en-argentine-29-08-2025-2597258_36.php\" rel=\"nofollow noopener\" target=\"_blank\" data-ylk=\"slk:Lire la suite;elm:context_link;itc:0;sec:content-canvas\" class=\"link \">Lire la suite<\/a><\/p>\n","protected":false},"excerpt":{"rendered":"Plus de 80\u00a0ans apr\u00e8s la Seconde Guerre mondiale, les \u0153uvres spoli\u00e9es par les nazis continuent de r\u00e9appara\u00eetre. \u00c0&hellip;\n","protected":false},"author":2,"featured_media":352786,"comment_status":"","ping_status":"","sticky":false,"template":"","format":"standard","meta":{"footnotes":""},"categories":[1358],"tags":[1348,1384,1385,28078,1386,58,59,1011,27,48937,18375,29179,48936],"class_list":{"0":"post-352785","1":"post","2":"type-post","3":"status-publish","4":"format-standard","5":"has-post-thumbnail","7":"category-arts-et-design","8":"tag-arts","9":"tag-arts-and-design","10":"tag-arts-et-design","11":"tag-cest-grace","12":"tag-design","13":"tag-divertissement","14":"tag-entertainment","15":"tag-fr","16":"tag-france","17":"tag-jacques-goudstikker","18":"tag-les-deux-hommes","19":"tag-nazis","20":"tag-province-de-buenos-aires"},"share_on_mastodon":{"url":"https:\/\/pubeurope.com\/@fr\/115113626356576156","error":""},"_links":{"self":[{"href":"https:\/\/www.europesays.com\/fr\/wp-json\/wp\/v2\/posts\/352785","targetHints":{"allow":["GET"]}}],"collection":[{"href":"https:\/\/www.europesays.com\/fr\/wp-json\/wp\/v2\/posts"}],"about":[{"href":"https:\/\/www.europesays.com\/fr\/wp-json\/wp\/v2\/types\/post"}],"author":[{"embeddable":true,"href":"https:\/\/www.europesays.com\/fr\/wp-json\/wp\/v2\/users\/2"}],"replies":[{"embeddable":true,"href":"https:\/\/www.europesays.com\/fr\/wp-json\/wp\/v2\/comments?post=352785"}],"version-history":[{"count":0,"href":"https:\/\/www.europesays.com\/fr\/wp-json\/wp\/v2\/posts\/352785\/revisions"}],"wp:featuredmedia":[{"embeddable":true,"href":"https:\/\/www.europesays.com\/fr\/wp-json\/wp\/v2\/media\/352786"}],"wp:attachment":[{"href":"https:\/\/www.europesays.com\/fr\/wp-json\/wp\/v2\/media?parent=352785"}],"wp:term":[{"taxonomy":"category","embeddable":true,"href":"https:\/\/www.europesays.com\/fr\/wp-json\/wp\/v2\/categories?post=352785"},{"taxonomy":"post_tag","embeddable":true,"href":"https:\/\/www.europesays.com\/fr\/wp-json\/wp\/v2\/tags?post=352785"}],"curies":[{"name":"wp","href":"https:\/\/api.w.org\/{rel}","templated":true}]}}