{"id":352787,"date":"2025-08-29T19:08:12","date_gmt":"2025-08-29T19:08:12","guid":{"rendered":"https:\/\/www.europesays.com\/fr\/352787\/"},"modified":"2025-08-29T19:08:12","modified_gmt":"2025-08-29T19:08:12","slug":"tournon-sur-rhone-bruno-moynot-a-dedicace-son-livre-sur-le-splendid","status":"publish","type":"post","link":"https:\/\/www.europesays.com\/fr\/352787\/","title":{"rendered":"Tournon-sur-Rh\u00f4ne. Bruno Moynot a d\u00e9dicac\u00e9 son livre sur le Splendid"},"content":{"rendered":"<p>Jeudi 28\u00a0ao\u00fbt \u00e0 la librairie Au d\u00e9tour des mots de Tournon, Bruno Moynot, pr\u00e9sident du jury du festival, est venu pour d\u00e9dicacer son dernier ouvrage, Le Splendid par le Splendid, nous nous sommes tant marr\u00e9s. Acteur et directeur de th\u00e9\u00e2tre du Splendid, Bruno Moynot fait partie de cette c\u00e9l\u00e8bre troupe avec laquelle il a notamment tourn\u00e9 au cin\u00e9ma des films cultes comme Le p\u00e8re No\u00ebl est une ordure ou Les Bronz\u00e9s font du ski.<\/p>\n","protected":false},"excerpt":{"rendered":"Jeudi 28\u00a0ao\u00fbt \u00e0 la librairie Au d\u00e9tour des mots de Tournon, Bruno Moynot, pr\u00e9sident du jury du festival,&hellip;\n","protected":false},"author":2,"featured_media":352788,"comment_status":"","ping_status":"","sticky":false,"template":"","format":"standard","meta":{"footnotes":""},"categories":[1357],"tags":[48938,1379,1687,58,3827,59,1011,27,1380,3140,12920],"class_list":{"0":"post-352787","1":"post","2":"type-post","3":"status-publish","4":"format-standard","5":"has-post-thumbnail","7":"category-livres","8":"tag-bassin-de-tain-tournon","9":"tag-books","10":"tag-culture-loisirs","11":"tag-divertissement","12":"tag-edition-annonay-nord-ardeche","13":"tag-entertainment","14":"tag-fr","15":"tag-france","16":"tag-livres","17":"tag-spectacle","18":"tag-tournon-sur-rhone"},"share_on_mastodon":{"url":"https:\/\/pubeurope.com\/@fr\/115113630354105669","error":""},"_links":{"self":[{"href":"https:\/\/www.europesays.com\/fr\/wp-json\/wp\/v2\/posts\/352787","targetHints":{"allow":["GET"]}}],"collection":[{"href":"https:\/\/www.europesays.com\/fr\/wp-json\/wp\/v2\/posts"}],"about":[{"href":"https:\/\/www.europesays.com\/fr\/wp-json\/wp\/v2\/types\/post"}],"author":[{"embeddable":true,"href":"https:\/\/www.europesays.com\/fr\/wp-json\/wp\/v2\/users\/2"}],"replies":[{"embeddable":true,"href":"https:\/\/www.europesays.com\/fr\/wp-json\/wp\/v2\/comments?post=352787"}],"version-history":[{"count":0,"href":"https:\/\/www.europesays.com\/fr\/wp-json\/wp\/v2\/posts\/352787\/revisions"}],"wp:featuredmedia":[{"embeddable":true,"href":"https:\/\/www.europesays.com\/fr\/wp-json\/wp\/v2\/media\/352788"}],"wp:attachment":[{"href":"https:\/\/www.europesays.com\/fr\/wp-json\/wp\/v2\/media?parent=352787"}],"wp:term":[{"taxonomy":"category","embeddable":true,"href":"https:\/\/www.europesays.com\/fr\/wp-json\/wp\/v2\/categories?post=352787"},{"taxonomy":"post_tag","embeddable":true,"href":"https:\/\/www.europesays.com\/fr\/wp-json\/wp\/v2\/tags?post=352787"}],"curies":[{"name":"wp","href":"https:\/\/api.w.org\/{rel}","templated":true}]}}