{"id":352789,"date":"2025-08-29T19:09:18","date_gmt":"2025-08-29T19:09:18","guid":{"rendered":"https:\/\/www.europesays.com\/fr\/352789\/"},"modified":"2025-08-29T19:09:18","modified_gmt":"2025-08-29T19:09:18","slug":"il-y-a-une-famille-derriere-maman-de-quatre-enfants-cette-ancienne-candidate-de-koh-lanta-se-retrouve-privee-de-travail-a-trois-jours-de-la-rentree","status":"publish","type":"post","link":"https:\/\/www.europesays.com\/fr\/352789\/","title":{"rendered":"\u00ab\u00a0Il y a une famille derri\u00e8re&#8230;\u00a0\u00bb : Maman de quatre enfants, cette ancienne candidate de Koh-Lanta se retrouve priv\u00e9e de travail \u00e0 trois jours de la rentr\u00e9e"},"content":{"rendered":"<p>            <img loading=\"lazy\" decoding=\"async\" src=\"https:\/\/www.europesays.com\/fr\/wp-content\/uploads\/2025\/04\/70-60dc2d431f18d-35x35-1.jpg\" class=\"author-article-picture\" width=\"35\" height=\"35\"\/><\/p>\n<p>                Par<br \/>\n                                    <a class=\"author-article-bio-link\" href=\"https:\/\/www.purepeople.com\/auteur\/liane-lazaar_a70\" rel=\"nofollow noopener\" target=\"_blank\">Liane Lazaar<\/a><br \/>\n                                                    | R\u00e9dactrice<\/p>\n<p>\n                Liane Lazaar est r\u00e9dactrice web rattach\u00e9e au p\u00f4le TV de Purepeople.com. Elle conna\u00eet autant le parcours de Jean-Pierre Pernaut sur TF1 que les derniers rebondissements des candidats de t\u00e9l\u00e9-r\u00e9alit\u00e9 et a un go\u00fbt prononc\u00e9 pour les histoires de coeur.\n            <\/p>\n<p>\n    Coup dur pour cette ancienne candidate de \u00ab\u00a0Koh-Lanta\u00a0\u00bb. Ce vendredi 29 ao\u00fbt 2025, elle a appris une bien mauvaise nouvelle. Elle ne va pas pouvoir reprendre son travail comme pr\u00e9vu au moment de la rentr\u00e9e attendue dans quelques jours. De quoi impacter fortement son quotidien avec quatre enfants \u00e0 charge.\n<\/p>\n<p>                            <img loading=\"lazy\" decoding=\"async\" class=\"player-thumbnail\" src=\"https:\/\/www.europesays.com\/fr\/wp-content\/uploads\/2025\/08\/faace0c255a6a64d-580x326-1.jpg\" width=\"580\" height=\"326\"\/><\/p>\n<p>                    \u00ab\u00a0Il y a une famille derri\u00e8re&#8230;\u00a0\u00bb : Maman de quatre enfants, cette ancienne candidate de Koh-Lanta se retrouve priv\u00e9e de travail \u00e0 trois jours de la rentr\u00e9e<\/p>\n<p>La suite apr\u00e8s la publicit\u00e9<\/p>\n<p>La vie de <strong>Thomas et Myriam<\/strong> a chang\u00e9 gr\u00e2ce \u00e0 Koh-Lanta 2021 (\u00e9dition baptis\u00e9e Les Armes secr\u00e8tes). S&rsquo;ils n&rsquo;ont pas remport\u00e9 l&rsquo;\u00e9mission de TF1, ils ont gagn\u00e9 bien plus : l&rsquo;amour. Ils se sont en effet rencontr\u00e9s lors du tournage du programme et ne se sont pas quitt\u00e9s depuis. Un an apr\u00e8s leur participation, ils ont m\u00eame accueilli leur premier enfant ensemble, <a href=\"https:\/\/www.purepeople.com\/article\/myriam-et-thomas-koh-lanta-parents-aux-anges-photos-craquantes-de-leur-fils-leyan_a498453\/1\" rel=\"nofollow noopener\" target=\"_blank\">un petit gar\u00e7on qu&rsquo;ils ont appel\u00e9 Leyan<\/a>. D\u00e9j\u00e0 l&rsquo;heureuse maman de deux gar\u00e7ons, n\u00e9s d&rsquo;une pr\u00e9c\u00e9dente relation, Myriam a ensuite donn\u00e9 naissance \u00e0 <a href=\"https:\/\/www.purepeople.com\/article\/koh-lanta-naissance_a533843\/1\" rel=\"nofollow noopener\" target=\"_blank\">une petite fille, baptis\u00e9e Nelya<\/a> et arriv\u00e9e en d\u00e9but d&rsquo;ann\u00e9e 2025.<\/p>\n<p>Un quotidien \u00e0 six qui requiert alors forc\u00e9ment beaucoup d&rsquo;organisation. Probl\u00e8me, <strong>Myriam se retrouve aujourd&rsquo;hui bloqu\u00e9e professionnellement. <\/strong>En effet, ce vendredi 29 ao\u00fbt, la professeure d&rsquo;Anglais a fait savoir qu&rsquo;elle n&rsquo;avait pas trouv\u00e9 d&rsquo;\u00e9tablissement pour la rentr\u00e9e&#8230; laquelle a lieu le 1er septembre, soit dans trois jours. \u00ab\u00a0<strong>Bon bah, pas de rentr\u00e9e pour moi&#8230;. Pour une prof, c&rsquo;est quand m\u00eame un comble<\/strong>. C&rsquo;est une situation loin d&rsquo;\u00eatre agr\u00e9able\u00a0\u00bb, a-t-elle regrett\u00e9 en story Instagram.<\/p>\n<p>Myriam dans une situation tr\u00e8s instable professionnellement depuis trois ans<\/p>\n<p>Et pour elle de d\u00e9plorer une vie professionnelle instable depuis plusieurs ann\u00e9es maintenant : \u00ab\u00a0Je ne m&rsquo;en suis pas trop mal sortie pendant 6-7 ans, on m&rsquo;appelait d\u00e9but juillet, on me proposait plusieurs \u00e9tablissements et je n&rsquo;avais qu&rsquo;\u00e0 choisir ce qui m&rsquo;arrangeait le plus en 10 secondes chrono<strong> mais \u00e7a fait trois ans que c&rsquo;est une catastrophe.<\/strong> Soit c&rsquo;est un pauvre mail la veille de la rentr\u00e9e soit on m&rsquo;annonce que je vais dans un coll\u00e8ge une semaine avant la rentr\u00e9e&#8230; Puis la veille, j&rsquo;apprends par hasard que je n&rsquo;y suis plus pour finalement qu&rsquo;on me dise cinq jours plus tard que si si finalement j&rsquo;y vais et que je dois commencer &lsquo;cet apr\u00e8s-midi'\u00a0\u00bb.<\/p>\n<p>Alors c&rsquo;est simple, Myriam n&rsquo;en peut plus de cet \u00e9tat des choses qui impacte toute sa vie de famille. \u00ab\u00a0C&rsquo;est clairement lourd. Sous pr\u00e9texte d&rsquo;\u00eatre en CDI et pay\u00e9e, il faut \u00eatre \u00e0 leur disposition \u00e0 la minute.<strong> Il y a une famille derri\u00e8re, une organisation \u00e0 avoir.<\/strong> L\u00e0, je suis incapable de donner des horaires \u00e0 la cr\u00e8che de Nelya, je ne sais pas si je dois inscrire Leyan au p\u00e9riscolaire du matin ni celui du soir ou m\u00eame \u00e0 la cantine&#8230; J&rsquo;ai demand\u00e9 \u00e0 \u00eatre \u00e0 mi-temps cette ann\u00e9e pour \u00e9viter au max d&#8217;emmener les enfants \u00e0 l&rsquo;ouverture de la cr\u00e8che\/\u00e9cole mais \u00e7a se trouve mon emploi du temps va me faire commencer tous les jours \u00e0 8h\u00a0\u00bb, craint-elle, attendant des nouvelles pour travailler d&rsquo;un jour \u00e0 l&rsquo;autre. De quoi la faire se questionner sur son avenir : \u00ab\u00a0J&rsquo;aime mon m\u00e9tier mais le syst\u00e8me est en train de m&rsquo;en d\u00e9go\u00fbter. <strong>Heureusement qu&rsquo;en Anglais, j&rsquo;ai plusieurs autres opportunit\u00e9s qui peuvent s&rsquo;offrir \u00e0 moi..<\/strong>. Affaire \u00e0 suivre.\u00a0\u00bb<\/p>\n","protected":false},"excerpt":{"rendered":"Par Liane Lazaar | R\u00e9dactrice Liane Lazaar est r\u00e9dactrice web rattach\u00e9e au p\u00f4le TV de Purepeople.com. Elle conna\u00eet&hellip;\n","protected":false},"author":2,"featured_media":352790,"comment_status":"","ping_status":"","sticky":false,"template":"","format":"standard","meta":{"footnotes":""},"categories":[1356],"tags":[58,59,1011,27,252,1364],"class_list":{"0":"post-352789","1":"post","2":"type-post","3":"status-publish","4":"format-standard","5":"has-post-thumbnail","7":"category-television","8":"tag-divertissement","9":"tag-entertainment","10":"tag-fr","11":"tag-france","12":"tag-television","13":"tag-tv"},"share_on_mastodon":{"url":"https:\/\/pubeurope.com\/@fr\/115113634348867521","error":""},"_links":{"self":[{"href":"https:\/\/www.europesays.com\/fr\/wp-json\/wp\/v2\/posts\/352789","targetHints":{"allow":["GET"]}}],"collection":[{"href":"https:\/\/www.europesays.com\/fr\/wp-json\/wp\/v2\/posts"}],"about":[{"href":"https:\/\/www.europesays.com\/fr\/wp-json\/wp\/v2\/types\/post"}],"author":[{"embeddable":true,"href":"https:\/\/www.europesays.com\/fr\/wp-json\/wp\/v2\/users\/2"}],"replies":[{"embeddable":true,"href":"https:\/\/www.europesays.com\/fr\/wp-json\/wp\/v2\/comments?post=352789"}],"version-history":[{"count":0,"href":"https:\/\/www.europesays.com\/fr\/wp-json\/wp\/v2\/posts\/352789\/revisions"}],"wp:featuredmedia":[{"embeddable":true,"href":"https:\/\/www.europesays.com\/fr\/wp-json\/wp\/v2\/media\/352790"}],"wp:attachment":[{"href":"https:\/\/www.europesays.com\/fr\/wp-json\/wp\/v2\/media?parent=352789"}],"wp:term":[{"taxonomy":"category","embeddable":true,"href":"https:\/\/www.europesays.com\/fr\/wp-json\/wp\/v2\/categories?post=352789"},{"taxonomy":"post_tag","embeddable":true,"href":"https:\/\/www.europesays.com\/fr\/wp-json\/wp\/v2\/tags?post=352789"}],"curies":[{"name":"wp","href":"https:\/\/api.w.org\/{rel}","templated":true}]}}