{"id":352793,"date":"2025-08-29T19:11:16","date_gmt":"2025-08-29T19:11:16","guid":{"rendered":"https:\/\/www.europesays.com\/fr\/352793\/"},"modified":"2025-08-29T19:11:16","modified_gmt":"2025-08-29T19:11:16","slug":"les-nouveautes-films-et-series-a-voir-sur-netflix-du-29-aout-au-4-septembre-2025","status":"publish","type":"post","link":"https:\/\/www.europesays.com\/fr\/352793\/","title":{"rendered":"Les nouveaut\u00e9s films et s\u00e9ries \u00e0 voir sur Netflix du 29 ao\u00fbt au 4 septembre 2025"},"content":{"rendered":"<p><strong>Netflix balance nombre de films et s\u00e9ries dans son catalogue chaque semaine, sans qu\u2019on les remarque ou que la plateforme ne l\u2019annonce officiellement. \u00c9cran Large revient sur les nouveaut\u00e9s ajout\u00e9es par\u00a0<a href=\"https:\/\/www.ecranlarge.com\/c\/streaming\/netflix\" rel=\"nofollow noopener\" target=\"_blank\">Netflix<\/a>\u00a0du 22 au 28 ao\u00fbt 2025, films et s\u00e9ries confondus dans une liste non exhaustive.<\/strong><\/p>\n<p><strong>Quels sont les films et les s\u00e9ries \u00e0 ne pas manquer cette semaine sur la plateforme de streaming ?<\/strong><\/p>\n<p>Charlie\u2019s Angels : Les Anges se d\u00e9cha\u00eenent<\/p>\n<ul class=\"wp-block-list\">\n<li>Disponible le 1er septembre <\/li>\n<li>Dur\u00e9e : 1h45<\/li>\n<\/ul>\n<p><a href=\"https:\/\/www.ecranlarge.com\/content\/uploads\/2025\/08\/awxifcv0fui0lg6d9c3snmpnmjy.jpg\" rel=\"nofollow noopener\" target=\"_blank\"><\/p>\n<p><img loading=\"lazy\" decoding=\"async\" alt=\"Charlie's Angels : Les Anges se d\u00e9cha\u00eenent ! cameron diaz\" src=\"https:\/\/www.europesays.com\/fr\/wp-content\/uploads\/2025\/08\/awxifcv0fui0lg6d9c3snmpnmjy-1260x709.jpg\" width=\"1260\" height=\"709\"  \/><\/p>\n<p><\/a>Barbie<\/p>\n<p><strong>De quoi \u00e7a parle : <\/strong>Les trois anges de Charlie enqu\u00eatent cette fois sur deux anneaux qui, une fois rassembl\u00e9s, r\u00e9v\u00e8lent la liste crypt\u00e9e de ceux qui ont contribu\u00e9 \u00e0 faire arr\u00eater les plus grands criminels. Et elles vont d\u00e9couvrir le v\u00e9ritable ennemi qui se cache derri\u00e8re cette affaire\u2026<\/p>\n<p><strong>Pourquoi il faut regarder : <\/strong>Parce que tout le monde est m\u00e9chamment et b\u00eatement tomb\u00e9 sur ce film \u00e0 sa sortie, comme s\u2019il y avait un terrible \u00e9cart de qualit\u00e9 entre le premier <strong><a href=\"https:\/\/www.ecranlarge.com\/films\/839726-charlie-et-ses-droles-de-dames\" data-type=\"films\" data-id=\"655148\" rel=\"nofollow noopener\" target=\"_blank\">Charlie et ses dr\u00f4les de dames<\/a><\/strong> et la suite, <strong><a href=\"https:\/\/www.ecranlarge.com\/films\/839723-charlie-s-angels-les-anges-se-dechainent\" data-type=\"films\" data-id=\"655145\" rel=\"nofollow noopener\" target=\"_blank\">Charlie\u2019s Angels : Les Anges se d\u00e9cha\u00eenent<\/a><\/strong> (on se demande encore pourquoi le titre n\u2019a pas \u00e9t\u00e9 traduit l\u00e0). Les deux sont pourtant parfaitement align\u00e9s sur<strong> leur magnifique et irr\u00e9sistible mauvais go\u00fbt,<\/strong> o\u00f9 absolument tout est d\u00e9di\u00e9 au pur plaisir.\u00a0<\/p>\n<p>Dans cette deuxi\u00e8me aventure, les trois h\u00e9ro\u00efnes traversent donc un <strong>ridicule remake des <\/strong><strong>Nerfs \u00e0 vif<\/strong> (avec Justin Theroux en De Niro) et affrontent une ange d\u00e9chue <strong>(<a href=\"https:\/\/www.ecranlarge.com\/personnalite\/664929-demi-moore\" data-type=\"people\" data-id=\"315898\" rel=\"nofollow noopener\" target=\"_blank\">Demi Moore<\/a>, parfaitement en Barbie vengeresse),<\/strong> tout en continuant \u00e0 rendre hommage \u00e0 tout et n\u2019importe quoi. Les anges vont au monast\u00e8re, les anges font du motocross, les anges vont \u00e0 la plage, les anges refont <strong>Les Aventuriers de l\u2019arche perdue <\/strong>et <strong>Les Experts<\/strong>\u2026 tout \u00e7a avec <strong>une BO qui n\u2019a aucun sens<\/strong> (Rage Against the Machine, M.C. Hammer\u2026), pas plus que les sc\u00e8nes d\u2019action (<strong>Fast &amp; Furious avant l\u2019heure<\/strong> dans cette sc\u00e8ne d\u2019intro).<\/p>\n<p>On a le droit de trouver \u00e7a affreux et insupportable. Mais on peut aussi y voir un certain \u00e9clat : celui du <strong>super-divertissement pur et pop<\/strong>, assum\u00e9 comme tel, et qui ne s\u2019excuse jamais d\u2019\u00eatre uniquement \u00e7a puisque c\u2019est d\u00e9j\u00e0 beaucoup. Il va sans dire que <a href=\"https:\/\/www.ecranlarge.com\/personnalite\/651729-cameron-diaz\" data-type=\"people\" data-id=\"303955\" rel=\"nofollow noopener\" target=\"_blank\">Cameron Diaz<\/a>, <a href=\"https:\/\/www.ecranlarge.com\/personnalite\/653537-lucy-liu\" data-type=\"people\" data-id=\"3761\" rel=\"nofollow noopener\" target=\"_blank\">Lucy Liu<\/a> et <a href=\"https:\/\/www.ecranlarge.com\/personnalite\/652231-drew-barrymore\" data-type=\"people\" data-id=\"21404\" rel=\"nofollow noopener\" target=\"_blank\">Drew Barrymore<\/a> <strong>sont g\u00e9niales de bout en bout<\/strong>, et qu\u2019il y a tellement peu de points de comparaison dans le genre que ces deux films r\u00e9alis\u00e9s par McG (qui ne s\u2019en remettra jamais) restent des r\u00e9f\u00e9rences. <\/p>\n<p>WILL HUNTING<\/p>\n<ul class=\"wp-block-list\">\n<li>Disponible le 1er septembre <\/li>\n<li>Dur\u00e9e : 2h06<\/li>\n<\/ul>\n<p><a href=\"https:\/\/www.ecranlarge.com\/content\/uploads\/2025\/08\/image-22.png\" rel=\"nofollow noopener\" target=\"_blank\"><\/p>\n<p><img loading=\"lazy\" decoding=\"async\" alt=\"will hunting robin williams matt damon\" src=\"https:\/\/www.europesays.com\/fr\/wp-content\/uploads\/2025\/08\/image-22-1260x709.png\" width=\"1260\" height=\"709\"  \/><\/p>\n<p><\/a>Sortez les mouchoirs<\/p>\n<p><strong>De quoi \u00e7a parle : <\/strong>Un jeune homme surdou\u00e9 issu d\u2019un milieu d\u00e9favoris\u00e9 se laisse lentement couler jusqu\u2019\u00e0 ce qu\u2019un psychoth\u00e9rapeute attentif le pousse \u00e0 se d\u00e9passer.<\/p>\n<p><strong>Pourquoi il faut regarder : Will Hunting<\/strong> <strong>est le film qui a scell\u00e9 la bromance entre Matt Damon et Ben Affleck<\/strong>, amis \u00e0 la ville et collaborateurs \u00e0 l\u2019\u00e9cran. Les deux com\u00e9diens, qui n\u2019avaient pas 30 ans \u00e0 l\u2019\u00e9poque, tentaient timidement de se faire une place \u00e0 Hollywood et ont un jour co\u00e9crit le sc\u00e9nario de <strong>Will Hunting<\/strong> \u00e0 partir d\u2019un devoir particuli\u00e8rement z\u00e9l\u00e9 r\u00e9dig\u00e9 par Damon pour ses cours d\u2019art dramatique \u00e0 Harvard. C\u2019est Gus Van Sant, d\u00e9j\u00e0 connu \u00e0 l\u2019\u00e9poque pour <strong>My Own Private Idaho<\/strong>, qui se colle \u00e0 la r\u00e9alisation du film.<\/p>\n<p>Celui-ci conquiert le public et la critique avec son \u00e9criture sensible et son interpr\u00e9tation \u00e9mouvante. Parmi la pluie de r\u00e9compenses qui pleut sur <strong>Will Hunting<\/strong> \u00e0 sa sortie, on compte notamment <strong>l\u2019Oscar du meilleur second r\u00f4le pour Robin Williams<\/strong> <strong>et l\u2019Oscar du meilleur sc\u00e9nario original pour Ben Affleck et Matt Damon<\/strong>. Les deux jeunes auteurs et com\u00e9diens sont promis, d\u00e8s lors, \u00e0 la carri\u00e8re qu\u2019on leur conna\u00eet aujourd\u2019hui. <\/p>\n<p>FAST &amp; FURIOUS 1, 2, 3, 4, 5, 6 ET 7<\/p>\n<ul class=\"wp-block-list\">\n<li>Disponible le 2 septembre <\/li>\n<li>Dur\u00e9e : trop longtemps<\/li>\n<\/ul>\n<p><a href=\"https:\/\/www.ecranlarge.com\/content\/uploads\/2014\/09\/original-529829-549.jpg\" rel=\"nofollow noopener\" target=\"_blank\"><img loading=\"lazy\" decoding=\"async\" alt=\"Photo Paul Walker, Vin Diesel\" class=\"wp-image-19298\" style=\"width:1024px;height:auto\" src=\"https:\/\/www.europesays.com\/fr\/wp-content\/uploads\/2025\/08\/original-529829-549-630x397.jpg\" width=\"630\" height=\"397\"  \/><\/a>Jouer avec ses majorettes : le film<\/p>\n<p><strong>De quoi \u00e7a parle : <\/strong>Des aventures de Dom Toretto, de sa famille, de ses voitures et de sa famille.<\/p>\n<p><strong>Pourquoi il faut regarder : <\/strong>Parce que, parfois, la vie, c\u2019est dur. Et parfois, on est faible. Alors, on s\u2019assied sur son canap\u00e9 et on voit un cr\u00e2ne chauve finement lustr\u00e9 occuper les deux tiers de la page d\u2019accueil Netflix. \u00ab\u00a0Aiiiiiit confiance\u00a0\u00bb semble chantonner le globe de peau parfaitement plac\u00e9 entre deux explosions num\u00e9riques. Donc on c\u00e8de : on clique sur \u00ab\u00a0lecture\u00a0\u00bb et on regarde <strong><a href=\"https:\/\/www.ecranlarge.com\/films\/841526-fast-furious\" data-type=\"films\" data-id=\"656933\" rel=\"nofollow noopener\" target=\"_blank\">Fast &amp; Furious<\/a><\/strong>.<\/p>\n<p>Car, quoi qu\u2019on en dise, la saga p\u00e9t\u00e9e du bulbe men\u00e9e par le bulbe de Vin Diesel <strong>n\u2019a pas toujours \u00e0 rougir dans la cat\u00e9gorie divertissement hollywoodien<\/strong>. Outre les d\u00e9rapages d\u00e9licieusement nanardesques des premiers volets, les opus 5, 6 et parfois 7 (si on oublie son hommage atrocement opportuniste) comportent quelques morceaux de bravoure d\u00e9lirants autrement plus fun que certains blockbusters \u00ab\u00a0sages\u00a0\u00bb. Ne serait-ce que pour le boulot impressionnant abattu par les \u00e9quipes de cascadeurs, <strong>Fast &amp; Furious<\/strong> m\u00e9rite qu\u2019on lui jette un \u0153il pas moins m\u00e9prisant.<\/p>\n<p>Mercredi saison 2 partie 2<\/p>\n<ul class=\"wp-block-list\">\n<li>Disponible le 3 septembre<\/li>\n<li>Dur\u00e9e : 4 \u00e9pisodes d\u2019environ une heure<\/li>\n<\/ul>\n<p><strong>De quoi \u00e7a parle : <\/strong>D\u00e9sesp\u00e9r\u00e9e d\u2019emp\u00eacher sa proph\u00e9tie de se r\u00e9aliser et de sauver la vie d\u2019Enid, Mercredi rouvre un chapitre sombre de l\u2019histoire de sa famille, directement li\u00e9 \u00e0 Tyler.<\/p>\n<p><strong>Pourquoi il faut regarder : <\/strong>Parce que c\u2019est la suite de la partie 1 de la saison 2 sortie d\u00e9but ao\u00fbt dernier et<strong> potentiellement le fin de l\u2019histoire apr\u00e8s le gros changement de direction de cette suite<\/strong> par rapport \u00e0 la premi\u00e8re fourn\u00e9e. Pour l\u2019occasion, le public retrouvera m\u00eame Larissa Weems, l\u2019ancienne directrice de l\u2019acad\u00e9mie d\u00e9c\u00e9d\u00e9e dans la premi\u00e8re saison. Le personnage de Gwendoline Christie r\u00e9appara\u00eetra sous la forme d\u2019un esprit uniquement perceptible par Mercredi (<a href=\"https:\/\/www.ecranlarge.com\/personnalite\/814061-jenna-ortega\" data-type=\"people\" data-id=\"448006\" rel=\"nofollow noopener\" target=\"_blank\">Jenna Ortega<\/a>), qui agit comme une sorte de Jiminy Cricket qu\u2019on imagine un tout petit peu moins bien intentionn\u00e9.<\/p>\n<p>                    <img decoding=\"async\" alt=\"\" class=\"wp-image-518375\" style=\"object-fit:cover;width:25px;height:25px\" src=\"https:\/\/www.ecranlarge.com\/content\/uploads\/2023\/09\/arrow-right-circle.svg\"\/><\/p>\n<p>MAIS AUSSI\u2026<\/p>\n<p><strong>S.W.A.T. saison 7, En Quarantaine, Le Strat\u00e8ge, 30 ans sinon rien, La Source, Ma reum, La r\u00e9ceptioniste Pok\u00e9mon saison 2\u2026<\/strong><\/p>\n","protected":false},"excerpt":{"rendered":"Netflix balance nombre de films et s\u00e9ries dans son catalogue chaque semaine, sans qu\u2019on les remarque ou que&hellip;\n","protected":false},"author":2,"featured_media":352794,"comment_status":"","ping_status":"","sticky":false,"template":"","format":"standard","meta":{"footnotes":""},"categories":[1354],"tags":[58,59,1346,1011,27,1360],"class_list":{"0":"post-352793","1":"post","2":"type-post","3":"status-publish","4":"format-standard","5":"has-post-thumbnail","7":"category-films","8":"tag-divertissement","9":"tag-entertainment","10":"tag-films","11":"tag-fr","12":"tag-france","13":"tag-movies"},"share_on_mastodon":{"url":"https:\/\/pubeurope.com\/@fr\/115113642331983057","error":""},"_links":{"self":[{"href":"https:\/\/www.europesays.com\/fr\/wp-json\/wp\/v2\/posts\/352793","targetHints":{"allow":["GET"]}}],"collection":[{"href":"https:\/\/www.europesays.com\/fr\/wp-json\/wp\/v2\/posts"}],"about":[{"href":"https:\/\/www.europesays.com\/fr\/wp-json\/wp\/v2\/types\/post"}],"author":[{"embeddable":true,"href":"https:\/\/www.europesays.com\/fr\/wp-json\/wp\/v2\/users\/2"}],"replies":[{"embeddable":true,"href":"https:\/\/www.europesays.com\/fr\/wp-json\/wp\/v2\/comments?post=352793"}],"version-history":[{"count":0,"href":"https:\/\/www.europesays.com\/fr\/wp-json\/wp\/v2\/posts\/352793\/revisions"}],"wp:featuredmedia":[{"embeddable":true,"href":"https:\/\/www.europesays.com\/fr\/wp-json\/wp\/v2\/media\/352794"}],"wp:attachment":[{"href":"https:\/\/www.europesays.com\/fr\/wp-json\/wp\/v2\/media?parent=352793"}],"wp:term":[{"taxonomy":"category","embeddable":true,"href":"https:\/\/www.europesays.com\/fr\/wp-json\/wp\/v2\/categories?post=352793"},{"taxonomy":"post_tag","embeddable":true,"href":"https:\/\/www.europesays.com\/fr\/wp-json\/wp\/v2\/tags?post=352793"}],"curies":[{"name":"wp","href":"https:\/\/api.w.org\/{rel}","templated":true}]}}