{"id":352798,"date":"2025-08-29T19:14:10","date_gmt":"2025-08-29T19:14:10","guid":{"rendered":"https:\/\/www.europesays.com\/fr\/352798\/"},"modified":"2025-08-29T19:14:10","modified_gmt":"2025-08-29T19:14:10","slug":"mohamed-bouhafsi-vide-son-sac-cet-acteur-francais-qui-a-ete-execrable-dans-c-a-vous-il-a-ete-detestable","status":"publish","type":"post","link":"https:\/\/www.europesays.com\/fr\/352798\/","title":{"rendered":"Mohamed Bouhafsi vide son sac : cet acteur fran\u00e7ais qui a \u00e9t\u00e9 ex\u00e9crable dans \u00ab\u00a0C \u00e0 Vous\u00a0\u00bb, \u00ab\u00a0il a \u00e9t\u00e9 d\u00e9testable\u00a0\u00bb"},"content":{"rendered":"<p>S\u2019il n\u2019a pas donn\u00e9 le nom, <a href=\"https:\/\/www.public.fr\/tag\/mohamed-bouhafsi\" rel=\"nofollow noopener\" target=\"_blank\">Mohamed Bouhafsi<\/a> a toutefois donn\u00e9 plusieurs indices permettant au principal int\u00e9ress\u00e9 de se reconna\u00eetre. Invit\u00e9 de <a href=\"https:\/\/www.public.fr\/tag\/camille-combal\" rel=\"nofollow noopener\" target=\"_blank\">Camille Combal<\/a> sur NRJ ce jeudi 28 ao\u00fbt 2025, le chroniqueur de <strong>\u00ab\u00a0C \u00e0 Vous\u00a0\u00bb<\/strong> a accept\u00e9 d\u2019\u00e9voquer plusieurs anecdotes de la quotidienne de France 5.<\/p>\n<p>Dans un premier temps, l\u2019animateur radio et son invit\u00e9 ont souhait\u00e9 se rem\u00e9morer le passage du premier dans l\u2019\u00e9mission pr\u00e9sent\u00e9e par <a href=\"https:\/\/www.public.fr\/tag\/anne-elisabeth-lemoine\" rel=\"nofollow noopener\" target=\"_blank\">Anne-\u00c9lisabeth Lemoine<\/a>. Un passage qui avait fait bondir sa maman comme le compagnon de Marie Treille Stefani l\u2019a r\u00e9v\u00e9l\u00e9.<\/p>\n<p>Camille Combal tacl\u00e9 par sa m\u00e8re apr\u00e8s son passage dans \u00ab\u00a0C \u00e0 Vous\u00a0\u00bb<\/p>\n<p>En effet, <a href=\"https:\/\/www.public.fr\/camille-combal-sa-mere-ulceree-apres-le-passage-de-son-fils-dans-c-a-vous-elle-ma-defonce\" rel=\"nofollow noopener\" target=\"_blank\">le comportement de Camille Combal<\/a> lors de sa venue dans<strong> \u00ab\u00a0C \u00e0 Vous\u00a0\u00bb<\/strong> a visiblement irrit\u00e9 sa maman comme s\u2019en est souvenu le principal int\u00e9ress\u00e9. \u00ab\u00a0J\u2019ai mang\u00e9 et,\u00a0vous \u00eates relous, vous m&rsquo;aviez servi un gaspacho. \u00c0 chaque fois que tu bois le gaspacho, c&rsquo;est \u00e0 ce moment qu&rsquo;elle dit\u00a0:\u00a0&lsquo;Et vous Camille ?\u2019\u00a0\u00bb.<\/p>\n<p>En plus d\u2019avoir r\u00e9pondu aux questions, la bouche pleine la majorit\u00e9 du temps, ses coudes pos\u00e9s sur la table ont fait sortir sa m\u00e8re de ses gonds : \u00ab\u00a0En plus j&rsquo;avais les coudes sur la table et ma m\u00e8re m&rsquo;a d\u00e9fonc\u00e9.\u00a0Les r\u00e8gles de biens\u00e9ance, c&rsquo;est\u00a0: pas les coudes sur la table et la fourchette qui va \u00e0 la bouche et pas l\u2019inverse\u00a0\u00bb.<\/p>\n<p>Malgr\u00e9 les critiques de sa m\u00e8re, <a href=\"https:\/\/vsd.fr\/tag\/camille-combal\/\" rel=\"nofollow noopener\" target=\"_blank\">Camille Combal<\/a> se dit pr\u00eat \u00e0 revenir dans la quotidienne de la Cinq lorsque Mohamed Bouhafsi lui a propos\u00e9. Ce dernier, cours de son passage dans l\u2019\u00e9mission diffus\u00e9e sur NRJ, et apr\u00e8s avoir ri aux \u00e9clats en \u00e9coutant l\u2019anecdote de l\u2019animateur, a lui aussi racont\u00e9 un souvenir.<\/p>\n<p>Mohamed Bouhafsi tr\u00e8s d\u00e9\u00e7u par cet acteur fran\u00e7ais<\/p>\n<p>Visiblement le pire depuis qu\u2019il officie dans <strong>\u00ab\u00a0C \u00e0 Vous\u00a0\u00bb<\/strong>. En effet, en recevant un c\u00e9l\u00e8bre com\u00e9dien, le journaliste de 33 ans a pass\u00e9 un mauvais moment \u00e0 cause du comportement de son invit\u00e9. \u00ab\u00a0<strong>Il y a un acteur fran\u00e7ais qui a \u00e9t\u00e9 d\u00e9testable au d\u00eener de C \u00e0 vous<\/strong>.\u00a0Un acteur fran\u00e7ais qui a trinqu\u00e9 pendant qu\u2019on parlait, qui n\u2019\u00e9coutait pas les chroniques, qui <strong>n\u2019\u00e9coutait pas\u00a0Bertrand Chameroy<\/strong>, qui ne m&rsquo;a pas du tout \u00e9cout\u00e9\u00a0\u00bb, s\u2019est souvenu dans un premier temps Mohamed Bouhafsi.<\/p>\n<p>\u00ab\u00a0Et je trouve que <strong>si tu n\u2019as pas envie de venir, ne viens pas en fait<\/strong>. On te fait ta promo en plus, on est sympathique, ton film est moyen, on ne le dit pas totalement en plus, donc ce n&rsquo;\u00e9tait pas tr\u00e8s fun\u00a0\u00bb, a-t-il ajout\u00e9, avant de conclure : \u00ab\u00a0<strong>Heureusement, c\u2019est un acteur qu\u2019on voit beaucoup moins<\/strong>. Je trouve que les acteurs de la nouvelle g\u00e9n\u00e9ration sont beaucoup plus g\u00e9n\u00e9reux\u00a0\u00bb.<\/p>\n<p>Mohamed Bouhafsi n\u2019a n\u00e9anmoins pas donn\u00e9 le nom du com\u00e9dien en question. Reste \u00e0 savoir si le principal int\u00e9ress\u00e9 se reconna\u00eetre apr\u00e8s la description faite par le chroniqueur d\u2019Anne-\u00c9lisabeth Lemoine, qui<a href=\"https:\/\/www.public.fr\/mohamed-bouhafsi-hospitalise-durgence-alors-quil-doit-remplacer-anne-elisabeth-lemoine-dans-c-a-vous\" rel=\"nofollow noopener\" target=\"_blank\"> prendra les commandes de la quotidienne<\/a> du vendredi au dimanche \u00e0 partir de la semaine prochaine.\u00a0<\/p>\n<p>      Mentionn\u00e9s dans cet article<\/p>\n<p>      Sur le m\u00eame sujet<\/p>\n","protected":false},"excerpt":{"rendered":"S\u2019il n\u2019a pas donn\u00e9 le nom, Mohamed Bouhafsi a toutefois donn\u00e9 plusieurs indices permettant au principal int\u00e9ress\u00e9 de&hellip;\n","protected":false},"author":2,"featured_media":352799,"comment_status":"","ping_status":"","sticky":false,"template":"","format":"standard","meta":{"footnotes":""},"categories":[8],"tags":[5631,5632,193,58,59,1011,27,4467,24618],"class_list":{"0":"post-352798","1":"post","2":"type-post","3":"status-publish","4":"format-standard","5":"has-post-thumbnail","7":"category-divertissement","8":"tag-anne-elisabeth-lemoine","9":"tag-c-a-vous","10":"tag-camille-combal","11":"tag-divertissement","12":"tag-entertainment","13":"tag-fr","14":"tag-france","15":"tag-france-5","16":"tag-mohamed-bouhafsi"},"share_on_mastodon":{"url":"https:\/\/pubeurope.com\/@fr\/115113654246808663","error":""},"_links":{"self":[{"href":"https:\/\/www.europesays.com\/fr\/wp-json\/wp\/v2\/posts\/352798","targetHints":{"allow":["GET"]}}],"collection":[{"href":"https:\/\/www.europesays.com\/fr\/wp-json\/wp\/v2\/posts"}],"about":[{"href":"https:\/\/www.europesays.com\/fr\/wp-json\/wp\/v2\/types\/post"}],"author":[{"embeddable":true,"href":"https:\/\/www.europesays.com\/fr\/wp-json\/wp\/v2\/users\/2"}],"replies":[{"embeddable":true,"href":"https:\/\/www.europesays.com\/fr\/wp-json\/wp\/v2\/comments?post=352798"}],"version-history":[{"count":0,"href":"https:\/\/www.europesays.com\/fr\/wp-json\/wp\/v2\/posts\/352798\/revisions"}],"wp:featuredmedia":[{"embeddable":true,"href":"https:\/\/www.europesays.com\/fr\/wp-json\/wp\/v2\/media\/352799"}],"wp:attachment":[{"href":"https:\/\/www.europesays.com\/fr\/wp-json\/wp\/v2\/media?parent=352798"}],"wp:term":[{"taxonomy":"category","embeddable":true,"href":"https:\/\/www.europesays.com\/fr\/wp-json\/wp\/v2\/categories?post=352798"},{"taxonomy":"post_tag","embeddable":true,"href":"https:\/\/www.europesays.com\/fr\/wp-json\/wp\/v2\/tags?post=352798"}],"curies":[{"name":"wp","href":"https:\/\/api.w.org\/{rel}","templated":true}]}}