{"id":352810,"date":"2025-08-29T19:20:22","date_gmt":"2025-08-29T19:20:22","guid":{"rendered":"https:\/\/www.europesays.com\/fr\/352810\/"},"modified":"2025-08-29T19:20:22","modified_gmt":"2025-08-29T19:20:22","slug":"la-maison-de-sante-developpe-son-offre-de-soins","status":"publish","type":"post","link":"https:\/\/www.europesays.com\/fr\/352810\/","title":{"rendered":"la maison de sant\u00e9 d\u00e9veloppe son offre de soins"},"content":{"rendered":"<p>La maison de sant\u00e9, ouverte au printemps 2025, continue d\u2019\u00e9toffer son offre de soins avec l\u2019arriv\u00e9e de deux nouvelles m\u00e9decins. Une orthophoniste, Alexandra Bensoussan et une psychologue neuropsychologue, Coline Alba vont partager un cabinet, avec un mi-temps chacune.<\/p>\n<p>Deux nouvelles sp\u00e9cialit\u00e9s qui viennent s\u2019ajouter au m\u00e9decin g\u00e9n\u00e9raliste et au docteur du sommeil. Alexandra Bensoussan explique\u00a0:&#8230;<\/p>\n","protected":false},"excerpt":{"rendered":"La maison de sant\u00e9, ouverte au printemps 2025, continue d\u2019\u00e9toffer son offre de soins avec l\u2019arriv\u00e9e de deux&hellip;\n","protected":false},"author":2,"featured_media":352811,"comment_status":"","ping_status":"","sticky":false,"template":"","format":"standard","meta":{"footnotes":""},"categories":[9653],"tags":[1111,11,2430,4406,33,7539,1777,674,10282,10283,1011,27,12,25,4001,71],"class_list":{"0":"post-352810","1":"post","2":"type-post","3":"status-publish","4":"format-standard","5":"has-post-thumbnail","7":"category-saint-etienne","8":"tag-actu","9":"tag-actualites","10":"tag-auvergne-rhone-alpes","11":"tag-commerce-et-services","12":"tag-economie","13":"tag-edition-loire-sud","14":"tag-eu","15":"tag-europe","16":"tag-firminy","17":"tag-firminy-ville","18":"tag-fr","19":"tag-france","20":"tag-news","21":"tag-republique-francaise","22":"tag-saint-etienne","23":"tag-sante"},"share_on_mastodon":{"url":"https:\/\/pubeurope.com\/@fr\/115113677599852245","error":""},"_links":{"self":[{"href":"https:\/\/www.europesays.com\/fr\/wp-json\/wp\/v2\/posts\/352810","targetHints":{"allow":["GET"]}}],"collection":[{"href":"https:\/\/www.europesays.com\/fr\/wp-json\/wp\/v2\/posts"}],"about":[{"href":"https:\/\/www.europesays.com\/fr\/wp-json\/wp\/v2\/types\/post"}],"author":[{"embeddable":true,"href":"https:\/\/www.europesays.com\/fr\/wp-json\/wp\/v2\/users\/2"}],"replies":[{"embeddable":true,"href":"https:\/\/www.europesays.com\/fr\/wp-json\/wp\/v2\/comments?post=352810"}],"version-history":[{"count":0,"href":"https:\/\/www.europesays.com\/fr\/wp-json\/wp\/v2\/posts\/352810\/revisions"}],"wp:featuredmedia":[{"embeddable":true,"href":"https:\/\/www.europesays.com\/fr\/wp-json\/wp\/v2\/media\/352811"}],"wp:attachment":[{"href":"https:\/\/www.europesays.com\/fr\/wp-json\/wp\/v2\/media?parent=352810"}],"wp:term":[{"taxonomy":"category","embeddable":true,"href":"https:\/\/www.europesays.com\/fr\/wp-json\/wp\/v2\/categories?post=352810"},{"taxonomy":"post_tag","embeddable":true,"href":"https:\/\/www.europesays.com\/fr\/wp-json\/wp\/v2\/tags?post=352810"}],"curies":[{"name":"wp","href":"https:\/\/api.w.org\/{rel}","templated":true}]}}