{"id":352816,"date":"2025-08-29T19:23:13","date_gmt":"2025-08-29T19:23:13","guid":{"rendered":"https:\/\/www.europesays.com\/fr\/352816\/"},"modified":"2025-08-29T19:23:13","modified_gmt":"2025-08-29T19:23:13","slug":"municipales-2026-laurent-henart-on-veut-avoir-un-projet-alternatif-qui-parle-a-chacun","status":"publish","type":"post","link":"https:\/\/www.europesays.com\/fr\/352816\/","title":{"rendered":"Municipales 2026. Laurent H\u00e9nart\u00a0: \u00ab\u00a0On veut avoir un projet alternatif qui parle \u00e0 chacun\u00a0\u00bb"},"content":{"rendered":"<p>\u00ab\u00a0On n\u2019est pas l\u00e0 pour pr\u00e9senter un programme \u00e9lectoral\u00a0\u00bb pr\u00e9vient <a href=\"https:\/\/www.estrepublicain.fr\/p\/laurent-henart\" target=\"_blank\" rel=\"noopener\">Laurent H\u00e9nart<\/a>.<\/p>\n<p>Le pr\u00e9sident des groupes Nancy Positive et Grand Nancy Perspectives, entour\u00e9 par Fran\u00e7ois Werner, Val\u00e9rie Debord, Jean-Pierre Dessein, <a href=\"https:\/\/www.estrepublicain.fr\/p\/laurent-garcia\" target=\"_blank\" rel=\"noopener\">Laurent Garcia<\/a>, Malika Dati, Anne-Sophie Didelot et Michel Fick, a donn\u00e9 le coup d\u2019envoi, ce vendredi, d\u2019une conf\u00e9rence de presse dont l\u2019objectif \u00e9tait de faire le bilan de la&#8230;<\/p>\n","protected":false},"excerpt":{"rendered":"\u00ab\u00a0On n\u2019est pas l\u00e0 pour pr\u00e9senter un programme \u00e9lectoral\u00a0\u00bb pr\u00e9vient Laurent H\u00e9nart. Le pr\u00e9sident des groupes Nancy Positive&hellip;\n","protected":false},"author":2,"featured_media":352817,"comment_status":"","ping_status":"","sticky":false,"template":"","format":"standard","meta":{"footnotes":""},"categories":[9635],"tags":[1111,11,1704,4188,1777,674,1011,27,775,1702,1703,12,316,25],"class_list":{"0":"post-352816","1":"post","2":"type-post","3":"status-publish","4":"format-standard","5":"has-post-thumbnail","7":"category-nancy","8":"tag-actu","9":"tag-actualites","10":"tag-edition-nancy-et-agglomeration","11":"tag-elections-municipales","12":"tag-eu","13":"tag-europe","14":"tag-fr","15":"tag-france","16":"tag-grand-est","17":"tag-nancy","18":"tag-nancy-ville-54b","19":"tag-news","20":"tag-politique","21":"tag-republique-francaise"},"share_on_mastodon":{"url":"https:\/\/pubeurope.com\/@fr\/115113689423712855","error":""},"_links":{"self":[{"href":"https:\/\/www.europesays.com\/fr\/wp-json\/wp\/v2\/posts\/352816","targetHints":{"allow":["GET"]}}],"collection":[{"href":"https:\/\/www.europesays.com\/fr\/wp-json\/wp\/v2\/posts"}],"about":[{"href":"https:\/\/www.europesays.com\/fr\/wp-json\/wp\/v2\/types\/post"}],"author":[{"embeddable":true,"href":"https:\/\/www.europesays.com\/fr\/wp-json\/wp\/v2\/users\/2"}],"replies":[{"embeddable":true,"href":"https:\/\/www.europesays.com\/fr\/wp-json\/wp\/v2\/comments?post=352816"}],"version-history":[{"count":0,"href":"https:\/\/www.europesays.com\/fr\/wp-json\/wp\/v2\/posts\/352816\/revisions"}],"wp:featuredmedia":[{"embeddable":true,"href":"https:\/\/www.europesays.com\/fr\/wp-json\/wp\/v2\/media\/352817"}],"wp:attachment":[{"href":"https:\/\/www.europesays.com\/fr\/wp-json\/wp\/v2\/media?parent=352816"}],"wp:term":[{"taxonomy":"category","embeddable":true,"href":"https:\/\/www.europesays.com\/fr\/wp-json\/wp\/v2\/categories?post=352816"},{"taxonomy":"post_tag","embeddable":true,"href":"https:\/\/www.europesays.com\/fr\/wp-json\/wp\/v2\/tags?post=352816"}],"curies":[{"name":"wp","href":"https:\/\/api.w.org\/{rel}","templated":true}]}}