{"id":352818,"date":"2025-08-29T19:24:17","date_gmt":"2025-08-29T19:24:17","guid":{"rendered":"https:\/\/www.europesays.com\/fr\/352818\/"},"modified":"2025-08-29T19:24:17","modified_gmt":"2025-08-29T19:24:17","slug":"180-km-entre-la-garde-et-brignoles-et-un-profil-pour-sprinteurs-le-trace-inedit-de-la-3e-edition-de-la-classic-var-devoile","status":"publish","type":"post","link":"https:\/\/www.europesays.com\/fr\/352818\/","title":{"rendered":"180 km entre La Garde et Brignoles et un profil pour sprinteurs: le trac\u00e9 in\u00e9dit de la 3e \u00e9dition de la Classic Var d\u00e9voil\u00e9"},"content":{"rendered":"<p>La succession de l\u2019Italien Christian Scaroni, qui s\u2019\u00e9tait impos\u00e9 au mur de Fayence cet hiver, est d\u2019ores et d\u00e9j\u00e0 ouverte. Mais le grimpeur, r\u00e9cent vainqueur d\u2019une \u00e9tape sur le Tour d\u2019Italie, devrait laisser sa place \u00e0 un sprinteur&#8230;<\/p>\n<p>Le groupe Nice-Matin, organisateur de la Classic Var en partenariat avec le D\u00e9partement, a r\u00e9v\u00e9l\u00e9 hier apr\u00e8s-midi le parcours de la troisi\u00e8me \u00e9dition (1). Il sera in\u00e9dit. Le d\u00e9part sera ainsi donn\u00e9 pour la premi\u00e8re fois de La Garde. L\u2019arriv\u00e9e, elle, sera jug\u00e9e \u00e0 Brignoles. L\u00e0 aussi, une grande premi\u00e8re pour une ville qui a d\u00e9j\u00e0 accueilli le Tour de France et Paris-Nice ces derni\u00e8res ann\u00e9es.<\/p>\n<p>              <img ci-src=\"https:\/\/www.varmatin.com\/cyclisme\/velo2_page-0001-5JJZUkbt.jpg?vh=4c38da&amp;ci_seal=c59637792a\" alt=\"\"\/><\/p>\n<p>                                Phacomoch\u00e8re, p\u00e9tard d\u2019entr\u00e9e et placement<\/p>\n<p>Entre les deux, les coureurs avaleront 179,7 kilom\u00e8tres plut\u00f4t casse-pattes sur les routes de la Provence verte et du haut Var (lire ci-contre), avec un passage notamment par Aups. Le peloton d\u00e9couvrira ensuite quelques autres nouveaut\u00e9s, comme cette incursion sur les terres du \u00ab\u00a0phacomoch\u00e8re\u00a0\u00bb(2) \u00e0 Ginasservis, point culminant de la course (560m). \u00ab\u00a0C\u2019est un territoire (le nord-ouest du d\u00e9partement) qu\u2019on n\u2019avait pas explor\u00e9, on n\u2019\u00e9tait jamais all\u00e9 aussi haut \u00e0 l\u2019ouest, mais on reste \u00e0 100% dans le Var\u00a0\u00bb, raconte Fr\u00e9d\u00e9ric Maistre.<\/p>\n<p>Le directeur de course n\u2019a pr\u00e9vu aucune ascension de taille, si ce n\u2019est celle d\u2019entr\u00e9e entre Puget-Ville et Rocbaron, \u00ab\u00a0id\u00e9ale pour placer un p\u00e9tard et prendre l\u2019\u00e9chapp\u00e9e\u00a0\u00bb. \u00ab\u00a0L\u2019autre difficult\u00e9 sera l\u2019alternance de grandes et de petites routes, qui va demander de la rigueur dans le placement\u00a0\u00bb, poursuit celui qui ne se fait gu\u00e8re d\u2019illusion sur l\u2019issue de la journ\u00e9e: la Classic Var sera \u00ab\u00a0vraisemblablement gagn\u00e9e par un sprinteur\u00a0\u00bb.<\/p>\n<p>              <img ci-src=\"https:\/\/www.varmatin.com\/cyclisme\/velo_page-0001-r7lwGiEn.jpg?vh=6e2a82&amp;ci_seal=9139ff6661\" alt=\"\"\/><\/p>\n<p>Un indice: les derniers vainqueurs \u00e0 Brignoles se nomment Mark Cavendish et Sam Bennett&#8230; lors d\u2019un sprint massif.<\/p>\n<p>1. La date de la course, qui se d\u00e9roule traditionnellement vers la fin du mois de f\u00e9vrier, devrait \u00eatre officialis\u00e9e d\u2019ici \u00e0 la mi-septembre.<\/p>\n<p>2. L\u2019animal aussi fantasm\u00e9 qu\u2019embl\u00e9matique des Quatre Saisons d\u2019Espigoule.<\/p>\n<p>            Vingt communes travers\u00e9es<\/p>\n<p>La Classic Var 2026 passera par les communes suivantes : La Garde, La Crau, Pierrefeu, Puget-Ville, Rocbaron, Forcalqueiret, Sainte-Anastasie-sur-Issole, Besse-sur-Issole, Flassans-sur-Issole, Cabasse, Carc\u00e8s, Cotignac, Sillans-la-Cascade, Aups, Ginasservis, Esparron-de-Palli\u00e8res, Varges, Brue-Auriac, Bras et Brignoles.<\/p>\n<p>\u00ab On aura une belle course. Le public du haut Var est rest\u00e9 fid\u00e8le, comme lors des arriv\u00e9es au mont Faron et au mur de Fayence. Je ne doute pas qu\u2019il y aura aussi des spectateurs de partout sur le parcours et \u00e0 l\u2019arriv\u00e9e \u00e0 Brignoles \u00bb, confie le directeur de course, Fr\u00e9d\u00e9ric Maistre.<\/p>\n","protected":false},"excerpt":{"rendered":"La succession de l\u2019Italien Christian Scaroni, qui s\u2019\u00e9tait impos\u00e9 au mur de Fayence cet hiver, est d\u2019ores et&hellip;\n","protected":false},"author":2,"featured_media":352819,"comment_status":"","ping_status":"","sticky":false,"template":"","format":"standard","meta":{"footnotes":""},"categories":[9619],"tags":[1111,11,207,1777,674,1011,27,12,882,25,60,2310],"class_list":{"0":"post-352818","1":"post","2":"type-post","3":"status-publish","4":"format-standard","5":"has-post-thumbnail","7":"category-toulon","8":"tag-actu","9":"tag-actualites","10":"tag-cyclisme","11":"tag-eu","12":"tag-europe","13":"tag-fr","14":"tag-france","15":"tag-news","16":"tag-provence-alpes-cote-dazur","17":"tag-republique-francaise","18":"tag-sports","19":"tag-toulon"},"share_on_mastodon":{"url":"https:\/\/pubeurope.com\/@fr\/115113693288213446","error":""},"_links":{"self":[{"href":"https:\/\/www.europesays.com\/fr\/wp-json\/wp\/v2\/posts\/352818","targetHints":{"allow":["GET"]}}],"collection":[{"href":"https:\/\/www.europesays.com\/fr\/wp-json\/wp\/v2\/posts"}],"about":[{"href":"https:\/\/www.europesays.com\/fr\/wp-json\/wp\/v2\/types\/post"}],"author":[{"embeddable":true,"href":"https:\/\/www.europesays.com\/fr\/wp-json\/wp\/v2\/users\/2"}],"replies":[{"embeddable":true,"href":"https:\/\/www.europesays.com\/fr\/wp-json\/wp\/v2\/comments?post=352818"}],"version-history":[{"count":0,"href":"https:\/\/www.europesays.com\/fr\/wp-json\/wp\/v2\/posts\/352818\/revisions"}],"wp:featuredmedia":[{"embeddable":true,"href":"https:\/\/www.europesays.com\/fr\/wp-json\/wp\/v2\/media\/352819"}],"wp:attachment":[{"href":"https:\/\/www.europesays.com\/fr\/wp-json\/wp\/v2\/media?parent=352818"}],"wp:term":[{"taxonomy":"category","embeddable":true,"href":"https:\/\/www.europesays.com\/fr\/wp-json\/wp\/v2\/categories?post=352818"},{"taxonomy":"post_tag","embeddable":true,"href":"https:\/\/www.europesays.com\/fr\/wp-json\/wp\/v2\/tags?post=352818"}],"curies":[{"name":"wp","href":"https:\/\/api.w.org\/{rel}","templated":true}]}}