{"id":352824,"date":"2025-08-29T19:27:10","date_gmt":"2025-08-29T19:27:10","guid":{"rendered":"https:\/\/www.europesays.com\/fr\/352824\/"},"modified":"2025-08-29T19:27:10","modified_gmt":"2025-08-29T19:27:10","slug":"top-14-lusap-sincline-face-a-montpellier-pour-le-dernier-match-de-preparation","status":"publish","type":"post","link":"https:\/\/www.europesays.com\/fr\/352824\/","title":{"rendered":"Top 14 &#8211; L&rsquo;USAP s&rsquo;incline face \u00e0 Montpellier pour le dernier match de pr\u00e9paration"},"content":{"rendered":"<p>L&rsquo;USAP s&rsquo;est inclin\u00e9e \u00e0 domicile pour son deuxi\u00e8me et dernier match de pr\u00e9paration, 34 \u00e0 24, face \u00e0 Montpellier.<\/p>\n<p>Le MHR \u00e9tait plus fort sur ce dernier match de pr\u00e9paration et s\u2019est impos\u00e9 \u00e0 Aim\u00e9-Giral (34-24) notamment <strong>gr\u00e2ce \u00e0 une grosse m\u00eal\u00e9e<\/strong>. Les Montpelli\u00e9rains d\u00e8s le premier acte ont pris le dessus et ont fait la course en t\u00eate\u00a0: 17 \u00e0 10 \u00e0 la mi-temps. Seul, Th\u00e9o Forner, a permis \u00e0 l\u2019USAP de rester dans la course suite \u00e0 un bel essai.<\/p>\n<p>L\u2019USAP a tent\u00e9 de r\u00e9agir, elle a r\u00e9ussi \u00e0 rester pas trop loin au score, notamment gr\u00e2ce \u00e0 un doubl\u00e9 de Jefferson Joseph, en deuxi\u00e8me mi-temps. Mais, \u00e0 sa main, Montpellier a su g\u00e9rer.<\/p>\n<p>Domin\u00e9e devant, l\u2019USAP a encore du travail \u00e0 une semaine de la reprise du Top 14 face \u00e0 Bayonne. Les Montpelli\u00e9rains, eux, semblent pr\u00eats et recevront Toulon.<\/p>\n<p>L&rsquo;\u00e9volution du match\u00a0: USAP 24 &#8211; Montpellier 34<\/p>\n<p><strong>76e minute\u00a0:<\/strong> Cette fois, la p\u00e9nalit\u00e9 passe et Montpellier assure sa victoire \u00e0 Aim\u00e9-Giral. USAP 24 &#8211; MHR 34<\/p>\n<p><strong>75e minute<\/strong>\u00a0: M. Urruzmendi demande \u00e0 ce que la p\u00e9nalit\u00e9 soit retent\u00e9e pour une raison obscure. Bronca \u00e0 Aim\u00e9-Giral.<\/p>\n<p><strong>75e minute\u00a0:<\/strong> P\u00e9nalit\u00e9 manqu\u00e9e pour Montpellier qui choisit d&rsquo;assurer la victoire en tentant la p\u00e9nalit\u00e9 plut\u00f4t que de viser un nouvel essai.<\/p>\n<p><strong>74e minute<\/strong>\u00a0: Montpellier domine toujours&#8230; et M. Urruzmendi siffle toujours.<\/p>\n<p><strong>67e minute\u00a0:<\/strong> Bonne d\u00e9fense usapiste sur sa ligne alors que le MHR est \u00e0 deux doigts de marquer un nouvel essai. P\u00e9nalit\u00e9 pour l&rsquo;USAP<\/p>\n<p><strong>66e minute<\/strong>\u00a0: Tommy Allan, Pietro Ceccarelli, Victor Montgaillard et Giorgi Beria entrent en jeu.<\/p>\n<p><strong>65e minute<\/strong>\u00a0: Alors que l&rsquo;USAP semblait prendre le dessus dans la rencontre, les Montpelli\u00e9rains se servent encore de la m\u00eal\u00e9e pour faire mal.<\/p>\n<p><strong>61e minute<\/strong>\u00a0: Essai pour l&rsquo;USAP\u00a0! Sur la m\u00eal\u00e9e, l&rsquo;USAP parvient \u00e0 \u00e9carter jusqu&rsquo;\u00e0 l&rsquo;aile et Jefferson Joseph n&rsquo;a plus qu&rsquo;\u00e0 plonger en coin pour inscrire un doubl\u00e9. Tristan Tedder transforme en coin. USAP 24 &#8211; MHR 31<\/p>\n<p><strong>60e minute\u00a0:<\/strong> Tom Ecochard essaye de remuer l&rsquo;USAP en jouant une p\u00e9nalit\u00e9 rapidement \u00e0 la main. Le coup de pied par dessus de Lucas Dubois pousse Tambwe \u00e0 conc\u00e9der une m\u00eal\u00e9e \u00e0 5 m\u00e8tres.<\/p>\n<p><strong>58e minute\u00a0: Essai pour Montpellier.<\/strong> C&rsquo;est la r\u00e9ponse du MHR avec un essai quasi similaire que celui marqu\u00e9 par l&rsquo;USAP. Transversale sur l&rsquo;aile et Tambwe grille la politesse en l&rsquo;air \u00e0 Lucas Dubois. USAP 17 &#8211; MHR 31<\/p>\n<p><strong>57e minute\u00a0:<\/strong> Rien ne change. Malgr\u00e9 les changements des deux c\u00f4t\u00e9s, la m\u00eal\u00e9e montpelli\u00e9raine domine.<\/p>\n<p><strong>53e minute<\/strong>\u00a0: <strong>ESSAI pour l&rsquo;USAP de Jefferson Josep<\/strong>h. L&rsquo;USAP avait un avantage \u00e0 jouer et\u00a0 Tristan Tedder adresse une transversale parfaite pour Jefferson Joseph. Apr\u00e8s Th\u00e9o forner, c&rsquo;est encore un champion olympique qui marque pour l&rsquo;USAP. <strong>USAP 17 &#8211; MHR 24<\/strong><\/p>\n<p><strong>51e minute\u00a0:<\/strong> Vague de changements au MHR. Les h\u00e9raultais proc\u00e8dent d&rsquo;un coup \u00e0 11 changements.<\/p>\n<p><strong>50e minute<\/strong>\u00a0: <strong>Essai pour Montpellier de Tambwe<\/strong>. Montpellier a patient\u00e9 et, pour son vrai premier ballon de la deuxi\u00e8me mi-temps \u00e0 jouer, marque un essai et creuse &lsquo;\u00e9cart. <strong>USAP 10 &#8211; MHR 24<\/strong><\/p>\n<p><strong>45e minute\u00a0:<\/strong> L&rsquo;USAP a le ballon en ce d\u00e9but de deuxi\u00e8me mi-temps mais reste encore trop brouillonne. Les Catalans jouent toujours \u00e0 14.<\/p>\n<p><strong>Ca repart \u00e0 Aim\u00e9-Giral\u00a0:<\/strong> A l&rsquo;USAP, rentr\u00e9es de\u00a0: Ecochard, Velarte, Dubois, Le Corvec, Warion, Poulet, Paiaua et tetrashvili<\/p>\n<p><strong>Mi-temps\u00a0:<\/strong> Score logique \u00e0 la pause pour des h\u00e9raultais qui m\u00e8ne 17 \u00e0 10 gr\u00e2ce \u00e0 deux essais. Le MHR domine devant et a la main sur le ballon. L&rsquo;USAP jouera les 10 premi\u00e8res minutes de la deuxi\u00e8me mi-temps \u00e0 14 contre 15.<\/p>\n<p><strong>39e minute<\/strong>\u00a0: <strong>Carton jaune pour Kieran Brookes<\/strong>. L&rsquo;USAP subit toujours en m\u00eal\u00e9e et le pilier droit est sanctionn\u00e9.<\/p>\n<p><strong>35e minute\u00a0:<\/strong> Essai pour Montpellier. dominateurs devant, le MHR marque un esai en force, transform\u00e9 par Hugo Reus. <strong>USAP 10- MHR 17.<\/strong><\/p>\n<p><strong>28e minute\u00a0: ESSSSSSSSAIIIII de Th\u00e9o Forner pour l&rsquo;USAP\u00a0!<\/strong> Pour son retour \u00e0 la comp\u00e9tition apr\u00e8s un an sans jouer, le champion olympique prend tout le monde de vitesse sur cinquante m\u00e8tres et file entre les poteaux. USAP 10 &#8211; MHR 10<\/p>\n<p><strong>25e minute<\/strong>\u00a0: <strong>Carton jaune pour Peceli Yato<\/strong> (USAP). L&rsquo;USAP est domin\u00e9e et multiplie les fautes.<\/p>\n<p><strong>23e minute<\/strong>\u00a0: <strong>Essai de p\u00e9nalit\u00e9 pour le MHR.<\/strong> C&rsquo;\u00e9tait pr\u00e9visible, l&rsquo;arbitre va entre les poteaux apr\u00e8s la nouvelle domination h\u00e9raultaise en m\u00eal\u00e9e<\/p>\n<p><strong>21e minute<\/strong>\u00a0: L&rsquo;USAP est domin\u00e9e en m\u00eal\u00e9e. Le MHR choisit les m\u00eal\u00e9es plut\u00f4t que les points au pied. Troisi\u00e8me p\u00e9nalit\u00e9 pour le MHR<\/p>\n<p><strong>18e minute<\/strong>\u00a0: Grosse action pour le MHR, Lenni Nouchi est trop court et n&rsquo;arrive pas \u00e0 marquer. P\u00e9nalit\u00e9 pour le MHR aux pieds des poteaux.<\/p>\n<p><strong>14e minute<\/strong>\u00a0: Toujours 3 \u00e0 3 et l&rsquo;USAP revient s&rsquo;installer dans les 40 m\u00e8tres h\u00e9raultais.<\/p>\n<p><strong>9e minute\u00a0: Jake McIntyre \u00e9galise<\/strong> avec une p\u00e9nalit\u00e9 \u00e0 15 m\u00e8tres des poteaux. L&rsquo;USAP pr\u00e9f\u00e8rent prendre les points apr\u00e8s deux \u00e9checs pr\u00e8s de la ligne. <strong>USAP 3 &#8211; MHR 3<\/strong><\/p>\n<p><strong>8e minute<\/strong>\u00a0: L&rsquo;USAP se pr\u00e9cipite. James Hall fait un en-avant \u00e0 3 m\u00e8tres de la ligne.<\/p>\n<p><strong>7e minute<\/strong>\u00a0: Nouvelle p\u00e9nalit\u00e9 pour l&rsquo;USAP suite \u00e0 un mauvais plaquage sur Peceli Yato. Nouvelle touche \u00e0 5 m\u00e8tres.<\/p>\n<p><strong>5e minute<\/strong>\u00a0: R\u00e9action usapiste et p\u00e9nalit\u00e9 pour les Catalans qui, eu, choisissent d&rsquo;aller en touche.<\/p>\n<p><strong>3e minute<\/strong>\u00a0: P\u00e9nalit\u00e9 d&rsquo;Hugo Reus qui ouvre le score pour le MHR avec cette p\u00e9nalit\u00e9 22 m\u00e8tres face aux poteaux. <strong>USAP 0 &#8211; MHR 3<\/strong><\/p>\n<p><strong>2e minute<\/strong>\u00a0: c&rsquo;est Montpellier qui a le ballon et domine dans ce d\u00e9but de match. P\u00e9nalit\u00e9 pour le MHR<\/p>\n<p><strong>19h30 :<\/strong> C&rsquo;est parti\u00a0!<\/p>\n<p>Composition de l&rsquo;USAP  (function(w, d) {     if (w.FB &#038;&#038; w.FB.XFBML &#038;&#038; w.FB.XFBML.parse) {         if (&lsquo;undefined&rsquo; == typeof w.__fbTimeout) {             w.__fbTimeout = setTimeout(function() {                 w.FB.XFBML.parse();                 w.__fbTimeout = undefined;             }, 1000);         }     } else if (&lsquo;undefined&rsquo; == typeof w.__fbTimeout) {         if (d.querySelectorAll(&lsquo;#fb-root&rsquo;).length === 0) {             var fbRoot = d.createElement(&lsquo;div&rsquo;);             fbRoot.id = &lsquo;fb-root&rsquo;;             d.querySelector(&lsquo;body&rsquo;).append(fbRoot);         }         if (d.querySelectorAll(&lsquo;#facebook-jssdk&rsquo;).length === 0) {             var fbScript = d.createElement(&lsquo;script&rsquo;);             fbScript.id = &lsquo;facebook-jssdk&rsquo;;             fbScript.src=\u00a0\u00bb\/\/connect.facebook.net\/fr_FR\/sdk.js#xfbml=1&#038;version=v2.8&#038;appId=593991304071705&Prime;;             fbScript.async = 1;             d.querySelector(&lsquo;head&rsquo;).append(fbScript);         }     } })(window, window.document); \\u003C\/script>\\\u00a0\u00bb,\\\u00a0\u00bbprovider\\\u00a0\u00bb:\\\u00a0\u00bbfacebook\\\u00a0\u00bb,\\\u00a0\u00bbdidomiPurposes\\\u00a0\u00bb:\\\u00a0\u00bbPour afficher ce contenu Facebook, vous devez accepter les cookies \\u003Cb>R\u00e9seaux Sociaux\\u003C\/b>.\\u003Cbr>\\u003Cbr>Ces cookies permettent de partager ou r\u00e9agir directement sur les r\u00e9seaux sociaux auxquels vous \u00eates connect\u00e9s ou d&rsquo;int\u00e9grer du contenu initialement post\u00e9 sur ces r\u00e9seaux sociaux. Ils permettent aussi aux r\u00e9seaux sociaux d&rsquo;utiliser vos visites sur nos sites et applications \u00e0 des fins de personnalisation et de ciblage publicitaire.\\\u00a0\u00bb,\\\u00a0\u00bbdidomiVendorId\\\u00a0\u00bb:\\\u00a0\u00bbc:facebookc-rgacRMQm\\\u00a0\u00bb}}],\\\u00a0\u00bbauthors\\\u00a0\u00bb:[{\\\u00a0\u00bbname\\\u00a0\u00bb:\\\u00a0\u00bbCyrille Mani\u00e8re\\\u00a0\u00bb,\\\u00a0\u00bbpath\\\u00a0\u00bb:\\\u00a0\u00bbles-equipes\/cyrille-maniere\\\u00a0\u00bb,\\\u00a0\u00bbvisualsq1x\\\u00a0\u00bb:{\\\u00a0\u00bburl\\\u00a0\u00bb:\\\u00a0\u00bbhttps:\/\/www.francebleu.fr\/s3\/cruiser-production\/2023\/12\/f0fcbbd7-3054-49da-9c8d-25098b1961aa\/120x120_sc_roussillon_manierecyrille_anim_rugby_prefcmariosinistaj_lp.jpg\\\u00a0\u00bb,\\\u00a0\u00bburlWebp\\\u00a0\u00bb:\\\u00a0\u00bbhttps:\/\/www.francebleu.fr\/s3\/cruiser-production\/2023\/12\/f0fcbbd7-3054-49da-9c8d-25098b1961aa\/120x120_sc_roussillon_manierecyrille_anim_rugby_prefcmariosinistaj_lp.webp\\\u00a0\u00bb,\\\u00a0\u00bbwidth\\\u00a0\u00bb:120},\\\u00a0\u00bbvisualsq2x\\\u00a0\u00bb:{\\\u00a0\u00bburl\\\u00a0\u00bb:\\\u00a0\u00bbhttps:\/\/www.francebleu.fr\/s3\/cruiser-production\/2023\/12\/f0fcbbd7-3054-49da-9c8d-25098b1961aa\/200x200_sc_roussillon_manierecyrille_anim_rugby_prefcmariosinistaj_lp.jpg\\\u00a0\u00bb,\\\u00a0\u00bburlWebp\\\u00a0\u00bb:\\\u00a0\u00bbhttps:\/\/www.francebleu.fr\/s3\/cruiser-production\/2023\/12\/f0fcbbd7-3054-49da-9c8d-25098b1961aa\/200x200_sc_roussillon_manierecyrille_anim_rugby_prefcmariosinistaj_lp.webp\\\u00a0\u00bb,\\\u00a0\u00bbwidth\\\u00a0\u00bb:200},\\\u00a0\u00bbvisualsq3x\\\u00a0\u00bb:{\\\u00a0\u00bburl\\\u00a0\u00bb:\\\u00a0\u00bbhttps:\/\/www.francebleu.fr\/s3\/cruiser-production-eu3\/2023\/12\/f0fcbbd7-3054-49da-9c8d-25098b1961aa\/400x400_sc_roussillon_manierecyrille_anim_rugby_prefcmariosinistaj_lp.jpg\\\u00a0\u00bb,\\\u00a0\u00bburlWebp\\\u00a0\u00bb:\\\u00a0\u00bbhttps:\/\/www.francebleu.fr\/s3\/cruiser-production-eu3\/2023\/12\/f0fcbbd7-3054-49da-9c8d-25098b1961aa\/400x400_sc_roussillon_manierecyrille_anim_rugby_prefcmariosinistaj_lp.webp\\\u00a0\u00bb,\\\u00a0\u00bbwidth\\\u00a0\u00bb:400,\\\u00a0\u00bbpreview\\\u00a0\u00bb:\\\u00a0\u00bb\/9j\/2wBDACgcHiMeGSgjISMtKygwPGRBPDc3PHtYXUlkkYCZlo+AjIqgtObDoKrarYqMyP\/L2u71\/\/\/\/m8H\/\/\/\/6\/+b9\/\/j\/2wBDASstLTw1PHZBQXb4pYyl+Pj4+Pj4+Pj4+Pj4+Pj4+Pj4+Pj4+Pj4+Pj4+Pj4+Pj4+Pj4+Pj4+Pj4+Pj4+Pj4+Pj\/wAARCAAqACoDASIAAhEBAxEB\/8QAGAAAAwEBAAAAAAAAAAAAAAAAAQIDBAD\/xAAYEAEBAQEBAAAAAAAAAAAAAAAAAQIREv\/EABYBAQEBAAAAAAAAAAAAAAAAAAECAP\/EABYRAQEBAAAAAAAAAAAAAAAAAAABEf\/aAAwDAQACEQMRAD8A0b2hrTt7R1oMf0pnTPKpmsWiaN6RzR6Cz60S0LQXiDSnlThpRStmm6lmm6Cy9EsFaR6PSuFZSaN6ShgX\/9k=\\\u00a0\u00bb,\\\u00a0\u00bblegend\\\u00a0\u00bb:\\\u00a0\u00bbCyrille Mani\u00e8re\\\u00a0\u00bb}}],\\\u00a0\u00bbgeopoints\\\u00a0\u00bb:[{\\\u00a0\u00bbcity\\\u00a0\u00bb:\\\u00a0\u00bbPerpignan\\\u00a0\u00bb,\\\u00a0\u00bbregion\\\u00a0\u00bb:\\\u00a0\u00bbOccitanie\\\u00a0\u00bb,\\\u00a0\u00bbdepartment\\\u00a0\u00bb:\\\u00a0\u00bbPyr\u00e9n\u00e9es-Orientales\\\u00a0\u00bb}],\\\u00a0\u00bbbody\\\u00a0\u00bb:[{\\\u00a0\u00bbtype\\\u00a0\u00bb:\\\u00a0\u00bbtext\\\u00a0\u00bb,\\\u00a0\u00bbchildren\\\u00a0\u00bb:[{\\\u00a0\u00bbtype\\\u00a0\u00bb:\\\u00a0\u00bbtext\\\u00a0\u00bb,\\\u00a0\u00bbvalue\\\u00a0\u00bb:\\\u00a0\u00bbLe MHR \u00e9tait plus fort sur ce dernier match de pr\u00e9paration et s\u2019est impos\u00e9 \u00e0 Aim\u00e9-Giral (34-24) notamment \\u003Cstrong>gr\u00e2ce \u00e0 une grosse m\u00eal\u00e9e\\u003C\/strong>. Les Montpelli\u00e9rains d\u00e8s le premier acte ont pris le dessus et ont fait la course en t\u00eate\u00a0: 17 \u00e0 10 \u00e0 la mi-temps. Seul, Th\u00e9o Forner, a permis \u00e0 l\u2019USAP de rester dans la course suite \u00e0 un bel essai.\\\u00a0\u00bb}]},{\\\u00a0\u00bbtype\\\u00a0\u00bb:\\\u00a0\u00bbembed\\\u00a0\u00bb,\\\u00a0\u00bbdata\\\u00a0\u00bb:{\\\u00a0\u00bbhtml\\\u00a0\u00bb:\\\u00a0\u00bb\\\u00a0\u00bb,\\\u00a0\u00bbprovider\\\u00a0\u00bb:\\\u00a0\u00bbinread\\\u00a0\u00bb,\\\u00a0\u00bbforceDisplay\\\u00a0\u00bb:true}},{\\\u00a0\u00bbtype\\\u00a0\u00bb:\\\u00a0\u00bbtext\\\u00a0\u00bb,\\\u00a0\u00bbchildren\\\u00a0\u00bb:[{\\\u00a0\u00bbtype\\\u00a0\u00bb:\\\u00a0\u00bbtext\\\u00a0\u00bb,\\\u00a0\u00bbvalue\\\u00a0\u00bb:\\\u00a0\u00bbL\u2019USAP a tent\u00e9 de r\u00e9agir, elle a r\u00e9ussi \u00e0 rester pas trop loin au score, notamment gr\u00e2ce \u00e0 un doubl\u00e9 de Jefferson Joseph, en deuxi\u00e8me mi-temps. Mais, \u00e0 sa main, Montpellier a su g\u00e9rer.\\\u00a0\u00bb}]},{\\\u00a0\u00bbtype\\\u00a0\u00bb:\\\u00a0\u00bbtext\\\u00a0\u00bb,\\\u00a0\u00bbchildren\\\u00a0\u00bb:[{\\\u00a0\u00bbtype\\\u00a0\u00bb:\\\u00a0\u00bbtext\\\u00a0\u00bb,\\\u00a0\u00bbvalue\\\u00a0\u00bb:\\\u00a0\u00bbDomin\u00e9e devant, l\u2019USAP a encore du travail \u00e0 une semaine de la reprise du Top 14 face \u00e0 Bayonne. Les Montpelli\u00e9rains, eux, semblent pr\u00eats et recevront Toulon.\\\u00a0\u00bb}]},{\\\u00a0\u00bbtype\\\u00a0\u00bb:\\\u00a0\u00bbheading\\\u00a0\u00bb,\\\u00a0\u00bblevel\\\u00a0\u00bb:2,\\\u00a0\u00bbvalue\\\u00a0\u00bb:\\\u00a0\u00bbL&rsquo;\u00e9volution du match\u00a0: USAP 24 &#8211; Montpellier 34\\\u00a0\u00bb},{\\\u00a0\u00bbtype\\\u00a0\u00bb:\\\u00a0\u00bbtext\\\u00a0\u00bb,\\\u00a0\u00bbchildren\\\u00a0\u00bb:[{\\\u00a0\u00bbtype\\\u00a0\u00bb:\\\u00a0\u00bbtext\\\u00a0\u00bb,\\\u00a0\u00bbvalue\\\u00a0\u00bb:\\\u00a0\u00bb\\u003Cstrong>76e minute\u00a0:\\u003C\/strong> Cette fois, la p\u00e9nalit\u00e9 passe et Montpellier assure sa victoire \u00e0 Aim\u00e9-Giral. USAP 24 &#8211; MHR 34\\\u00a0\u00bb}]},{\\\u00a0\u00bbtype\\\u00a0\u00bb:\\\u00a0\u00bbtext\\\u00a0\u00bb,\\\u00a0\u00bbchildren\\\u00a0\u00bb:[{\\\u00a0\u00bbtype\\\u00a0\u00bb:\\\u00a0\u00bbtext\\\u00a0\u00bb,\\\u00a0\u00bbvalue\\\u00a0\u00bb:\\\u00a0\u00bb\\u003Cstrong>75e minute\\u003C\/strong>\u00a0: M. Urruzmendi demande \u00e0 ce que la p\u00e9nalit\u00e9 soit retent\u00e9e pour une raison obscure. Bronca \u00e0 Aim\u00e9-Giral.\\\u00a0\u00bb}]},{\\\u00a0\u00bbtype\\\u00a0\u00bb:\\\u00a0\u00bbtext\\\u00a0\u00bb,\\\u00a0\u00bbchildren\\\u00a0\u00bb:[{\\\u00a0\u00bbtype\\\u00a0\u00bb:\\\u00a0\u00bbtext\\\u00a0\u00bb,\\\u00a0\u00bbvalue\\\u00a0\u00bb:\\\u00a0\u00bb\\u003Cstrong>75e minute\u00a0:\\u003C\/strong> P\u00e9nalit\u00e9 manqu\u00e9e pour Montpellier qui choisit d&rsquo;assurer la victoire en tentant la p\u00e9nalit\u00e9 plut\u00f4t que de viser un nouvel essai.\\\u00a0\u00bb}]},{\\\u00a0\u00bbtype\\\u00a0\u00bb:\\\u00a0\u00bbtext\\\u00a0\u00bb,\\\u00a0\u00bbchildren\\\u00a0\u00bb:[{\\\u00a0\u00bbtype\\\u00a0\u00bb:\\\u00a0\u00bbtext\\\u00a0\u00bb,\\\u00a0\u00bbvalue\\\u00a0\u00bb:\\\u00a0\u00bb\\u003Cstrong>74e minute\\u003C\/strong>\u00a0: Montpellier domine toujours&#8230; et M. Urruzmendi siffle toujours.\\\u00a0\u00bb}]},{\\\u00a0\u00bbtype\\\u00a0\u00bb:\\\u00a0\u00bbtext\\\u00a0\u00bb,\\\u00a0\u00bbchildren\\\u00a0\u00bb:[{\\\u00a0\u00bbtype\\\u00a0\u00bb:\\\u00a0\u00bbtext\\\u00a0\u00bb,\\\u00a0\u00bbvalue\\\u00a0\u00bb:\\\u00a0\u00bb\\u003Cstrong>67e minute\u00a0:\\u003C\/strong> Bonne d\u00e9fense usapiste sur sa ligne alors que le MHR est \u00e0 deux doigts de marquer un nouvel essai. P\u00e9nalit\u00e9 pour l&rsquo;USAP\\\u00a0\u00bb}]},{\\\u00a0\u00bbtype\\\u00a0\u00bb:\\\u00a0\u00bbtext\\\u00a0\u00bb,\\\u00a0\u00bbchildren\\\u00a0\u00bb:[{\\\u00a0\u00bbtype\\\u00a0\u00bb:\\\u00a0\u00bbtext\\\u00a0\u00bb,\\\u00a0\u00bbvalue\\\u00a0\u00bb:\\\u00a0\u00bb\\u003Cstrong>66e minute\\u003C\/strong>\u00a0: Tommy Allan, Pietro Ceccarelli, Victor Montgaillard et Giorgi Beria entrent en jeu.\\\u00a0\u00bb}]},{\\\u00a0\u00bbtype\\\u00a0\u00bb:\\\u00a0\u00bbtext\\\u00a0\u00bb,\\\u00a0\u00bbchildren\\\u00a0\u00bb:[{\\\u00a0\u00bbtype\\\u00a0\u00bb:\\\u00a0\u00bbtext\\\u00a0\u00bb,\\\u00a0\u00bbvalue\\\u00a0\u00bb:\\\u00a0\u00bb\\u003Cstrong>65e minute\\u003C\/strong>\u00a0: Alors que l&rsquo;USAP semblait prendre le dessus dans la rencontre, les Montpelli\u00e9rains se servent encore de la m\u00eal\u00e9e pour faire mal.\\\u00a0\u00bb}]},{\\\u00a0\u00bbtype\\\u00a0\u00bb:\\\u00a0\u00bbtext\\\u00a0\u00bb,\\\u00a0\u00bbchildren\\\u00a0\u00bb:[{\\\u00a0\u00bbtype\\\u00a0\u00bb:\\\u00a0\u00bbtext\\\u00a0\u00bb,\\\u00a0\u00bbvalue\\\u00a0\u00bb:\\\u00a0\u00bb\\u003Cstrong>61e minute\\u003C\/strong>\u00a0: Essai pour l&rsquo;USAP\u00a0! Sur la m\u00eal\u00e9e, l&rsquo;USAP parvient \u00e0 \u00e9carter jusqu&rsquo;\u00e0 l&rsquo;aile et Jefferson Joseph n&rsquo;a plus qu&rsquo;\u00e0 plonger en coin pour inscrire un doubl\u00e9. Tristan Tedder transforme en coin. USAP 24 &#8211; MHR 31\\\u00a0\u00bb}]},{\\\u00a0\u00bbtype\\\u00a0\u00bb:\\\u00a0\u00bbtext\\\u00a0\u00bb,\\\u00a0\u00bbchildren\\\u00a0\u00bb:[{\\\u00a0\u00bbtype\\\u00a0\u00bb:\\\u00a0\u00bbtext\\\u00a0\u00bb,\\\u00a0\u00bbvalue\\\u00a0\u00bb:\\\u00a0\u00bb\\u003Cstrong>60e minute\u00a0:\\u003C\/strong> Tom Ecochard essaye de remuer l&rsquo;USAP en jouant une p\u00e9nalit\u00e9 rapidement \u00e0 la main. Le coup de pied par dessus de Lucas Dubois pousse Tambwe \u00e0 conc\u00e9der une m\u00eal\u00e9e \u00e0 5 m\u00e8tres.\\\u00a0\u00bb}]},{\\\u00a0\u00bbtype\\\u00a0\u00bb:\\\u00a0\u00bbtext\\\u00a0\u00bb,\\\u00a0\u00bbchildren\\\u00a0\u00bb:[{\\\u00a0\u00bbtype\\\u00a0\u00bb:\\\u00a0\u00bbtext\\\u00a0\u00bb,\\\u00a0\u00bbvalue\\\u00a0\u00bb:\\\u00a0\u00bb\\u003Cstrong>58e minute\u00a0: Essai pour Montpellier.\\u003C\/strong> C&rsquo;est la r\u00e9ponse du MHR avec un essai quasi similaire que celui marqu\u00e9 par l&rsquo;USAP. Transversale sur l&rsquo;aile et Tambwe grille la politesse en l&rsquo;air \u00e0 Lucas Dubois. USAP 17 &#8211; MHR 31\\\u00a0\u00bb}]},{\\\u00a0\u00bbtype\\\u00a0\u00bb:\\\u00a0\u00bbtext\\\u00a0\u00bb,\\\u00a0\u00bbchildren\\\u00a0\u00bb:[{\\\u00a0\u00bbtype\\\u00a0\u00bb:\\\u00a0\u00bbtext\\\u00a0\u00bb,\\\u00a0\u00bbvalue\\\u00a0\u00bb:\\\u00a0\u00bb\\u003Cstrong>57e minute\u00a0:\\u003C\/strong> Rien ne change. Malgr\u00e9 les changements des deux c\u00f4t\u00e9s, la m\u00eal\u00e9e montpelli\u00e9raine domine.\\\u00a0\u00bb}]},{\\\u00a0\u00bbtype\\\u00a0\u00bb:\\\u00a0\u00bbtext\\\u00a0\u00bb,\\\u00a0\u00bbchildren\\\u00a0\u00bb:[{\\\u00a0\u00bbtype\\\u00a0\u00bb:\\\u00a0\u00bbtext\\\u00a0\u00bb,\\\u00a0\u00bbvalue\\\u00a0\u00bb:\\\u00a0\u00bb\\u003Cstrong>53e minute\\u003C\/strong>\u00a0: \\u003Cstrong>ESSAI pour l&rsquo;USAP de Jefferson Josep\\u003C\/strong>h. L&rsquo;USAP avait un avantage \u00e0 jouer et\u00a0 Tristan Tedder adresse une transversale parfaite pour Jefferson Joseph. Apr\u00e8s Th\u00e9o forner, c&rsquo;est encore un champion olympique qui marque pour l&rsquo;USAP. \\u003Cstrong>USAP 17 &#8211; MHR 24\\u003C\/strong>\\\u00a0\u00bb}]},{\\\u00a0\u00bbtype\\\u00a0\u00bb:\\\u00a0\u00bbtext\\\u00a0\u00bb,\\\u00a0\u00bbchildren\\\u00a0\u00bb:[{\\\u00a0\u00bbtype\\\u00a0\u00bb:\\\u00a0\u00bbtext\\\u00a0\u00bb,\\\u00a0\u00bbvalue\\\u00a0\u00bb:\\\u00a0\u00bb\\u003Cstrong>51e minute\u00a0:\\u003C\/strong> Vague de changements au MHR. Les h\u00e9raultais proc\u00e8dent d&rsquo;un coup \u00e0 11 changements.\\\u00a0\u00bb}]},{\\\u00a0\u00bbtype\\\u00a0\u00bb:\\\u00a0\u00bbtext\\\u00a0\u00bb,\\\u00a0\u00bbchildren\\\u00a0\u00bb:[{\\\u00a0\u00bbtype\\\u00a0\u00bb:\\\u00a0\u00bbtext\\\u00a0\u00bb,\\\u00a0\u00bbvalue\\\u00a0\u00bb:\\\u00a0\u00bb\\u003Cstrong>50e minute\\u003C\/strong>\u00a0: \\u003Cstrong>Essai pour Montpellier de Tambwe\\u003C\/strong>. Montpellier a patient\u00e9 et, pour son vrai premier ballon de la deuxi\u00e8me mi-temps \u00e0 jouer, marque un essai et creuse &lsquo;\u00e9cart. \\u003Cstrong>USAP 10 &#8211; MHR 24\\u003C\/strong>\\\u00a0\u00bb}]},{\\\u00a0\u00bbtype\\\u00a0\u00bb:\\\u00a0\u00bbtext\\\u00a0\u00bb,\\\u00a0\u00bbchildren\\\u00a0\u00bb:[{\\\u00a0\u00bbtype\\\u00a0\u00bb:\\\u00a0\u00bbtext\\\u00a0\u00bb,\\\u00a0\u00bbvalue\\\u00a0\u00bb:\\\u00a0\u00bb\\u003Cstrong>45e minute\u00a0:\\u003C\/strong> L&rsquo;USAP a le ballon en ce d\u00e9but de deuxi\u00e8me mi-temps mais reste encore trop brouillonne. Les Catalans jouent toujours \u00e0 14.\\\u00a0\u00bb}]},{\\\u00a0\u00bbtype\\\u00a0\u00bb:\\\u00a0\u00bbtext\\\u00a0\u00bb,\\\u00a0\u00bbchildren\\\u00a0\u00bb:[{\\\u00a0\u00bbtype\\\u00a0\u00bb:\\\u00a0\u00bbtext\\\u00a0\u00bb,\\\u00a0\u00bbvalue\\\u00a0\u00bb:\\\u00a0\u00bb\\u003Cstrong>Ca repart \u00e0 Aim\u00e9-Giral\u00a0:\\u003C\/strong> A l&rsquo;USAP, rentr\u00e9es de\u00a0: Ecochard, Velarte, Dubois, Le Corvec, Warion, Poulet, Paiaua et tetrashvili\\\u00a0\u00bb}]},{\\\u00a0\u00bbtype\\\u00a0\u00bb:\\\u00a0\u00bbtext\\\u00a0\u00bb,\\\u00a0\u00bbchildren\\\u00a0\u00bb:[{\\\u00a0\u00bbtype\\\u00a0\u00bb:\\\u00a0\u00bbtext\\\u00a0\u00bb,\\\u00a0\u00bbvalue\\\u00a0\u00bb:\\\u00a0\u00bb\\u003Cstrong>Mi-temps\u00a0:\\u003C\/strong> Score logique \u00e0 la pause pour des h\u00e9raultais qui m\u00e8ne 17 \u00e0 10 gr\u00e2ce \u00e0 deux essais. Le MHR domine devant et a la main sur le ballon. L&rsquo;USAP jouera les 10 premi\u00e8res minutes de la deuxi\u00e8me mi-temps \u00e0 14 contre 15.\\\u00a0\u00bb}]},{\\\u00a0\u00bbtype\\\u00a0\u00bb:\\\u00a0\u00bbtext\\\u00a0\u00bb,\\\u00a0\u00bbchildren\\\u00a0\u00bb:[{\\\u00a0\u00bbtype\\\u00a0\u00bb:\\\u00a0\u00bbtext\\\u00a0\u00bb,\\\u00a0\u00bbvalue\\\u00a0\u00bb:\\\u00a0\u00bb\\u003Cstrong>39e minute\\u003C\/strong>\u00a0: \\u003Cstrong>Carton jaune pour Kieran Brookes\\u003C\/strong>. L&rsquo;USAP subit toujours en m\u00eal\u00e9e et le pilier droit est sanctionn\u00e9.\\\u00a0\u00bb}]},{\\\u00a0\u00bbtype\\\u00a0\u00bb:\\\u00a0\u00bbtext\\\u00a0\u00bb,\\\u00a0\u00bbchildren\\\u00a0\u00bb:[{\\\u00a0\u00bbtype\\\u00a0\u00bb:\\\u00a0\u00bbtext\\\u00a0\u00bb,\\\u00a0\u00bbvalue\\\u00a0\u00bb:\\\u00a0\u00bb\\u003Cstrong>35e minute\u00a0:\\u003C\/strong> Essai pour Montpellier. dominateurs devant, le MHR marque un esai en force, transform\u00e9 par Hugo Reus. \\u003Cstrong>USAP 10- MHR 17.\\u003C\/strong>\\\u00a0\u00bb}]},{\\\u00a0\u00bbtype\\\u00a0\u00bb:\\\u00a0\u00bbtext\\\u00a0\u00bb,\\\u00a0\u00bbchildren\\\u00a0\u00bb:[{\\\u00a0\u00bbtype\\\u00a0\u00bb:\\\u00a0\u00bbtext\\\u00a0\u00bb,\\\u00a0\u00bbvalue\\\u00a0\u00bb:\\\u00a0\u00bb\\u003Cstrong>28e minute\u00a0: ESSSSSSSSAIIIII de Th\u00e9o Forner pour l&rsquo;USAP\u00a0!\\u003C\/strong> Pour son retour \u00e0 la comp\u00e9tition apr\u00e8s un an sans jouer, le champion olympique prend tout le monde de vitesse sur cinquante m\u00e8tres et file entre les poteaux. USAP 10 &#8211; MHR 10\\\u00a0\u00bb}]},{\\\u00a0\u00bbtype\\\u00a0\u00bb:\\\u00a0\u00bbtext\\\u00a0\u00bb,\\\u00a0\u00bbchildren\\\u00a0\u00bb:[{\\\u00a0\u00bbtype\\\u00a0\u00bb:\\\u00a0\u00bbtext\\\u00a0\u00bb,\\\u00a0\u00bbvalue\\\u00a0\u00bb:\\\u00a0\u00bb\\u003Cstrong>25e minute\\u003C\/strong>\u00a0: \\u003Cstrong>Carton jaune pour Peceli Yato\\u003C\/strong> (USAP). L&rsquo;USAP est domin\u00e9e et multiplie les fautes.\\\u00a0\u00bb}]},{\\\u00a0\u00bbtype\\\u00a0\u00bb:\\\u00a0\u00bbtext\\\u00a0\u00bb,\\\u00a0\u00bbchildren\\\u00a0\u00bb:[{\\\u00a0\u00bbtype\\\u00a0\u00bb:\\\u00a0\u00bbtext\\\u00a0\u00bb,\\\u00a0\u00bbvalue\\\u00a0\u00bb:\\\u00a0\u00bb\\u003Cstrong>23e minute\\u003C\/strong>\u00a0: \\u003Cstrong>Essai de p\u00e9nalit\u00e9 pour le MHR.\\u003C\/strong> C&rsquo;\u00e9tait pr\u00e9visible, l&rsquo;arbitre va entre les poteaux apr\u00e8s la nouvelle domination h\u00e9raultaise en m\u00eal\u00e9e\\\u00a0\u00bb}]},{\\\u00a0\u00bbtype\\\u00a0\u00bb:\\\u00a0\u00bbtext\\\u00a0\u00bb,\\\u00a0\u00bbchildren\\\u00a0\u00bb:[{\\\u00a0\u00bbtype\\\u00a0\u00bb:\\\u00a0\u00bbtext\\\u00a0\u00bb,\\\u00a0\u00bbvalue\\\u00a0\u00bb:\\\u00a0\u00bb\\u003Cstrong>21e minute\\u003C\/strong>\u00a0: L&rsquo;USAP est domin\u00e9e en m\u00eal\u00e9e. Le MHR choisit les m\u00eal\u00e9es plut\u00f4t que les points au pied. Troisi\u00e8me p\u00e9nalit\u00e9 pour le MHR\\\u00a0\u00bb}]},{\\\u00a0\u00bbtype\\\u00a0\u00bb:\\\u00a0\u00bbtext\\\u00a0\u00bb,\\\u00a0\u00bbchildren\\\u00a0\u00bb:[{\\\u00a0\u00bbtype\\\u00a0\u00bb:\\\u00a0\u00bbtext\\\u00a0\u00bb,\\\u00a0\u00bbvalue\\\u00a0\u00bb:\\\u00a0\u00bb\\u003Cstrong>18e minute\\u003C\/strong>\u00a0: Grosse action pour le MHR, Lenni Nouchi est trop court et n&rsquo;arrive pas \u00e0 marquer. P\u00e9nalit\u00e9 pour le MHR aux pieds des poteaux.\\\u00a0\u00bb}]},{\\\u00a0\u00bbtype\\\u00a0\u00bb:\\\u00a0\u00bbtext\\\u00a0\u00bb,\\\u00a0\u00bbchildren\\\u00a0\u00bb:[{\\\u00a0\u00bbtype\\\u00a0\u00bb:\\\u00a0\u00bbtext\\\u00a0\u00bb,\\\u00a0\u00bbvalue\\\u00a0\u00bb:\\\u00a0\u00bb\\u003Cstrong>14e minute\\u003C\/strong>\u00a0: Toujours 3 \u00e0 3 et l&rsquo;USAP revient s&rsquo;installer dans les 40 m\u00e8tres h\u00e9raultais.\\\u00a0\u00bb}]},{\\\u00a0\u00bbtype\\\u00a0\u00bb:\\\u00a0\u00bbtext\\\u00a0\u00bb,\\\u00a0\u00bbchildren\\\u00a0\u00bb:[{\\\u00a0\u00bbtype\\\u00a0\u00bb:\\\u00a0\u00bbtext\\\u00a0\u00bb,\\\u00a0\u00bbvalue\\\u00a0\u00bb:\\\u00a0\u00bb\\u003Cstrong>9e minute\u00a0: Jake McIntyre \u00e9galise\\u003C\/strong> avec une p\u00e9nalit\u00e9 \u00e0 15 m\u00e8tres des poteaux. L&rsquo;USAP pr\u00e9f\u00e8rent prendre les points apr\u00e8s deux \u00e9checs pr\u00e8s de la ligne. \\u003Cstrong>USAP 3 &#8211; MHR 3\\u003C\/strong>\\\u00a0\u00bb}]},{\\\u00a0\u00bbtype\\\u00a0\u00bb:\\\u00a0\u00bbtext\\\u00a0\u00bb,\\\u00a0\u00bbchildren\\\u00a0\u00bb:[{\\\u00a0\u00bbtype\\\u00a0\u00bb:\\\u00a0\u00bbtext\\\u00a0\u00bb,\\\u00a0\u00bbvalue\\\u00a0\u00bb:\\\u00a0\u00bb\\u003Cstrong>8e minute\\u003C\/strong>\u00a0: L&rsquo;USAP se pr\u00e9cipite. James Hall fait un en-avant \u00e0 3 m\u00e8tres de la ligne.\\\u00a0\u00bb}]},{\\\u00a0\u00bbtype\\\u00a0\u00bb:\\\u00a0\u00bbtext\\\u00a0\u00bb,\\\u00a0\u00bbchildren\\\u00a0\u00bb:[{\\\u00a0\u00bbtype\\\u00a0\u00bb:\\\u00a0\u00bbtext\\\u00a0\u00bb,\\\u00a0\u00bbvalue\\\u00a0\u00bb:\\\u00a0\u00bb\\u003Cstrong>7e minute\\u003C\/strong>\u00a0: Nouvelle p\u00e9nalit\u00e9 pour l&rsquo;USAP suite \u00e0 un mauvais plaquage sur Peceli Yato. Nouvelle touche \u00e0 5 m\u00e8tres.\\\u00a0\u00bb}]},{\\\u00a0\u00bbtype\\\u00a0\u00bb:\\\u00a0\u00bbtext\\\u00a0\u00bb,\\\u00a0\u00bbchildren\\\u00a0\u00bb:[{\\\u00a0\u00bbtype\\\u00a0\u00bb:\\\u00a0\u00bbtext\\\u00a0\u00bb,\\\u00a0\u00bbvalue\\\u00a0\u00bb:\\\u00a0\u00bb\\u003Cstrong>5e minute\\u003C\/strong>\u00a0: R\u00e9action usapiste et p\u00e9nalit\u00e9 pour les Catalans qui, eu, choisissent d&rsquo;aller en touche.\\\u00a0\u00bb}]},{\\\u00a0\u00bbtype\\\u00a0\u00bb:\\\u00a0\u00bbtext\\\u00a0\u00bb,\\\u00a0\u00bbchildren\\\u00a0\u00bb:[{\\\u00a0\u00bbtype\\\u00a0\u00bb:\\\u00a0\u00bbtext\\\u00a0\u00bb,\\\u00a0\u00bbvalue\\\u00a0\u00bb:\\\u00a0\u00bb\\u003Cstrong>3e minute\\u003C\/strong>\u00a0: P\u00e9nalit\u00e9 d&rsquo;Hugo Reus qui ouvre le score pour le MHR avec cette p\u00e9nalit\u00e9 22 m\u00e8tres face aux poteaux. \\u003Cstrong>USAP 0 &#8211; MHR 3\\u003C\/strong>\\\u00a0\u00bb}]},{\\\u00a0\u00bbtype\\\u00a0\u00bb:\\\u00a0\u00bbtext\\\u00a0\u00bb,\\\u00a0\u00bbchildren\\\u00a0\u00bb:[{\\\u00a0\u00bbtype\\\u00a0\u00bb:\\\u00a0\u00bbtext\\\u00a0\u00bb,\\\u00a0\u00bbvalue\\\u00a0\u00bb:\\\u00a0\u00bb\\u003Cstrong>2e minute\\u003C\/strong>\u00a0: c&rsquo;est Montpellier qui a le ballon et domine dans ce d\u00e9but de match. P\u00e9nalit\u00e9 pour le MHR\\\u00a0\u00bb}]},{\\\u00a0\u00bbtype\\\u00a0\u00bb:\\\u00a0\u00bbtext\\\u00a0\u00bb,\\\u00a0\u00bbchildren\\\u00a0\u00bb:[{\\\u00a0\u00bbtype\\\u00a0\u00bb:\\\u00a0\u00bbtext\\\u00a0\u00bb,\\\u00a0\u00bbvalue\\\u00a0\u00bb:\\\u00a0\u00bb\\u003Cstrong>19h30 :\\u003C\/strong> C&rsquo;est parti\u00a0!\\\u00a0\u00bb}]},{\\\u00a0\u00bbtype\\\u00a0\u00bb:\\\u00a0\u00bbheading\\\u00a0\u00bb,\\\u00a0\u00bblevel\\\u00a0\u00bb:2,\\\u00a0\u00bbvalue\\\u00a0\u00bb:\\\u00a0\u00bbComposition de l&rsquo;USAP\\\u00a0\u00bb},{\\\u00a0\u00bbtype\\\u00a0\u00bb:\\\u00a0\u00bbembed\\\u00a0\u00bb,\\\u00a0\u00bbdata\\\u00a0\u00bb:{\\\u00a0\u00bbhtml\\\u00a0\u00bb:\\\u00a0\u00bb\\u003Cdiv class=\\\\\\\u00a0\u00bbfb-post\\\\\\\u00a0\u00bb data-href=\\\\\\\u00a0\u00bbhttps:\/\/www.facebook.com\/photo?fbid=1163541542475570\\\\\\\u00a0\u00bb data-width=\\\\\\\u00a0\u00bb560\\\\\\\u00a0\u00bb data-show-text=\\\\\\\u00a0\u00bbtrue\\\\\\\u00a0\u00bb >\\u003C\/div> \\u003Cscript> (function(w, d) {     if (w.FB &#038;&#038; w.FB.XFBML &#038;&#038; w.FB.XFBML.parse) {         if (&lsquo;undefined&rsquo; == typeof w.__fbTimeout) {             w.__fbTimeout = setTimeout(function() {                 w.FB.XFBML.parse();                 w.__fbTimeout = undefined;             }, 1000);         }     } else if (&lsquo;undefined&rsquo; == typeof w.__fbTimeout) {         if (d.querySelectorAll(&lsquo;#fb-root&rsquo;).length === 0) {             var fbRoot = d.createElement(&lsquo;div&rsquo;);             fbRoot.id = &lsquo;fb-root&rsquo;;             d.querySelector(&lsquo;body&rsquo;).append(fbRoot);         }         if (d.querySelectorAll(&lsquo;#facebook-jssdk&rsquo;).length === 0) {             var fbScript = d.createElement(&lsquo;script&rsquo;);             fbScript.id = &lsquo;facebook-jssdk&rsquo;;             fbScript.src=\u00a0\u00bb\/\/connect.facebook.net\/fr_FR\/sdk.js#xfbml=1&#038;version=v2.8&#038;appId=593991304071705&Prime;;             fbScript.async = 1;             d.querySelector(&lsquo;head&rsquo;).append(fbScript);         }     } })(window, window.document); \\u003C\/script>\\\u00a0\u00bb,\\\u00a0\u00bbprovider\\\u00a0\u00bb:\\\u00a0\u00bbfacebook\\\u00a0\u00bb,\\\u00a0\u00bbdidomiPurposes\\\u00a0\u00bb:\\\u00a0\u00bbPour afficher ce contenu Facebook, vous devez accepter les cookies \\u003Cb>R\u00e9seaux Sociaux\\u003C\/b>.\\u003Cbr>\\u003Cbr>Ces cookies permettent de partager ou r\u00e9agir directement sur les r\u00e9seaux sociaux auxquels vous \u00eates connect\u00e9s ou d&rsquo;int\u00e9grer du contenu initialement post\u00e9 sur ces r\u00e9seaux sociaux. Ils permettent aussi aux r\u00e9seaux sociaux d&rsquo;utiliser vos visites sur nos sites et applications \u00e0 des fins de personnalisation et de ciblage publicitaire.\\\u00a0\u00bb,\\\u00a0\u00bbdidomiVendorId\\\u00a0\u00bb:\\\u00a0\u00bbc:facebookc-rgacRMQm\\\u00a0\u00bb}}],\\\u00a0\u00bbgeoInfos\\\u00a0\u00bb:[{\\\u00a0\u00bbregion\\\u00a0\u00bb:{\\\u00a0\u00bbslug\\\u00a0\u00bb:\\\u00a0\u00bboccitanie\\\u00a0\u00bb,\\\u00a0\u00bbtitle\\\u00a0\u00bb:\\\u00a0\u00bbOccitanie\\\u00a0\u00bb,\\\u00a0\u00bbcities\\\u00a0\u00bb:[{\\\u00a0\u00bbtitle\\\u00a0\u00bb:\\\u00a0\u00bbAlbi\\\u00a0\u00bb,\\\u00a0\u00bbpath\\\u00a0\u00bb:\\\u00a0\u00bb\/occitanie\/tarn-81\/albi-81004\\\u00a0\u00bb},{\\\u00a0\u00bbtitle\\\u00a0\u00bb:\\\u00a0\u00bbB\u00e9ziers\\\u00a0\u00bb,\\\u00a0\u00bbpath\\\u00a0\u00bb:\\\u00a0\u00bb\/occitanie\/herault-34\/beziers-34032\\\u00a0\u00bb},{\\\u00a0\u00bbtitle\\\u00a0\u00bb:\\\u00a0\u00bbCarcassonne\\\u00a0\u00bb,\\\u00a0\u00bbpath\\\u00a0\u00bb:\\\u00a0\u00bb\/occitanie\/aude-11\/carcassonne-11069\\\u00a0\u00bb},{\\\u00a0\u00bbtitle\\\u00a0\u00bb:\\\u00a0\u00bbMontauban\\\u00a0\u00bb,\\\u00a0\u00bbpath\\\u00a0\u00bb:\\\u00a0\u00bb\/occitanie\/tarn-et-garonne-82\/montauban-82121\\\u00a0\u00bb},{\\\u00a0\u00bbtitle\\\u00a0\u00bb:\\\u00a0\u00bbMontpellier\\\u00a0\u00bb,\\\u00a0\u00bbpath\\\u00a0\u00bb:\\\u00a0\u00bb\/occitanie\/herault-34\/montpellier-34172\\\u00a0\u00bb},{\\\u00a0\u00bbtitle\\\u00a0\u00bb:\\\u00a0\u00bbNarbonne\\\u00a0\u00bb,\\\u00a0\u00bbpath\\\u00a0\u00bb:\\\u00a0\u00bb\/occitanie\/aude-11\/narbonne-11262\\\u00a0\u00bb},{\\\u00a0\u00bbtitle\\\u00a0\u00bb:\\\u00a0\u00bbN\u00eemes\\\u00a0\u00bb,\\\u00a0\u00bbpath\\\u00a0\u00bb:\\\u00a0\u00bb\/occitanie\/gard-30\/nimes-30189\\\u00a0\u00bb},{\\\u00a0\u00bbtitle\\\u00a0\u00bb:\\\u00a0\u00bbPerpignan\\\u00a0\u00bb,\\\u00a0\u00bbpath\\\u00a0\u00bb:\\\u00a0\u00bb\/occitanie\/pyrenees-orientales-66\/perpignan-66136\\\u00a0\u00bb},{\\\u00a0\u00bbtitle\\\u00a0\u00bb:\\\u00a0\u00bbS\u00e8te\\\u00a0\u00bb,\\\u00a0\u00bbpath\\\u00a0\u00bb:\\\u00a0\u00bb\/occitanie\/herault-34\/sete-34301\\\u00a0\u00bb},{\\\u00a0\u00bbtitle\\\u00a0\u00bb:\\\u00a0\u00bbToulouse\\\u00a0\u00bb,\\\u00a0\u00bbpath\\\u00a0\u00bb:\\\u00a0\u00bb\/occitanie\/haute-garonne-31\/toulouse-31555\\\u00a0\u00bb}],\\\u00a0\u00bbdepartments\\\u00a0\u00bb:[{\\\u00a0\u00bbslug\\\u00a0\u00bb:\\\u00a0\u00bbariege-09\\\u00a0\u00bb,\\\u00a0\u00bbtitle\\\u00a0\u00bb:\\\u00a0\u00bbAri\u00e8ge\\\u00a0\u00bb,\\\u00a0\u00bbtitleArticle\\\u00a0\u00bb:\\\u00a0\u00bbde l&rsquo;\\\u00a0\u00bb,\\\u00a0\u00bblocale\\\u00a0\u00bb:{\\\u00a0\u00bbnearest\\\u00a0\u00bb:[\\\u00a0\u00bbtoulouse\\\u00a0\u00bb]},\\\u00a0\u00bbnearestDepartment\\\u00a0\u00bb:[\\\u00a0\u00bbhaute-garonne-31\\\u00a0\u00bb,\\\u00a0\u00bbaude-11\\\u00a0\u00bb,\\\u00a0\u00bbpyrenees-orientales-66\\\u00a0\u00bb],\\\u00a0\u00bbcities\\\u00a0\u00bb:[{\\\u00a0\u00bbpath\\\u00a0\u00bb:\\\u00a0\u00bb\/occitanie\/ariege-09\/foix-09122\\\u00a0\u00bb,\\\u00a0\u00bbtitle\\\u00a0\u00bb:\\\u00a0\u00bbFoix\\\u00a0\u00bb},{\\\u00a0\u00bbpath\\\u00a0\u00bb:\\\u00a0\u00bb\/occitanie\/ariege-09\/lavelanet-09160\\\u00a0\u00bb,\\\u00a0\u00bbtitle\\\u00a0\u00bb:\\\u00a0\u00bbLavelanet\\\u00a0\u00bb},{\\\u00a0\u00bbpath\\\u00a0\u00bb:\\\u00a0\u00bb\/occitanie\/ariege-09\/mazeres-09185\\\u00a0\u00bb,\\\u00a0\u00bbtitle\\\u00a0\u00bb:\\\u00a0\u00bbMaz\u00e8res\\\u00a0\u00bb},{\\\u00a0\u00bbpath\\\u00a0\u00bb:\\\u00a0\u00bb\/occitanie\/ariege-09\/mirepoix-09194\\\u00a0\u00bb,\\\u00a0\u00bbtitle\\\u00a0\u00bb:\\\u00a0\u00bbMirepoix\\\u00a0\u00bb},{\\\u00a0\u00bbpath\\\u00a0\u00bb:\\\u00a0\u00bb\/occitanie\/ariege-09\/pamiers-09225\\\u00a0\u00bb,\\\u00a0\u00bbtitle\\\u00a0\u00bb:\\\u00a0\u00bbPamiers\\\u00a0\u00bb},{\\\u00a0\u00bbpath\\\u00a0\u00bb:\\\u00a0\u00bb\/occitanie\/ariege-09\/saint-girons-09261\\\u00a0\u00bb,\\\u00a0\u00bbtitle\\\u00a0\u00bb:\\\u00a0\u00bbSaint-Girons\\\u00a0\u00bb},{\\\u00a0\u00bbpath\\\u00a0\u00bb:\\\u00a0\u00bb\/occitanie\/ariege-09\/saverdun-09282\\\u00a0\u00bb,\\\u00a0\u00bbtitle\\\u00a0\u00bb:\\\u00a0\u00bbSaverdun\\\u00a0\u00bb},{\\\u00a0\u00bbpath\\\u00a0\u00bb:\\\u00a0\u00bb\/occitanie\/ariege-09\/varilhes-09324\\\u00a0\u00bb,\\\u00a0\u00bbtitle\\\u00a0\u00bb:\\\u00a0\u00bbVarilhes\\\u00a0\u00bb},{\\\u00a0\u00bbpath\\\u00a0\u00bb:\\\u00a0\u00bb\/occitanie\/ariege-09\/tarascon-sur-ariege-09306\\\u00a0\u00bb,\\\u00a0\u00bbtitle\\\u00a0\u00bb:\\\u00a0\u00bbTarascon-sur-Ari\u00e8ge\\\u00a0\u00bb},{\\\u00a0\u00bbpath\\\u00a0\u00bb:\\\u00a0\u00bb\/occitanie\/ariege-09\/tour-du-crieu-09312\\\u00a0\u00bb,\\\u00a0\u00bbtitle\\\u00a0\u00bb:\\\u00a0\u00bbLa Tour-du-Crieu\\\u00a0\u00bb}]},{\\\u00a0\u00bbslug\\\u00a0\u00bb:\\\u00a0\u00bbaude-11\\\u00a0\u00bb,\\\u00a0\u00bbtitle\\\u00a0\u00bb:\\\u00a0\u00bbAude\\\u00a0\u00bb,\\\u00a0\u00bbtitleArticle\\\u00a0\u00bb:\\\u00a0\u00bbde l&rsquo;\\\u00a0\u00bb,\\\u00a0\u00bblocale\\\u00a0\u00bb:{\\\u00a0\u00bbnearest\\\u00a0\u00bb:[\\\u00a0\u00bbtoulouse\\\u00a0\u00bb,\\\u00a0\u00bbroussillon\\\u00a0\u00bb,\\\u00a0\u00bbherault\\\u00a0\u00bb]},\\\u00a0\u00bbnearestDepartment\\\u00a0\u00bb:[\\\u00a0\u00bbhaute-garonne-31\\\u00a0\u00bb,\\\u00a0\u00bbtarn-81\\\u00a0\u00bb,\\\u00a0\u00bbherault-34\\\u00a0\u00bb,\\\u00a0\u00bbpyrenees-orientales-66\\\u00a0\u00bb,\\\u00a0\u00bbariege-09\\\u00a0\u00bb],\\\u00a0\u00bbcities\\\u00a0\u00bb:[{\\\u00a0\u00bbpath\\\u00a0\u00bb:\\\u00a0\u00bb\/occitanie\/aude-11\/carcassonne-11069\\\u00a0\u00bb,\\\u00a0\u00bbtitle\\\u00a0\u00bb:\\\u00a0\u00bbCarcassonne\\\u00a0\u00bb},{\\\u00a0\u00bbpath\\\u00a0\u00bb:\\\u00a0\u00bb\/occitanie\/aude-11\/castelnaudary-11076\\\u00a0\u00bb,\\\u00a0\u00bbtitle\\\u00a0\u00bb:\\\u00a0\u00bbCastelnaudary\\\u00a0\u00bb},{\\\u00a0\u00bbpath\\\u00a0\u00bb:\\\u00a0\u00bb\/occitanie\/aude-11\/coursan-11106\\\u00a0\u00bb,\\\u00a0\u00bbtitle\\\u00a0\u00bb:\\\u00a0\u00bbCoursan\\\u00a0\u00bb},{\\\u00a0\u00bbpath\\\u00a0\u00bb:\\\u00a0\u00bb\/occitanie\/aude-11\/limoux-11206\\\u00a0\u00bb,\\\u00a0\u00bbtitle\\\u00a0\u00bb:\\\u00a0\u00bbLimoux\\\u00a0\u00bb},{\\\u00a0\u00bbpath\\\u00a0\u00bb:\\\u00a0\u00bb\/occitanie\/aude-11\/lezignan-corbieres-11203\\\u00a0\u00bb,\\\u00a0\u00bbtitle\\\u00a0\u00bb:\\\u00a0\u00bbL\u00e9zignan-Corbi\u00e8res\\\u00a0\u00bb},{\\\u00a0\u00bbpath\\\u00a0\u00bb:\\\u00a0\u00bb\/occitanie\/aude-11\/narbonne-11262\\\u00a0\u00bb,\\\u00a0\u00bbtitle\\\u00a0\u00bb:\\\u00a0\u00bbNarbonne\\\u00a0\u00bb},{\\\u00a0\u00bbpath\\\u00a0\u00bb:\\\u00a0\u00bb\/occitanie\/aude-11\/port-la-nouvelle-11266\\\u00a0\u00bb,\\\u00a0\u00bbtitle\\\u00a0\u00bb:\\\u00a0\u00bbPort-la-Nouvelle\\\u00a0\u00bb},{\\\u00a0\u00bbpath\\\u00a0\u00bb:\\\u00a0\u00bb\/occitanie\/aude-11\/sigean-11379\\\u00a0\u00bb,\\\u00a0\u00bbtitle\\\u00a0\u00bb:\\\u00a0\u00bbSigean\\\u00a0\u00bb},{\\\u00a0\u00bbpath\\\u00a0\u00bb:\\\u00a0\u00bb\/occitanie\/aude-11\/trebes-11397\\\u00a0\u00bb,\\\u00a0\u00bbtitle\\\u00a0\u00bb:\\\u00a0\u00bbTr\u00e8bes\\\u00a0\u00bb},{\\\u00a0\u00bbpath\\\u00a0\u00bb:\\\u00a0\u00bb\/occitanie\/aude-11\/gruissan-11170\\\u00a0\u00bb,\\\u00a0\u00bbtitle\\\u00a0\u00bb:\\\u00a0\u00bbGruissan\\\u00a0\u00bb}]},{\\\u00a0\u00bbslug\\\u00a0\u00bb:\\\u00a0\u00bbaveyron-12\\\u00a0\u00bb,\\\u00a0\u00bbtitle\\\u00a0\u00bb:\\\u00a0\u00bbAveyron\\\u00a0\u00bb,\\\u00a0\u00bbtitleArticle\\\u00a0\u00bb:\\\u00a0\u00bbde l&rsquo;\\\u00a0\u00bb,\\\u00a0\u00bblocale\\\u00a0\u00bb:{\\\u00a0\u00bbnearest\\\u00a0\u00bb:[\\\u00a0\u00bbherault\\\u00a0\u00bb,\\\u00a0\u00bbtoulouse\\\u00a0\u00bb]},\\\u00a0\u00bbnearestDepartment\\\u00a0\u00bb:[\\\u00a0\u00bblot-46\\\u00a0\u00bb,\\\u00a0\u00bbcantal-15\\\u00a0\u00bb,\\\u00a0\u00bblozere-48\\\u00a0\u00bb,\\\u00a0\u00bbgard-30\\\u00a0\u00bb,\\\u00a0\u00bbherault-34\\\u00a0\u00bb,\\\u00a0\u00bbtarn-81\\\u00a0\u00bb,\\\u00a0\u00bbtarn-et-garonne-82\\\u00a0\u00bb],\\\u00a0\u00bbcities\\\u00a0\u00bb:[{\\\u00a0\u00bbpath\\\u00a0\u00bb:\\\u00a0\u00bb\/occitanie\/aveyron-12\/capdenac-gare-12052\\\u00a0\u00bb,\\\u00a0\u00bbtitle\\\u00a0\u00bb:\\\u00a0\u00bbCapdenac-Gare\\\u00a0\u00bb},{\\\u00a0\u00bbpath\\\u00a0\u00bb:\\\u00a0\u00bb\/occitanie\/aveyron-12\/decazeville-12089\\\u00a0\u00bb,\\\u00a0\u00bbtitle\\\u00a0\u00bb:\\\u00a0\u00bbDecazeville\\\u00a0\u00bb},{\\\u00a0\u00bbpath\\\u00a0\u00bb:\\\u00a0\u00bb\/occitanie\/aveyron-12\/espalion-12096\\\u00a0\u00bb,\\\u00a0\u00bbtitle\\\u00a0\u00bb:\\\u00a0\u00bbEspalion\\\u00a0\u00bb},{\\\u00a0\u00bbpath\\\u00a0\u00bb:\\\u00a0\u00bb\/occitanie\/aveyron-12\/luc-la-primaube-12133\\\u00a0\u00bb,\\\u00a0\u00bbtitle\\\u00a0\u00bb:\\\u00a0\u00bbLuc-la-Primaube\\\u00a0\u00bb},{\\\u00a0\u00bbpath\\\u00a0\u00bb:\\\u00a0\u00bb\/occitanie\/aveyron-12\/millau-12145\\\u00a0\u00bb,\\\u00a0\u00bbtitle\\\u00a0\u00bb:\\\u00a0\u00bbMillau\\\u00a0\u00bb},{\\\u00a0\u00bbpath\\\u00a0\u00bb:\\\u00a0\u00bb\/occitanie\/aveyron-12\/onet-le-chateau-12176\\\u00a0\u00bb,\\\u00a0\u00bbtitle\\\u00a0\u00bb:\\\u00a0\u00bbOnet-le-Ch\u00e2teau\\\u00a0\u00bb},{\\\u00a0\u00bbpath\\\u00a0\u00bb:\\\u00a0\u00bb\/occitanie\/aveyron-12\/rodez-12202\\\u00a0\u00bb,\\\u00a0\u00bbtitle\\\u00a0\u00bb:\\\u00a0\u00bbRodez\\\u00a0\u00bb},{\\\u00a0\u00bbpath\\\u00a0\u00bb:\\\u00a0\u00bb\/occitanie\/aveyron-12\/saint-affrique-12208\\\u00a0\u00bb,\\\u00a0\u00bbtitle\\\u00a0\u00bb:\\\u00a0\u00bbSaint-Affrique\\\u00a0\u00bb},{\\\u00a0\u00bbpath\\\u00a0\u00bb:\\\u00a0\u00bb\/occitanie\/aveyron-12\/villefranche-de-rouergue-12300\\\u00a0\u00bb,\\\u00a0\u00bbtitle\\\u00a0\u00bb:\\\u00a0\u00bbVillefranche-de-Rouergue\\\u00a0\u00bb},{\\\u00a0\u00bbpath\\\u00a0\u00bb:\\\u00a0\u00bb\/occitanie\/aveyron-12\/severac-d-aveyron-12270\\\u00a0\u00bb,\\\u00a0\u00bbtitle\\\u00a0\u00bb:\\\u00a0\u00bbS\u00e9v\u00e9rac d&rsquo;Aveyron\\\u00a0\u00bb}]},{\\\u00a0\u00bbslug\\\u00a0\u00bb:\\\u00a0\u00bbgard-30\\\u00a0\u00bb,\\\u00a0\u00bbtitle\\\u00a0\u00bb:\\\u00a0\u00bbGard\\\u00a0\u00bb,\\\u00a0\u00bbtitleArticle\\\u00a0\u00bb:\\\u00a0\u00bbdu \\\u00a0\u00bb,\\\u00a0\u00bblocale\\\u00a0\u00bb:{\\\u00a0\u00bbmain\\\u00a0\u00bb:\\\u00a0\u00bbgard-lozere\\\u00a0\u00bb,\\\u00a0\u00bbnearest\\\u00a0\u00bb:[\\\u00a0\u00bbvaucluse\\\u00a0\u00bb]},\\\u00a0\u00bbnearestDepartment\\\u00a0\u00bb:[\\\u00a0\u00bbaveyron-12\\\u00a0\u00bb,\\\u00a0\u00bblozere-48\\\u00a0\u00bb,\\\u00a0\u00bbardeche-07\\\u00a0\u00bb,\\\u00a0\u00bbdrome-26\\\u00a0\u00bb,\\\u00a0\u00bbvaucluse-84\\\u00a0\u00bb,\\\u00a0\u00bbbouches-du-rhone-13\\\u00a0\u00bb,\\\u00a0\u00bbherault-34\\\u00a0\u00bb],\\\u00a0\u00bbcities\\\u00a0\u00bb:[{\\\u00a0\u00bbpath\\\u00a0\u00bb:\\\u00a0\u00bb\/occitanie\/gard-30\/ales-30007\\\u00a0\u00bb,\\\u00a0\u00bbtitle\\\u00a0\u00bb:\\\u00a0\u00bbAl\u00e8s\\\u00a0\u00bb},{\\\u00a0\u00bbpath\\\u00a0\u00bb:\\\u00a0\u00bb\/occitanie\/gard-30\/bagnols-sur-ceze-30028\\\u00a0\u00bb,\\\u00a0\u00bbtitle\\\u00a0\u00bb:\\\u00a0\u00bbBagnols-sur-C\u00e8ze\\\u00a0\u00bb},{\\\u00a0\u00bbpath\\\u00a0\u00bb:\\\u00a0\u00bb\/occitanie\/gard-30\/beaucaire-30032\\\u00a0\u00bb,\\\u00a0\u00bbtitle\\\u00a0\u00bb:\\\u00a0\u00bbBeaucaire\\\u00a0\u00bb},{\\\u00a0\u00bbpath\\\u00a0\u00bb:\\\u00a0\u00bb\/occitanie\/gard-30\/marguerittes-30156\\\u00a0\u00bb,\\\u00a0\u00bbtitle\\\u00a0\u00bb:\\\u00a0\u00bbMarguerittes\\\u00a0\u00bb},{\\\u00a0\u00bbpath\\\u00a0\u00bb:\\\u00a0\u00bb\/occitanie\/gard-30\/nimes-30189\\\u00a0\u00bb,\\\u00a0\u00bbtitle\\\u00a0\u00bb:\\\u00a0\u00bbN\u00eemes\\\u00a0\u00bb},{\\\u00a0\u00bbpath\\\u00a0\u00bb:\\\u00a0\u00bb\/occitanie\/gard-30\/pont-saint-esprit-30202\\\u00a0\u00bb,\\\u00a0\u00bbtitle\\\u00a0\u00bb:\\\u00a0\u00bbPont-Saint-Esprit\\\u00a0\u00bb},{\\\u00a0\u00bbpath\\\u00a0\u00bb:\\\u00a0\u00bb\/occitanie\/gard-30\/saint-gilles-30258\\\u00a0\u00bb,\\\u00a0\u00bbtitle\\\u00a0\u00bb:\\\u00a0\u00bbSaint-Gilles\\\u00a0\u00bb},{\\\u00a0\u00bbpath\\\u00a0\u00bb:\\\u00a0\u00bb\/occitanie\/gard-30\/vauvert-30341\\\u00a0\u00bb,\\\u00a0\u00bbtitle\\\u00a0\u00bb:\\\u00a0\u00bbVauvert\\\u00a0\u00bb},{\\\u00a0\u00bbpath\\\u00a0\u00bb:\\\u00a0\u00bb\/occitanie\/gard-30\/villeneuve-les-avignon-30351\\\u00a0\u00bb,\\\u00a0\u00bbtitle\\\u00a0\u00bb:\\\u00a0\u00bbVilleneuve-l\u00e8s-Avignon\\\u00a0\u00bb},{\\\u00a0\u00bbpath\\\u00a0\u00bb:\\\u00a0\u00bb\/occitanie\/gard-30\/uzes-30334\\\u00a0\u00bb,\\\u00a0\u00bbtitle\\\u00a0\u00bb:\\\u00a0\u00bbUz\u00e8s\\\u00a0\u00bb}]},{\\\u00a0\u00bbslug\\\u00a0\u00bb:\\\u00a0\u00bbgers-32\\\u00a0\u00bb,\\\u00a0\u00bbtitle\\\u00a0\u00bb:\\\u00a0\u00bbGers\\\u00a0\u00bb,\\\u00a0\u00bbtitleArticle\\\u00a0\u00bb:\\\u00a0\u00bbdu \\\u00a0\u00bb,\\\u00a0\u00bblocale\\\u00a0\u00bb:{\\\u00a0\u00bbnearest\\\u00a0\u00bb:[\\\u00a0\u00bbtoulouse\\\u00a0\u00bb,\\\u00a0\u00bbgascogne\\\u00a0\u00bb]},\\\u00a0\u00bbnearestDepartment\\\u00a0\u00bb:[\\\u00a0\u00bblandes-40\\\u00a0\u00bb,\\\u00a0\u00bblot-et-garonne-47\\\u00a0\u00bb,\\\u00a0\u00bbtarn-et-garonne-82\\\u00a0\u00bb,\\\u00a0\u00bbhaute-garonne-31\\\u00a0\u00bb,\\\u00a0\u00bbhautes-pyrenees-65\\\u00a0\u00bb,\\\u00a0\u00bbpyrenees-atlantiques-64\\\u00a0\u00bb],\\\u00a0\u00bbcities\\\u00a0\u00bb:[{\\\u00a0\u00bbpath\\\u00a0\u00bb:\\\u00a0\u00bb\/occitanie\/gers-32\/auch-32013\\\u00a0\u00bb,\\\u00a0\u00bbtitle\\\u00a0\u00bb:\\\u00a0\u00bbAuch\\\u00a0\u00bb},{\\\u00a0\u00bbpath\\\u00a0\u00bb:\\\u00a0\u00bb\/occitanie\/gers-32\/condom-32107\\\u00a0\u00bb,\\\u00a0\u00bbtitle\\\u00a0\u00bb:\\\u00a0\u00bbCondom\\\u00a0\u00bb},{\\\u00a0\u00bbpath\\\u00a0\u00bb:\\\u00a0\u00bb\/occitanie\/gers-32\/eauze-32119\\\u00a0\u00bb,\\\u00a0\u00bbtitle\\\u00a0\u00bb:\\\u00a0\u00bbEauze\\\u00a0\u00bb},{\\\u00a0\u00bbpath\\\u00a0\u00bb:\\\u00a0\u00bb\/occitanie\/gers-32\/fleurance-32132\\\u00a0\u00bb,\\\u00a0\u00bbtitle\\\u00a0\u00bb:\\\u00a0\u00bbFleurance\\\u00a0\u00bb},{\\\u00a0\u00bbpath\\\u00a0\u00bb:\\\u00a0\u00bb\/occitanie\/gers-32\/gimont-32147\\\u00a0\u00bb,\\\u00a0\u00bbtitle\\\u00a0\u00bb:\\\u00a0\u00bbGimont\\\u00a0\u00bb},{\\\u00a0\u00bbpath\\\u00a0\u00bb:\\\u00a0\u00bb\/occitanie\/gers-32\/isle-jourdain-32160\\\u00a0\u00bb,\\\u00a0\u00bbtitle\\\u00a0\u00bb:\\\u00a0\u00bbL&rsquo;Isle-Jourdain\\\u00a0\u00bb},{\\\u00a0\u00bbpath\\\u00a0\u00bb:\\\u00a0\u00bb\/occitanie\/gers-32\/lectoure-32208\\\u00a0\u00bb,\\\u00a0\u00bbtitle\\\u00a0\u00bb:\\\u00a0\u00bbLectoure\\\u00a0\u00bb},{\\\u00a0\u00bbpath\\\u00a0\u00bb:\\\u00a0\u00bb\/occitanie\/gers-32\/mirande-32256\\\u00a0\u00bb,\\\u00a0\u00bbtitle\\\u00a0\u00bb:\\\u00a0\u00bbMirande\\\u00a0\u00bb},{\\\u00a0\u00bbpath\\\u00a0\u00bb:\\\u00a0\u00bb\/occitanie\/gers-32\/vic-fezensac-32462\\\u00a0\u00bb,\\\u00a0\u00bbtitle\\\u00a0\u00bb:\\\u00a0\u00bbVic-Fezensac\\\u00a0\u00bb},{\\\u00a0\u00bbpath\\\u00a0\u00bb:\\\u00a0\u00bb\/occitanie\/gers-32\/pavie-32307\\\u00a0\u00bb,\\\u00a0\u00bbtitle\\\u00a0\u00bb:\\\u00a0\u00bbPavie\\\u00a0\u00bb}]},{\\\u00a0\u00bbslug\\\u00a0\u00bb:\\\u00a0\u00bbhaute-garonne-31\\\u00a0\u00bb,\\\u00a0\u00bbtitle\\\u00a0\u00bb:\\\u00a0\u00bbHaute-Garonne\\\u00a0\u00bb,\\\u00a0\u00bbtitleArticle\\\u00a0\u00bb:\\\u00a0\u00bbde \\\u00a0\u00bb,\\\u00a0\u00bblocale\\\u00a0\u00bb:{\\\u00a0\u00bbmain\\\u00a0\u00bb:\\\u00a0\u00bbtoulouse\\\u00a0\u00bb,\\\u00a0\u00bbnearest\\\u00a0\u00bb:[]},\\\u00a0\u00bbnearestDepartment\\\u00a0\u00bb:[\\\u00a0\u00bbgers-32\\\u00a0\u00bb,\\\u00a0\u00bbtarn-et-garonne-82\\\u00a0\u00bb,\\\u00a0\u00bbtarn-81\\\u00a0\u00bb,\\\u00a0\u00bbaude-11\\\u00a0\u00bb,\\\u00a0\u00bbariege-09\\\u00a0\u00bb,\\\u00a0\u00bbhautes-pyrenees-65\\\u00a0\u00bb],\\\u00a0\u00bbcities\\\u00a0\u00bb:[{\\\u00a0\u00bbpath\\\u00a0\u00bb:\\\u00a0\u00bb\/occitanie\/haute-garonne-31\/balma-31044\\\u00a0\u00bb,\\\u00a0\u00bbtitle\\\u00a0\u00bb:\\\u00a0\u00bbBalma\\\u00a0\u00bb},{\\\u00a0\u00bbpath\\\u00a0\u00bb:\\\u00a0\u00bb\/occitanie\/haute-garonne-31\/blagnac-31069\\\u00a0\u00bb,\\\u00a0\u00bbtitle\\\u00a0\u00bb:\\\u00a0\u00bbBlagnac\\\u00a0\u00bb},{\\\u00a0\u00bbpath\\\u00a0\u00bb:\\\u00a0\u00bb\/occitanie\/haute-garonne-31\/colomiers-31149\\\u00a0\u00bb,\\\u00a0\u00bbtitle\\\u00a0\u00bb:\\\u00a0\u00bbColomiers\\\u00a0\u00bb},{\\\u00a0\u00bbpath\\\u00a0\u00bb:\\\u00a0\u00bb\/occitanie\/haute-garonne-31\/cugnaux-31157\\\u00a0\u00bb,\\\u00a0\u00bbtitle\\\u00a0\u00bb:\\\u00a0\u00bbCugnaux\\\u00a0\u00bb},{\\\u00a0\u00bbpath\\\u00a0\u00bb:\\\u00a0\u00bb\/occitanie\/haute-garonne-31\/muret-31395\\\u00a0\u00bb,\\\u00a0\u00bbtitle\\\u00a0\u00bb:\\\u00a0\u00bbMuret\\\u00a0\u00bb},{\\\u00a0\u00bbpath\\\u00a0\u00bb:\\\u00a0\u00bb\/occitanie\/haute-garonne-31\/plaisance-du-touch-31424\\\u00a0\u00bb,\\\u00a0\u00bbtitle\\\u00a0\u00bb:\\\u00a0\u00bbPlaisance-du-Touch\\\u00a0\u00bb},{\\\u00a0\u00bbpath\\\u00a0\u00bb:\\\u00a0\u00bb\/occitanie\/haute-garonne-31\/ramonville-saint-agne-31446\\\u00a0\u00bb,\\\u00a0\u00bbtitle\\\u00a0\u00bb:\\\u00a0\u00bbRamonville-Saint-Agne\\\u00a0\u00bb},{\\\u00a0\u00bbpath\\\u00a0\u00bb:\\\u00a0\u00bb\/occitanie\/haute-garonne-31\/toulouse-31555\\\u00a0\u00bb,\\\u00a0\u00bbtitle\\\u00a0\u00bb:\\\u00a0\u00bbToulouse\\\u00a0\u00bb},{\\\u00a0\u00bbpath\\\u00a0\u00bb:\\\u00a0\u00bb\/occitanie\/haute-garonne-31\/tournefeuille-31557\\\u00a0\u00bb,\\\u00a0\u00bbtitle\\\u00a0\u00bb:\\\u00a0\u00bbTournefeuille\\\u00a0\u00bb},{\\\u00a0\u00bbpath\\\u00a0\u00bb:\\\u00a0\u00bb\/occitanie\/haute-garonne-31\/castanet-tolosan-31113\\\u00a0\u00bb,\\\u00a0\u00bbtitle\\\u00a0\u00bb:\\\u00a0\u00bbCastanet-Tolosan\\\u00a0\u00bb}]},{\\\u00a0\u00bbslug\\\u00a0\u00bb:\\\u00a0\u00bbhautes-pyrenees-65\\\u00a0\u00bb,\\\u00a0\u00bbtitle\\\u00a0\u00bb:\\\u00a0\u00bbHautes-Pyr\u00e9n\u00e9es\\\u00a0\u00bb,\\\u00a0\u00bbtitleArticle\\\u00a0\u00bb:\\\u00a0\u00bbdes \\\u00a0\u00bb,\\\u00a0\u00bblocale\\\u00a0\u00bb:{\\\u00a0\u00bbnearest\\\u00a0\u00bb:[\\\u00a0\u00bbbearn\\\u00a0\u00bb,\\\u00a0\u00bbtoulouse\\\u00a0\u00bb]},\\\u00a0\u00bbnearestDepartment\\\u00a0\u00bb:[\\\u00a0\u00bbpyrenees-atlantiques-64\\\u00a0\u00bb,\\\u00a0\u00bbgers-32\\\u00a0\u00bb,\\\u00a0\u00bbhaute-garonne-31\\\u00a0\u00bb],\\\u00a0\u00bbcities\\\u00a0\u00bb:[{\\\u00a0\u00bbpath\\\u00a0\u00bb:\\\u00a0\u00bb\/occitanie\/hautes-pyrenees-65\/aureilhan-65047\\\u00a0\u00bb,\\\u00a0\u00bbtitle\\\u00a0\u00bb:\\\u00a0\u00bbAureilhan\\\u00a0\u00bb},{\\\u00a0\u00bbpath\\\u00a0\u00bb:\\\u00a0\u00bb\/occitanie\/hautes-pyrenees-65\/bagneres-de-bigorre-65059\\\u00a0\u00bb,\\\u00a0\u00bbtitle\\\u00a0\u00bb:\\\u00a0\u00bbBagn\u00e8res-de-Bigorre\\\u00a0\u00bb},{\\\u00a0\u00bbpath\\\u00a0\u00bb:\\\u00a0\u00bb\/occitanie\/hautes-pyrenees-65\/borderes-sur-lechez-65100\\\u00a0\u00bb,\\\u00a0\u00bbtitle\\\u00a0\u00bb:\\\u00a0\u00bbBord\u00e8res-sur-l&rsquo;\u00c9chez\\\u00a0\u00bb},{\\\u00a0\u00bbpath\\\u00a0\u00bb:\\\u00a0\u00bb\/occitanie\/hautes-pyrenees-65\/juillan-65235\\\u00a0\u00bb,\\\u00a0\u00bbtitle\\\u00a0\u00bb:\\\u00a0\u00bbJuillan\\\u00a0\u00bb},{\\\u00a0\u00bbpath\\\u00a0\u00bb:\\\u00a0\u00bb\/occitanie\/hautes-pyrenees-65\/lannemezan-65258\\\u00a0\u00bb,\\\u00a0\u00bbtitle\\\u00a0\u00bb:\\\u00a0\u00bbLannemezan\\\u00a0\u00bb},{\\\u00a0\u00bbpath\\\u00a0\u00bb:\\\u00a0\u00bb\/occitanie\/hautes-pyrenees-65\/lourdes-65286\\\u00a0\u00bb,\\\u00a0\u00bbtitle\\\u00a0\u00bb:\\\u00a0\u00bbLourdes\\\u00a0\u00bb},{\\\u00a0\u00bbpath\\\u00a0\u00bb:\\\u00a0\u00bb\/occitanie\/hautes-pyrenees-65\/semeac-65417\\\u00a0\u00bb,\\\u00a0\u00bbtitle\\\u00a0\u00bb:\\\u00a0\u00bbS\u00e9m\u00e9ac\\\u00a0\u00bb},{\\\u00a0\u00bbpath\\\u00a0\u00bb:\\\u00a0\u00bb\/occitanie\/hautes-pyrenees-65\/tarbes-65440\\\u00a0\u00bb,\\\u00a0\u00bbtitle\\\u00a0\u00bb:\\\u00a0\u00bbTarbes\\\u00a0\u00bb},{\\\u00a0\u00bbpath\\\u00a0\u00bb:\\\u00a0\u00bb\/occitanie\/hautes-pyrenees-65\/vic-en-bigorre-65460\\\u00a0\u00bb,\\\u00a0\u00bbtitle\\\u00a0\u00bb:\\\u00a0\u00bbVic-en-Bigorre\\\u00a0\u00bb},{\\\u00a0\u00bbpath\\\u00a0\u00bb:\\\u00a0\u00bb\/occitanie\/hautes-pyrenees-65\/barbazan-debat-65062\\\u00a0\u00bb,\\\u00a0\u00bbtitle\\\u00a0\u00bb:\\\u00a0\u00bbBarbazan-Debat\\\u00a0\u00bb}]},{\\\u00a0\u00bbslug\\\u00a0\u00bb:\\\u00a0\u00bbherault-34\\\u00a0\u00bb,\\\u00a0\u00bbtitle\\\u00a0\u00bb:\\\u00a0\u00bbH\u00e9rault\\\u00a0\u00bb,\\\u00a0\u00bbtitleArticle\\\u00a0\u00bb:\\\u00a0\u00bbdu \\\u00a0\u00bb,\\\u00a0\u00bblocale\\\u00a0\u00bb:{\\\u00a0\u00bbmain\\\u00a0\u00bb:\\\u00a0\u00bbherault\\\u00a0\u00bb,\\\u00a0\u00bbnearest\\\u00a0\u00bb:[]},\\\u00a0\u00bbnearestDepartment\\\u00a0\u00bb:[\\\u00a0\u00bbtarn-81\\\u00a0\u00bb,\\\u00a0\u00bbaveyron-12\\\u00a0\u00bb,\\\u00a0\u00bbgard-30\\\u00a0\u00bb,\\\u00a0\u00bbaude-11\\\u00a0\u00bb],\\\u00a0\u00bbcities\\\u00a0\u00bb:[{\\\u00a0\u00bbpath\\\u00a0\u00bb:\\\u00a0\u00bb\/occitanie\/herault-34\/agde-34003\\\u00a0\u00bb,\\\u00a0\u00bbtitle\\\u00a0\u00bb:\\\u00a0\u00bbAgde\\\u00a0\u00bb},{\\\u00a0\u00bbpath\\\u00a0\u00bb:\\\u00a0\u00bb\/occitanie\/herault-34\/beziers-34032\\\u00a0\u00bb,\\\u00a0\u00bbtitle\\\u00a0\u00bb:\\\u00a0\u00bbB\u00e9ziers\\\u00a0\u00bb},{\\\u00a0\u00bbpath\\\u00a0\u00bb:\\\u00a0\u00bb\/occitanie\/herault-34\/castelnau-le-lez-34057\\\u00a0\u00bb,\\\u00a0\u00bbtitle\\\u00a0\u00bb:\\\u00a0\u00bbCastelnau-le-Lez\\\u00a0\u00bb},{\\\u00a0\u00bbpath\\\u00a0\u00bb:\\\u00a0\u00bb\/occitanie\/herault-34\/frontignan-34108\\\u00a0\u00bb,\\\u00a0\u00bbtitle\\\u00a0\u00bb:\\\u00a0\u00bbFrontignan\\\u00a0\u00bb},{\\\u00a0\u00bbpath\\\u00a0\u00bb:\\\u00a0\u00bb\/occitanie\/herault-34\/lattes-34129\\\u00a0\u00bb,\\\u00a0\u00bbtitle\\\u00a0\u00bb:\\\u00a0\u00bbLattes\\\u00a0\u00bb},{\\\u00a0\u00bbpath\\\u00a0\u00bb:\\\u00a0\u00bb\/occitanie\/herault-34\/lunel-34145\\\u00a0\u00bb,\\\u00a0\u00bbtitle\\\u00a0\u00bb:\\\u00a0\u00bbLunel\\\u00a0\u00bb},{\\\u00a0\u00bbpath\\\u00a0\u00bb:\\\u00a0\u00bb\/occitanie\/herault-34\/mauguio-34154\\\u00a0\u00bb,\\\u00a0\u00bbtitle\\\u00a0\u00bb:\\\u00a0\u00bbMauguio\\\u00a0\u00bb},{\\\u00a0\u00bbpath\\\u00a0\u00bb:\\\u00a0\u00bb\/occitanie\/herault-34\/montpellier-34172\\\u00a0\u00bb,\\\u00a0\u00bbtitle\\\u00a0\u00bb:\\\u00a0\u00bbMontpellier\\\u00a0\u00bb},{\\\u00a0\u00bbpath\\\u00a0\u00bb:\\\u00a0\u00bb\/occitanie\/herault-34\/sete-34301\\\u00a0\u00bb,\\\u00a0\u00bbtitle\\\u00a0\u00bb:\\\u00a0\u00bbS\u00e8te\\\u00a0\u00bb},{\\\u00a0\u00bbpath\\\u00a0\u00bb:\\\u00a0\u00bb\/occitanie\/herault-34\/meze-34157\\\u00a0\u00bb,\\\u00a0\u00bbtitle\\\u00a0\u00bb:\\\u00a0\u00bbM\u00e8ze\\\u00a0\u00bb}]},{\\\u00a0\u00bbslug\\\u00a0\u00bb:\\\u00a0\u00bblot-46\\\u00a0\u00bb,\\\u00a0\u00bbtitle\\\u00a0\u00bb:\\\u00a0\u00bbLot\\\u00a0\u00bb,\\\u00a0\u00bbtitleArticle\\\u00a0\u00bb:\\\u00a0\u00bbdu \\\u00a0\u00bb,\\\u00a0\u00bblocale\\\u00a0\u00bb:{\\\u00a0\u00bbnearest\\\u00a0\u00bb:[\\\u00a0\u00bbtoulouse\\\u00a0\u00bb]},\\\u00a0\u00bbnearestDepartment\\\u00a0\u00bb:[\\\u00a0\u00bbdordogne-24\\\u00a0\u00bb,\\\u00a0\u00bbcorreze-19\\\u00a0\u00bb,\\\u00a0\u00bbcantal-15\\\u00a0\u00bb,\\\u00a0\u00bbaveyron-12\\\u00a0\u00bb,\\\u00a0\u00bbtarn-et-garonne-82\\\u00a0\u00bb,\\\u00a0\u00bblot-et-garonne-47\\\u00a0\u00bb],\\\u00a0\u00bbcities\\\u00a0\u00bb:[{\\\u00a0\u00bbpath\\\u00a0\u00bb:\\\u00a0\u00bb\/occitanie\/lot-46\/biars-sur-cere-46029\\\u00a0\u00bb,\\\u00a0\u00bbtitle\\\u00a0\u00bb:\\\u00a0\u00bbBiars-sur-C\u00e8re\\\u00a0\u00bb},{\\\u00a0\u00bbpath\\\u00a0\u00bb:\\\u00a0\u00bb\/occitanie\/lot-46\/cahors-46042\\\u00a0\u00bb,\\\u00a0\u00bbtitle\\\u00a0\u00bb:\\\u00a0\u00bbCahors\\\u00a0\u00bb},{\\\u00a0\u00bbpath\\\u00a0\u00bb:\\\u00a0\u00bb\/occitanie\/lot-46\/figeac-46102\\\u00a0\u00bb,\\\u00a0\u00bbtitle\\\u00a0\u00bb:\\\u00a0\u00bbFigeac\\\u00a0\u00bb},{\\\u00a0\u00bbpath\\\u00a0\u00bb:\\\u00a0\u00bb\/occitanie\/lot-46\/gourdon-46127\\\u00a0\u00bb,\\\u00a0\u00bbtitle\\\u00a0\u00bb:\\\u00a0\u00bbGourdon\\\u00a0\u00bb},{\\\u00a0\u00bbpath\\\u00a0\u00bb:\\\u00a0\u00bb\/occitanie\/lot-46\/gramat-46128\\\u00a0\u00bb,\\\u00a0\u00bbtitle\\\u00a0\u00bb:\\\u00a0\u00bbGramat\\\u00a0\u00bb},{\\\u00a0\u00bbpath\\\u00a0\u00bb:\\\u00a0\u00bb\/occitanie\/lot-46\/pradines-46224\\\u00a0\u00bb,\\\u00a0\u00bbtitle\\\u00a0\u00bb:\\\u00a0\u00bbPradines\\\u00a0\u00bb},{\\\u00a0\u00bbpath\\\u00a0\u00bb:\\\u00a0\u00bb\/occitanie\/lot-46\/prayssac-46225\\\u00a0\u00bb,\\\u00a0\u00bbtitle\\\u00a0\u00bb:\\\u00a0\u00bbPrayssac\\\u00a0\u00bb},{\\\u00a0\u00bbpath\\\u00a0\u00bb:\\\u00a0\u00bb\/occitanie\/lot-46\/saint-cere-46251\\\u00a0\u00bb,\\\u00a0\u00bbtitle\\\u00a0\u00bb:\\\u00a0\u00bbSaint-C\u00e9r\u00e9\\\u00a0\u00bb},{\\\u00a0\u00bbpath\\\u00a0\u00bb:\\\u00a0\u00bb\/occitanie\/lot-46\/souillac-46309\\\u00a0\u00bb,\\\u00a0\u00bbtitle\\\u00a0\u00bb:\\\u00a0\u00bbSouillac\\\u00a0\u00bb},{\\\u00a0\u00bbpath\\\u00a0\u00bb:\\\u00a0\u00bb\/occitanie\/lot-46\/puy-leveque-46231\\\u00a0\u00bb,\\\u00a0\u00bbtitle\\\u00a0\u00bb:\\\u00a0\u00bbPuy-l&rsquo;\u00c9v\u00eaque\\\u00a0\u00bb}]},{\\\u00a0\u00bbslug\\\u00a0\u00bb:\\\u00a0\u00bblozere-48\\\u00a0\u00bb,\\\u00a0\u00bbtitle\\\u00a0\u00bb:\\\u00a0\u00bbLoz\u00e8re\\\u00a0\u00bb,\\\u00a0\u00bbtitleArticle\\\u00a0\u00bb:\\\u00a0\u00bbde \\\u00a0\u00bb,\\\u00a0\u00bblocale\\\u00a0\u00bb:{\\\u00a0\u00bbnearest\\\u00a0\u00bb:[\\\u00a0\u00bbgard-lozere\\\u00a0\u00bb]},\\\u00a0\u00bbnearestDepartment\\\u00a0\u00bb:[\\\u00a0\u00bbcantal-15\\\u00a0\u00bb,\\\u00a0\u00bbhaute-loire-43\\\u00a0\u00bb,\\\u00a0\u00bbardeche-07\\\u00a0\u00bb,\\\u00a0\u00bbgard-30\\\u00a0\u00bb,\\\u00a0\u00bbaveyron-12\\\u00a0\u00bb],\\\u00a0\u00bbcities\\\u00a0\u00bb:[{\\\u00a0\u00bbpath\\\u00a0\u00bb:\\\u00a0\u00bb\/occitanie\/lozere-48\/bourgs-sur-colagne-48099\\\u00a0\u00bb,\\\u00a0\u00bbtitle\\\u00a0\u00bb:\\\u00a0\u00bbBourgs sur Colagne\\\u00a0\u00bb},{\\\u00a0\u00bbpath\\\u00a0\u00bb:\\\u00a0\u00bb\/occitanie\/lozere-48\/chanac-48039\\\u00a0\u00bb,\\\u00a0\u00bbtitle\\\u00a0\u00bb:\\\u00a0\u00bbChanac\\\u00a0\u00bb},{\\\u00a0\u00bbpath\\\u00a0\u00bb:\\\u00a0\u00bb\/occitanie\/lozere-48\/florac-trois-rivieres-48061\\\u00a0\u00bb,\\\u00a0\u00bbtitle\\\u00a0\u00bb:\\\u00a0\u00bbFlorac Trois Rivi\u00e8res\\\u00a0\u00bb},{\\\u00a0\u00bbpath\\\u00a0\u00bb:\\\u00a0\u00bb\/occitanie\/lozere-48\/langogne-48080\\\u00a0\u00bb,\\\u00a0\u00bbtitle\\\u00a0\u00bb:\\\u00a0\u00bbLangogne\\\u00a0\u00bb},{\\\u00a0\u00bbpath\\\u00a0\u00bb:\\\u00a0\u00bb\/occitanie\/lozere-48\/marvejols-48092\\\u00a0\u00bb,\\\u00a0\u00bbtitle\\\u00a0\u00bb:\\\u00a0\u00bbMarvejols\\\u00a0\u00bb},{\\\u00a0\u00bbpath\\\u00a0\u00bb:\\\u00a0\u00bb\/occitanie\/lozere-48\/mende-48095\\\u00a0\u00bb,\\\u00a0\u00bbtitle\\\u00a0\u00bb:\\\u00a0\u00bbMende\\\u00a0\u00bb},{\\\u00a0\u00bbpath\\\u00a0\u00bb:\\\u00a0\u00bb\/occitanie\/lozere-48\/peyre-en-aubrac-48009\\\u00a0\u00bb,\\\u00a0\u00bbtitle\\\u00a0\u00bb:\\\u00a0\u00bbPeyre en Aubrac\\\u00a0\u00bb},{\\\u00a0\u00bbpath\\\u00a0\u00bb:\\\u00a0\u00bb\/occitanie\/lozere-48\/saint-chely-dapcher-48140\\\u00a0\u00bb,\\\u00a0\u00bbtitle\\\u00a0\u00bb:\\\u00a0\u00bbSaint-Ch\u00e9ly-d&rsquo;Apcher\\\u00a0\u00bb},{\\\u00a0\u00bbpath\\\u00a0\u00bb:\\\u00a0\u00bb\/occitanie\/lozere-48\/saint-alban-sur-limagnole-48132\\\u00a0\u00bb,\\\u00a0\u00bbtitle\\\u00a0\u00bb:\\\u00a0\u00bbSaint-Alban-sur-Limagnole\\\u00a0\u00bb},{\\\u00a0\u00bbpath\\\u00a0\u00bb:\\\u00a0\u00bb\/occitanie\/lozere-48\/canourgue-48034\\\u00a0\u00bb,\\\u00a0\u00bbtitle\\\u00a0\u00bb:\\\u00a0\u00bbLa Canourgue\\\u00a0\u00bb}]},{\\\u00a0\u00bbslug\\\u00a0\u00bb:\\\u00a0\u00bbpyrenees-orientales-66\\\u00a0\u00bb,\\\u00a0\u00bbtitle\\\u00a0\u00bb:\\\u00a0\u00bbPyr\u00e9n\u00e9es-Orientales\\\u00a0\u00bb,\\\u00a0\u00bbtitleArticle\\\u00a0\u00bb:\\\u00a0\u00bbdes \\\u00a0\u00bb,\\\u00a0\u00bblocale\\\u00a0\u00bb:{\\\u00a0\u00bbmain\\\u00a0\u00bb:\\\u00a0\u00bbroussillon\\\u00a0\u00bb,\\\u00a0\u00bbnearest\\\u00a0\u00bb:[]},\\\u00a0\u00bbnearestDepartment\\\u00a0\u00bb:[\\\u00a0\u00bbariege-09\\\u00a0\u00bb,\\\u00a0\u00bbaude-11\\\u00a0\u00bb],\\\u00a0\u00bbcities\\\u00a0\u00bb:[{\\\u00a0\u00bbpath\\\u00a0\u00bb:\\\u00a0\u00bb\/occitanie\/pyrenees-orientales-66\/argeles-sur-mer-66008\\\u00a0\u00bb,\\\u00a0\u00bbtitle\\\u00a0\u00bb:\\\u00a0\u00bbArgel\u00e8s-sur-Mer\\\u00a0\u00bb},{\\\u00a0\u00bbpath\\\u00a0\u00bb:\\\u00a0\u00bb\/occitanie\/pyrenees-orientales-66\/cabestany-66028\\\u00a0\u00bb,\\\u00a0\u00bbtitle\\\u00a0\u00bb:\\\u00a0\u00bbCabestany\\\u00a0\u00bb},{\\\u00a0\u00bbpath\\\u00a0\u00bb:\\\u00a0\u00bb\/occitanie\/pyrenees-orientales-66\/canet-en-roussillon-66037\\\u00a0\u00bb,\\\u00a0\u00bbtitle\\\u00a0\u00bb:\\\u00a0\u00bbCanet-en-Roussillon\\\u00a0\u00bb},{\\\u00a0\u00bbpath\\\u00a0\u00bb:\\\u00a0\u00bb\/occitanie\/pyrenees-orientales-66\/elne-66065\\\u00a0\u00bb,\\\u00a0\u00bbtitle\\\u00a0\u00bb:\\\u00a0\u00bbElne\\\u00a0\u00bb},{\\\u00a0\u00bbpath\\\u00a0\u00bb:\\\u00a0\u00bb\/occitanie\/pyrenees-orientales-66\/perpignan-66136\\\u00a0\u00bb,\\\u00a0\u00bbtitle\\\u00a0\u00bb:\\\u00a0\u00bbPerpignan\\\u00a0\u00bb},{\\\u00a0\u00bbpath\\\u00a0\u00bb:\\\u00a0\u00bb\/occitanie\/pyrenees-orientales-66\/pia-66141\\\u00a0\u00bb,\\\u00a0\u00bbtitle\\\u00a0\u00bb:\\\u00a0\u00bbPia\\\u00a0\u00bb},{\\\u00a0\u00bbpath\\\u00a0\u00bb:\\\u00a0\u00bb\/occitanie\/pyrenees-orientales-66\/saint-cyprien-66171\\\u00a0\u00bb,\\\u00a0\u00bbtitle\\\u00a0\u00bb:\\\u00a0\u00bbSaint-Cyprien\\\u00a0\u00bb},{\\\u00a0\u00bbpath\\\u00a0\u00bb:\\\u00a0\u00bb\/occitanie\/pyrenees-orientales-66\/saint-esteve-66172\\\u00a0\u00bb,\\\u00a0\u00bbtitle\\\u00a0\u00bb:\\\u00a0\u00bbSaint-Est\u00e8ve\\\u00a0\u00bb},{\\\u00a0\u00bbpath\\\u00a0\u00bb:\\\u00a0\u00bb\/occitanie\/pyrenees-orientales-66\/saint-laurent-de-la-salanque-66180\\\u00a0\u00bb,\\\u00a0\u00bbtitle\\\u00a0\u00bb:\\\u00a0\u00bbSaint-Laurent-de-la-Salanque\\\u00a0\u00bb},{\\\u00a0\u00bbpath\\\u00a0\u00bb:\\\u00a0\u00bb\/occitanie\/pyrenees-orientales-66\/rivesaltes-66164\\\u00a0\u00bb,\\\u00a0\u00bbtitle\\\u00a0\u00bb:\\\u00a0\u00bbRivesaltes\\\u00a0\u00bb}]},{\\\u00a0\u00bbslug\\\u00a0\u00bb:\\\u00a0\u00bbtarn-81\\\u00a0\u00bb,\\\u00a0\u00bbtitle\\\u00a0\u00bb:\\\u00a0\u00bbTarn\\\u00a0\u00bb,\\\u00a0\u00bbtitleArticle\\\u00a0\u00bb:\\\u00a0\u00bbdu \\\u00a0\u00bb,\\\u00a0\u00bblocale\\\u00a0\u00bb:{\\\u00a0\u00bbnearest\\\u00a0\u00bb:[\\\u00a0\u00bbtoulouse\\\u00a0\u00bb]},\\\u00a0\u00bbnearestDepartment\\\u00a0\u00bb:[\\\u00a0\u00bbtarn-et-garonne-82\\\u00a0\u00bb,\\\u00a0\u00bbaveyron-12\\\u00a0\u00bb,\\\u00a0\u00bbherault-34\\\u00a0\u00bb,\\\u00a0\u00bbaude-11\\\u00a0\u00bb,\\\u00a0\u00bbhaute-garonne-31\\\u00a0\u00bb],\\\u00a0\u00bbcities\\\u00a0\u00bb:[{\\\u00a0\u00bbpath\\\u00a0\u00bb:\\\u00a0\u00bb\/occitanie\/tarn-81\/albi-81004\\\u00a0\u00bb,\\\u00a0\u00bbtitle\\\u00a0\u00bb:\\\u00a0\u00bbAlbi\\\u00a0\u00bb},{\\\u00a0\u00bbpath\\\u00a0\u00bb:\\\u00a0\u00bb\/occitanie\/tarn-81\/carmaux-81060\\\u00a0\u00bb,\\\u00a0\u00bbtitle\\\u00a0\u00bb:\\\u00a0\u00bbCarmaux\\\u00a0\u00bb},{\\\u00a0\u00bbpath\\\u00a0\u00bb:\\\u00a0\u00bb\/occitanie\/tarn-81\/castres-81065\\\u00a0\u00bb,\\\u00a0\u00bbtitle\\\u00a0\u00bb:\\\u00a0\u00bbCastres\\\u00a0\u00bb},{\\\u00a0\u00bbpath\\\u00a0\u00bb:\\\u00a0\u00bb\/occitanie\/tarn-81\/gaillac-81099\\\u00a0\u00bb,\\\u00a0\u00bbtitle\\\u00a0\u00bb:\\\u00a0\u00bbGaillac\\\u00a0\u00bb},{\\\u00a0\u00bbpath\\\u00a0\u00bb:\\\u00a0\u00bb\/occitanie\/tarn-81\/graulhet-81105\\\u00a0\u00bb,\\\u00a0\u00bbtitle\\\u00a0\u00bb:\\\u00a0\u00bbGraulhet\\\u00a0\u00bb},{\\\u00a0\u00bbpath\\\u00a0\u00bb:\\\u00a0\u00bb\/occitanie\/tarn-81\/lavaur-81140\\\u00a0\u00bb,\\\u00a0\u00bbtitle\\\u00a0\u00bb:\\\u00a0\u00bbLavaur\\\u00a0\u00bb},{\\\u00a0\u00bbpath\\\u00a0\u00bb:\\\u00a0\u00bb\/occitanie\/tarn-81\/mazamet-81163\\\u00a0\u00bb,\\\u00a0\u00bbtitle\\\u00a0\u00bb:\\\u00a0\u00bbMazamet\\\u00a0\u00bb},{\\\u00a0\u00bbpath\\\u00a0\u00bb:\\\u00a0\u00bb\/occitanie\/tarn-81\/saint-juery-81257\\\u00a0\u00bb,\\\u00a0\u00bbtitle\\\u00a0\u00bb:\\\u00a0\u00bbSaint-Ju\u00e9ry\\\u00a0\u00bb},{\\\u00a0\u00bbpath\\\u00a0\u00bb:\\\u00a0\u00bb\/occitanie\/tarn-81\/saint-sulpice-la-pointe-81271\\\u00a0\u00bb,\\\u00a0\u00bbtitle\\\u00a0\u00bb:\\\u00a0\u00bbSaint-Sulpice-la-Pointe\\\u00a0\u00bb},{\\\u00a0\u00bbpath\\\u00a0\u00bb:\\\u00a0\u00bb\/occitanie\/tarn-81\/labruguiere-81120\\\u00a0\u00bb,\\\u00a0\u00bbtitle\\\u00a0\u00bb:\\\u00a0\u00bbLabrugui\u00e8re\\\u00a0\u00bb}]},{\\\u00a0\u00bbslug\\\u00a0\u00bb:\\\u00a0\u00bbtarn-et-garonne-82\\\u00a0\u00bb,\\\u00a0\u00bbtitle\\\u00a0\u00bb:\\\u00a0\u00bbTarn-et-Garonne\\\u00a0\u00bb,\\\u00a0\u00bbtitleArticle\\\u00a0\u00bb:\\\u00a0\u00bbdu \\\u00a0\u00bb,\\\u00a0\u00bblocale\\\u00a0\u00bb:{\\\u00a0\u00bbnearest\\\u00a0\u00bb:[\\\u00a0\u00bbtoulouse\\\u00a0\u00bb]},\\\u00a0\u00bbnearestDepartment\\\u00a0\u00bb:[\\\u00a0\u00bblot-et-garonne-47\\\u00a0\u00bb,\\\u00a0\u00bblot-46\\\u00a0\u00bb,\\\u00a0\u00bbaveyron-12\\\u00a0\u00bb,\\\u00a0\u00bbtarn-81\\\u00a0\u00bb,\\\u00a0\u00bbhaute-garonne-31\\\u00a0\u00bb,\\\u00a0\u00bbgers-32\\\u00a0\u00bb],\\\u00a0\u00bbcities\\\u00a0\u00bb:[{\\\u00a0\u00bbpath\\\u00a0\u00bb:\\\u00a0\u00bb\/occitanie\/tarn-et-garonne-82\/castelsarrasin-82033\\\u00a0\u00bb,\\\u00a0\u00bbtitle\\\u00a0\u00bb:\\\u00a0\u00bbCastelsarrasin\\\u00a0\u00bb},{\\\u00a0\u00bbpath\\\u00a0\u00bb:\\\u00a0\u00bb\/occitanie\/tarn-et-garonne-82\/caussade-82037\\\u00a0\u00bb,\\\u00a0\u00bbtitle\\\u00a0\u00bb:\\\u00a0\u00bbCaussade\\\u00a0\u00bb},{\\\u00a0\u00bbpath\\\u00a0\u00bb:\\\u00a0\u00bb\/occitanie\/tarn-et-garonne-82\/moissac-82112\\\u00a0\u00bb,\\\u00a0\u00bbtitle\\\u00a0\u00bb:\\\u00a0\u00bbMoissac\\\u00a0\u00bb},{\\\u00a0\u00bbpath\\\u00a0\u00bb:\\\u00a0\u00bb\/occitanie\/tarn-et-garonne-82\/montauban-82121\\\u00a0\u00bb,\\\u00a0\u00bbtitle\\\u00a0\u00bb:\\\u00a0\u00bbMontauban\\\u00a0\u00bb},{\\\u00a0\u00bbpath\\\u00a0\u00bb:\\\u00a0\u00bb\/occitanie\/tarn-et-garonne-82\/montbeton-82124\\\u00a0\u00bb,\\\u00a0\u00bbtitle\\\u00a0\u00bb:\\\u00a0\u00bbMontbeton\\\u00a0\u00bb},{\\\u00a0\u00bbpath\\\u00a0\u00bb:\\\u00a0\u00bb\/occitanie\/tarn-et-garonne-82\/montech-82125\\\u00a0\u00bb,\\\u00a0\u00bbtitle\\\u00a0\u00bb:\\\u00a0\u00bbMontech\\\u00a0\u00bb},{\\\u00a0\u00bbpath\\\u00a0\u00bb:\\\u00a0\u00bb\/occitanie\/tarn-et-garonne-82\/negrepelisse-82134\\\u00a0\u00bb,\\\u00a0\u00bbtitle\\\u00a0\u00bb:\\\u00a0\u00bbN\u00e8grepelisse\\\u00a0\u00bb},{\\\u00a0\u00bbpath\\\u00a0\u00bb:\\\u00a0\u00bb\/occitanie\/tarn-et-garonne-82\/valence-82186\\\u00a0\u00bb,\\\u00a0\u00bbtitle\\\u00a0\u00bb:\\\u00a0\u00bbValence\\\u00a0\u00bb},{\\\u00a0\u00bbpath\\\u00a0\u00bb:\\\u00a0\u00bb\/occitanie\/tarn-et-garonne-82\/verdun-sur-garonne-82190\\\u00a0\u00bb,\\\u00a0\u00bbtitle\\\u00a0\u00bb:\\\u00a0\u00bbVerdun-sur-Garonne\\\u00a0\u00bb},{\\\u00a0\u00bbpath\\\u00a0\u00bb:\\\u00a0\u00bb\/occitanie\/tarn-et-garonne-82\/grisolles-82075\\\u00a0\u00bb,\\\u00a0\u00bbtitle\\\u00a0\u00bb:\\\u00a0\u00bbGrisolles\\\u00a0\u00bb}]}],\\\u00a0\u00bbtitleArticle\\\u00a0\u00bb:\\\u00a0\u00bbd&rsquo;\\\u00a0\u00bb,\\\u00a0\u00bbnearestRegion\\\u00a0\u00bb:[\\\u00a0\u00bbnouvelle-aquitaine\\\u00a0\u00bb,\\\u00a0\u00bbauvergne-rhone-alpes\\\u00a0\u00bb,\\\u00a0\u00bbprovence-alpes-cote-dazur\\\u00a0\u00bb],\\\u00a0\u00bbnearestLocales\\\u00a0\u00bb:[\\\u00a0\u00bbgard-lozere\\\u00a0\u00bb,\\\u00a0\u00bbtoulouse\\\u00a0\u00bb,\\\u00a0\u00bbherault\\\u00a0\u00bb,\\\u00a0\u00bbroussillon\\\u00a0\u00bb]},\\\u00a0\u00bbdepartment\\\u00a0\u00bb:{\\\u00a0\u00bbslug\\\u00a0\u00bb:\\\u00a0\u00bbpyrenees-orientales-66\\\u00a0\u00bb,\\\u00a0\u00bbtitle\\\u00a0\u00bb:\\\u00a0\u00bbPyr\u00e9n\u00e9es-Orientales\\\u00a0\u00bb,\\\u00a0\u00bbtitleArticle\\\u00a0\u00bb:\\\u00a0\u00bbdes \\\u00a0\u00bb,\\\u00a0\u00bblocale\\\u00a0\u00bb:{\\\u00a0\u00bbmain\\\u00a0\u00bb:\\\u00a0\u00bbroussillon\\\u00a0\u00bb,\\\u00a0\u00bbnearest\\\u00a0\u00bb:[]},\\\u00a0\u00bbnearestDepartment\\\u00a0\u00bb:[\\\u00a0\u00bbariege-09\\\u00a0\u00bb,\\\u00a0\u00bbaude-11\\\u00a0\u00bb],\\\u00a0\u00bbcities\\\u00a0\u00bb:[{\\\u00a0\u00bbpath\\\u00a0\u00bb:\\\u00a0\u00bb\/occitanie\/pyrenees-orientales-66\/argeles-sur-mer-66008\\\u00a0\u00bb,\\\u00a0\u00bbtitle\\\u00a0\u00bb:\\\u00a0\u00bbArgel\u00e8s-sur-Mer\\\u00a0\u00bb},{\\\u00a0\u00bbpath\\\u00a0\u00bb:\\\u00a0\u00bb\/occitanie\/pyrenees-orientales-66\/cabestany-66028\\\u00a0\u00bb,\\\u00a0\u00bbtitle\\\u00a0\u00bb:\\\u00a0\u00bbCabestany\\\u00a0\u00bb},{\\\u00a0\u00bbpath\\\u00a0\u00bb:\\\u00a0\u00bb\/occitanie\/pyrenees-orientales-66\/canet-en-roussillon-66037\\\u00a0\u00bb,\\\u00a0\u00bbtitle\\\u00a0\u00bb:\\\u00a0\u00bbCanet-en-Roussillon\\\u00a0\u00bb},{\\\u00a0\u00bbpath\\\u00a0\u00bb:\\\u00a0\u00bb\/occitanie\/pyrenees-orientales-66\/elne-66065\\\u00a0\u00bb,\\\u00a0\u00bbtitle\\\u00a0\u00bb:\\\u00a0\u00bbElne\\\u00a0\u00bb},{\\\u00a0\u00bbpath\\\u00a0\u00bb:\\\u00a0\u00bb\/occitanie\/pyrenees-orientales-66\/perpignan-66136\\\u00a0\u00bb,\\\u00a0\u00bbtitle\\\u00a0\u00bb:\\\u00a0\u00bbPerpignan\\\u00a0\u00bb},{\\\u00a0\u00bbpath\\\u00a0\u00bb:\\\u00a0\u00bb\/occitanie\/pyrenees-orientales-66\/pia-66141\\\u00a0\u00bb,\\\u00a0\u00bbtitle\\\u00a0\u00bb:\\\u00a0\u00bbPia\\\u00a0\u00bb},{\\\u00a0\u00bbpath\\\u00a0\u00bb:\\\u00a0\u00bb\/occitanie\/pyrenees-orientales-66\/saint-cyprien-66171\\\u00a0\u00bb,\\\u00a0\u00bbtitle\\\u00a0\u00bb:\\\u00a0\u00bbSaint-Cyprien\\\u00a0\u00bb},{\\\u00a0\u00bbpath\\\u00a0\u00bb:\\\u00a0\u00bb\/occitanie\/pyrenees-orientales-66\/saint-esteve-66172\\\u00a0\u00bb,\\\u00a0\u00bbtitle\\\u00a0\u00bb:\\\u00a0\u00bbSaint-Est\u00e8ve\\\u00a0\u00bb},{\\\u00a0\u00bbpath\\\u00a0\u00bb:\\\u00a0\u00bb\/occitanie\/pyrenees-orientales-66\/saint-laurent-de-la-salanque-66180\\\u00a0\u00bb,\\\u00a0\u00bbtitle\\\u00a0\u00bb:\\\u00a0\u00bbSaint-Laurent-de-la-Salanque\\\u00a0\u00bb},{\\\u00a0\u00bbpath\\\u00a0\u00bb:\\\u00a0\u00bb\/occitanie\/pyrenees-orientales-66\/rivesaltes-66164\\\u00a0\u00bb,\\\u00a0\u00bbtitle\\\u00a0\u00bb:\\\u00a0\u00bbRivesaltes\\\u00a0\u00bb}],\\\u00a0\u00bbregionSlug\\\u00a0\u00bb:\\\u00a0\u00bboccitanie\\\u00a0\u00bb},\\\u00a0\u00bbcity\\\u00a0\u00bb:{\\\u00a0\u00bbtitle\\\u00a0\u00bb:\\\u00a0\u00bbPerpignan\\\u00a0\u00bb,\\\u00a0\u00bbslug\\\u00a0\u00bb:\\\u00a0\u00bbperpignan-66136\\\u00a0\u00bb,\\\u00a0\u00bbinseeCode\\\u00a0\u00bb:\\\u00a0\u00bb66136\\\u00a0\u00bb}}],\\\u00a0\u00bbeditorialInfo\\\u00a0\u00bb:{\\\u00a0\u00bbstrPublishedDate\\\u00a0\u00bb:\\\u00a0\u00bbvendredi 29 ao\u00fbt 2025 \u00e0 19:00\\\u00a0\u00bb,\\\u00a0\u00bbpublishedDateISOString\\\u00a0\u00bb:\\\u00a0\u00bb2025-08-29T17:00:03.000Z\\\u00a0\u00bb,\\\u00a0\u00bbstrManualUpdate\\\u00a0\u00bb:\\\u00a0\u00bbvendredi 29 ao\u00fbt 2025 \u00e0 21:11\\\u00a0\u00bb,\\\u00a0\u00bbmanualUpdateISOString\\\u00a0\u00bb:\\\u00a0\u00bb2025-08-29T19:11:15.000Z\\\u00a0\u00bb,\\\u00a0\u00bbauthors\\\u00a0\u00bb:[{\\\u00a0\u00bbtitle\\\u00a0\u00bb:\\\u00a0\u00bbCyrille Mani\u00e8re\\\u00a0\u00bb,\\\u00a0\u00bbpath\\\u00a0\u00bb:\\\u00a0\u00bbles-equipes\/cyrille-maniere\\\u00a0\u00bb,\\\u00a0\u00bbvisual\\\u00a0\u00bb:{\\\u00a0\u00bbsquare\\\u00a0\u00bb:{\\\u00a0\u00bbjpg\\\u00a0\u00bb:[{\\\u00a0\u00bbw\\\u00a0\u00bb:120,\\\u00a0\u00bburl\\\u00a0\u00bb:\\\u00a0\u00bbhttps:\/\/www.francebleu.fr\/s3\/cruiser-production\/2023\/12\/f0fcbbd7-3054-49da-9c8d-25098b1961aa\/120x120_sc_roussillon_manierecyrille_anim_rugby_prefcmariosinistaj_lp.jpg\\\u00a0\u00bb},{\\\u00a0\u00bbw\\\u00a0\u00bb:200,\\\u00a0\u00bburl\\\u00a0\u00bb:\\\u00a0\u00bbhttps:\/\/www.francebleu.fr\/s3\/cruiser-production\/2023\/12\/f0fcbbd7-3054-49da-9c8d-25098b1961aa\/200x200_sc_roussillon_manierecyrille_anim_rugby_prefcmariosinistaj_lp.jpg\\\u00a0\u00bb},{\\\u00a0\u00bbw\\\u00a0\u00bb:400,\\\u00a0\u00bburl\\\u00a0\u00bb:\\\u00a0\u00bbhttps:\/\/www.francebleu.fr\/s3\/cruiser-production-eu3\/2023\/12\/f0fcbbd7-3054-49da-9c8d-25098b1961aa\/400x400_sc_roussillon_manierecyrille_anim_rugby_prefcmariosinistaj_lp.jpg\\\u00a0\u00bb}],\\\u00a0\u00bbwebp\\\u00a0\u00bb:[{\\\u00a0\u00bbw\\\u00a0\u00bb:120,\\\u00a0\u00bburl\\\u00a0\u00bb:\\\u00a0\u00bbhttps:\/\/www.francebleu.fr\/s3\/cruiser-production\/2023\/12\/f0fcbbd7-3054-49da-9c8d-25098b1961aa\/120x120_sc_roussillon_manierecyrille_anim_rugby_prefcmariosinistaj_lp.webp\\\u00a0\u00bb},{\\\u00a0\u00bbw\\\u00a0\u00bb:200,\\\u00a0\u00bburl\\\u00a0\u00bb:\\\u00a0\u00bbhttps:\/\/www.francebleu.fr\/s3\/cruiser-production\/2023\/12\/f0fcbbd7-3054-49da-9c8d-25098b1961aa\/200x200_sc_roussillon_manierecyrille_anim_rugby_prefcmariosinistaj_lp.webp\\\u00a0\u00bb},{\\\u00a0\u00bbw\\\u00a0\u00bb:400,\\\u00a0\u00bburl\\\u00a0\u00bb:\\\u00a0\u00bbhttps:\/\/www.francebleu.fr\/s3\/cruiser-production-eu3\/2023\/12\/f0fcbbd7-3054-49da-9c8d-25098b1961aa\/400x400_sc_roussillon_manierecyrille_anim_rugby_prefcmariosinistaj_lp.webp\\\u00a0\u00bb}]},\\\u00a0\u00bbnormal\\\u00a0\u00bb:{\\\u00a0\u00bbjpg\\\u00a0\u00bb:[],\\\u00a0\u00bbwebp\\\u00a0\u00bb:[]},\\\u00a0\u00bbpreview\\\u00a0\u00bb:\\\u00a0\u00bbdata:image\/jpeg;base64,\/9j\/2wBDACgcHiMeGSgjISMtKygwPGRBPDc3PHtYXUlkkYCZlo+AjIqgtObDoKrarYqMyP\/L2u71\/\/\/\/m8H\/\/\/\/6\/+b9\/\/j\/2wBDASstLTw1PHZBQXb4pYyl+Pj4+Pj4+Pj4+Pj4+Pj4+Pj4+Pj4+Pj4+Pj4+Pj4+Pj4+Pj4+Pj4+Pj4+Pj4+Pj4+Pj\/wAARCAAqACoDASIAAhEBAxEB\/8QAGAAAAwEBAAAAAAAAAAAAAAAAAQIDBAD\/xAAYEAEBAQEBAAAAAAAAAAAAAAAAAQIREv\/EABYBAQEBAAAAAAAAAAAAAAAAAAECAP\/EABYRAQEBAAAAAAAAAAAAAAAAAAABEf\/aAAwDAQACEQMRAD8A0b2hrTt7R1oMf0pnTPKpmsWiaN6RzR6Cz60S0LQXiDSnlThpRStmm6lmm6Cy9EsFaR6PSuFZSaN6ShgX\/9k=\\\u00a0\u00bb,\\\u00a0\u00bblegend\\\u00a0\u00bb:\\\u00a0\u00bbCyrille Mani\u00e8re\\\u00a0\u00bb}}]},\\\u00a0\u00bbvisual\\\u00a0\u00bb:{\\\u00a0\u00bbsquare\\\u00a0\u00bb:{\\\u00a0\u00bbjpg\\\u00a0\u00bb:[],\\\u00a0\u00bbwebp\\\u00a0\u00bb:[]},\\\u00a0\u00bbnormal\\\u00a0\u00bb:{\\\u00a0\u00bbjpg\\\u00a0\u00bb:[{\\\u00a0\u00bbw\\\u00a0\u00bb:320,\\\u00a0\u00bburl\\\u00a0\u00bb:\\\u00a0\u00bbhttps:\/\/www.francebleu.fr\/s3\/cruiser-production-eu3\/2025\/08\/43305f6c-3a2a-46ba-841c-023c2fd31678\/320x170_sc_tedd-mhr.jpg\\\u00a0\u00bb},{\\\u00a0\u00bbw\\\u00a0\u00bb:560,\\\u00a0\u00bburl\\\u00a0\u00bb:\\\u00a0\u00bbhttps:\/\/www.francebleu.fr\/s3\/cruiser-production-eu3\/2025\/08\/43305f6c-3a2a-46ba-841c-023c2fd31678\/560x315_sc_tedd-mhr.jpg\\\u00a0\u00bb},{\\\u00a0\u00bbw\\\u00a0\u00bb:1200,\\\u00a0\u00bburl\\\u00a0\u00bb:\\\u00a0\u00bbhttps:\/\/www.francebleu.fr\/s3\/cruiser-production-eu3\/2025\/08\/43305f6c-3a2a-46ba-841c-023c2fd31678\/1200x680_sc_tedd-mhr.jpg\\\u00a0\u00bb}],\\\u00a0\u00bbwebp\\\u00a0\u00bb:[{\\\u00a0\u00bbw\\\u00a0\u00bb:320,\\\u00a0\u00bburl\\\u00a0\u00bb:\\\u00a0\u00bbhttps:\/\/www.francebleu.fr\/s3\/cruiser-production-eu3\/2025\/08\/43305f6c-3a2a-46ba-841c-023c2fd31678\/320x170_sc_tedd-mhr.webp\\\u00a0\u00bb},{\\\u00a0\u00bbw\\\u00a0\u00bb:560,\\\u00a0\u00bburl\\\u00a0\u00bb:\\\u00a0\u00bbhttps:\/\/www.francebleu.fr\/s3\/cruiser-production-eu3\/2025\/08\/43305f6c-3a2a-46ba-841c-023c2fd31678\/560x315_sc_tedd-mhr.webp\\\u00a0\u00bb},{\\\u00a0\u00bbw\\\u00a0\u00bb:1200,\\\u00a0\u00bburl\\\u00a0\u00bb:\\\u00a0\u00bbhttps:\/\/www.francebleu.fr\/s3\/cruiser-production-eu3\/2025\/08\/43305f6c-3a2a-46ba-841c-023c2fd31678\/1200x680_sc_tedd-mhr.webp\\\u00a0\u00bb}]},\\\u00a0\u00bbpreview\\\u00a0\u00bb:\\\u00a0\u00bbdata:image\/jpeg;base64,\/9j\/2wBDACgcHiMeGSgjISMtKygwPGRBPDc3PHtYXUlkkYCZlo+AjIqgtObDoKrarYqMyP\/L2u71\/\/\/\/m8H\/\/\/\/6\/+b9\/\/j\/2wBDASstLTw1PHZBQXb4pYyl+Pj4+Pj4+Pj4+Pj4+Pj4+Pj4+Pj4+Pj4+Pj4+Pj4+Pj4+Pj4+Pj4+Pj4+Pj4+Pj4+Pj\/wAARCAAXACoDASIAAhEBAxEB\/8QAFwABAQEBAAAAAAAAAAAAAAAAAAECA\/\/EABcQAQEBAQAAAAAAAAAAAAAAAAARARL\/xAAWAQEBAQAAAAAAAAAAAAAAAAABAAL\/xAAVEQEBAAAAAAAAAAAAAAAAAAAAEf\/aAAwDAQACEQMRAD8A55jUXMWM0sw5biwUMcry3CKhmKDJFBAUEH\/\/2Q==\\\u00a0\u00bb,\\\u00a0\u00bblegend\\\u00a0\u00bb:\\\u00a0\u00bbUn premier derby cette saison en amical entre l&rsquo;USAP et le MHR\\\u00a0\u00bb,\\\u00a0\u00bbcopyright\\\u00a0\u00bb:\\\u00a0\u00bbMaxppp\\\u00a0\u00bb,\\\u00a0\u00bbauthor\\\u00a0\u00bb:\\\u00a0\u00bbmaxppp\\\u00a0\u00bb}}},\\\u00a0\u00bbdisplay\\\u00a0\u00bb:{\\\u00a0\u00bbnewsFlash\\\u00a0\u00bb:[],\\\u00a0\u00bbhighBanner\\\u00a0\u00bb:true}}\u00a0\u00bb}<\/p>\n","protected":false},"excerpt":{"rendered":"L&rsquo;USAP s&rsquo;est inclin\u00e9e \u00e0 domicile pour son deuxi\u00e8me et dernier match de pr\u00e9paration, 34 \u00e0 24, face \u00e0&hellip;\n","protected":false},"author":2,"featured_media":352825,"comment_status":"","ping_status":"","sticky":false,"template":"","format":"standard","meta":{"footnotes":""},"categories":[9599],"tags":[1111,11,1777,674,1011,27,2208,12,2680,25],"class_list":{"0":"post-352824","1":"post","2":"type-post","3":"status-publish","4":"format-standard","5":"has-post-thumbnail","7":"category-montpellier","8":"tag-actu","9":"tag-actualites","10":"tag-eu","11":"tag-europe","12":"tag-fr","13":"tag-france","14":"tag-montpellier","15":"tag-news","16":"tag-occitanie","17":"tag-republique-francaise"},"share_on_mastodon":{"url":"https:\/\/pubeurope.com\/@fr\/115113705135861549","error":""},"_links":{"self":[{"href":"https:\/\/www.europesays.com\/fr\/wp-json\/wp\/v2\/posts\/352824","targetHints":{"allow":["GET"]}}],"collection":[{"href":"https:\/\/www.europesays.com\/fr\/wp-json\/wp\/v2\/posts"}],"about":[{"href":"https:\/\/www.europesays.com\/fr\/wp-json\/wp\/v2\/types\/post"}],"author":[{"embeddable":true,"href":"https:\/\/www.europesays.com\/fr\/wp-json\/wp\/v2\/users\/2"}],"replies":[{"embeddable":true,"href":"https:\/\/www.europesays.com\/fr\/wp-json\/wp\/v2\/comments?post=352824"}],"version-history":[{"count":0,"href":"https:\/\/www.europesays.com\/fr\/wp-json\/wp\/v2\/posts\/352824\/revisions"}],"wp:featuredmedia":[{"embeddable":true,"href":"https:\/\/www.europesays.com\/fr\/wp-json\/wp\/v2\/media\/352825"}],"wp:attachment":[{"href":"https:\/\/www.europesays.com\/fr\/wp-json\/wp\/v2\/media?parent=352824"}],"wp:term":[{"taxonomy":"category","embeddable":true,"href":"https:\/\/www.europesays.com\/fr\/wp-json\/wp\/v2\/categories?post=352824"},{"taxonomy":"post_tag","embeddable":true,"href":"https:\/\/www.europesays.com\/fr\/wp-json\/wp\/v2\/tags?post=352824"}],"curies":[{"name":"wp","href":"https:\/\/api.w.org\/{rel}","templated":true}]}}