{"id":352826,"date":"2025-08-29T19:28:09","date_gmt":"2025-08-29T19:28:09","guid":{"rendered":"https:\/\/www.europesays.com\/fr\/352826\/"},"modified":"2025-08-29T19:28:09","modified_gmt":"2025-08-29T19:28:09","slug":"ou-trouve-t-on-des-foires-a-tout-et-vide-greniers-en-seine-maritime-pour-la-fin-des-vacances","status":"publish","type":"post","link":"https:\/\/www.europesays.com\/fr\/352826\/","title":{"rendered":"O\u00f9 trouve-t-on des foires \u00e0 tout et vide-greniers en Seine-Maritime pour la fin des vacances\u00a0?"},"content":{"rendered":"<p>            Par<br \/>\n        <strong><br \/>\n            <a href=\"https:\/\/actu.fr\/auteur\/louise-boutard\" title=\"Consulter tous les articles de Louise Boutard\" rel=\"nofollow noopener\" target=\"_blank\">Louise Boutard<\/a><br \/>\n        <\/strong><\/p>\n<p>        Publi\u00e9 le<\/p>\n<p>            29 ao\u00fbt 2025 \u00e0 20h24        <\/p>\n<p>C\u2019est la fin de l\u2019\u00e9t\u00e9, mais il est encore possible de profiter des foires \u00e0 tout, vide-greniers et brocantes ce week-end, samedi\u00a030 et dimanche 31\u00a0ao\u00fbt 2025 <a href=\"https:\/\/actu.fr\/76actu\/\" rel=\"nofollow noopener\" target=\"_blank\">en Seine-Maritime<\/a>. Si la m\u00e9t\u00e9o le permet\u2026<\/p>\n<p>Samedi 30\u00a0ao\u00fbt<\/p>\n<p class=\" wall-content\"><strong>Caudebec\u2011l\u00e8s\u2011Elbeuf<\/strong>\u2009: Foire \u00e0 tout organis\u00e9e par le forum des Sports et de la vie associative vide-greniers, de 7\u2009h \u00e0 18\u2009h. Restauration sur place.<\/p>\n<p class=\" wall-content\"><strong>Eu<\/strong>\u2009: bourse aux pi\u00e8ces d\u00e9tach\u00e9es auto-moto dans la cour d\u2019honneur du ch\u00e2teau, place Isabelle-d\u2019Orl\u00e9ans. De 8\u2009h \u00e0 18\u2009h. Animations. Restauration sur place.<\/p>\n<p class=\" wall-content\"><strong>Mont-Cauvaire<\/strong>\u2009: bourse aux pi\u00e8ces d\u00e9tach\u00e9es auto-moto dans la ferme Raimbourg, rue Placide-Alexandre. De 8\u2009h \u00e0 17\u2009h. F\u00eate foraine, d\u00e9monstration de boulangerie, animations, expositions de motos et voitures de collection. Restauration sur place.<\/p>\n<p class=\" wall-content\"><strong>Oissel<\/strong>\u2009: foire \u00e0 tout plaine des Landaus, de 6\u2009h \u00e0 18\u2009h. Restauration sur place.<\/p>\n<p class=\" wall-content\"><strong>Vittefleur<\/strong>\u2009: Vide\u2011grenier semi-nocturne et concert avec le groupe Acoustica, de 16\u2009h \u00e0 23\u2009h sur la place de la mairie (entr\u00e9e libre, restauration sur place).<\/p>\n<p>Dimanche 31\u00a0ao\u00fbt 2025<\/p>\n<p class=\" wall-content\"><strong>Beaubec\u2011la\u2011Rosi\u00e8re\u2009:<\/strong> Foire de la Rosi\u00e8re, vide\u2011grenier, animations pour enfants, concours \u00e9questre, exposition de peintures.<\/p>\n<p class=\" wall-content\"><strong>Bois-H\u00e9roult\u2009:<\/strong> foire \u00e0 tout place de la mairie, de 7\u2009h \u00e0 18\u2009h. Restauration sur place.<\/p>\n<p>Votre r\u00e9gion, votre actu !<\/p>\n<p>Recevez chaque jour les infos qui comptent pour vous.<\/p>\n<p>\t<a href=\"https:\/\/actu.fr\/newsletter\" class=\"ac-btn ac-btn--corner ac-btn--medium ac-btn--blue800\" rel=\"nofollow noopener\" target=\"_blank\">S&rsquo;incrire<\/a><\/p>\n<p class=\" wall-content\"><strong>Bures-en-Bray\u2009:<\/strong> foire \u00e0 tout de 7\u2009h \u00e0 18\u2009h, frites, barbecue cr\u00eapes et buvette sur place. Rue du foyer.<\/p>\n<p class=\" wall-content\"><strong>Cauville-sur-mer<\/strong>\u2009: vide greniers sur le parking de l\u2019\u00e9glise et dans la salle des f\u00eates rue Saint-Nicolas. Entr\u00e9e 1\u00a0\u20ac. De 8\u2009h \u00e0 18\u2009h. Restauration sur place.<\/p>\n<p class=\" wall-content\"><strong>Cuy-Saint-Fiacre<\/strong>\u2009: foire \u00e0 tout parking de la salle des f\u00eates, de 7\u2009h \u00e0 17\u2009h. Restauration sur place.<\/p>\n<p class=\" wall-content\"><strong>\u00c9talondes<\/strong>\u2009: Vide-grenier dans la salle des f\u00eates et autour, place de l\u2019\u00e9glise. De 6\u2009h\u200930 \u00e0 19\u2009h. Restauration sur place.<\/p>\n<p class=\" wall-content\"><strong>Gommerville<\/strong>\u2009: Vide\u2011grenier organis\u00e9 par l\u2019association des chasseurs des Bosquets, rue de la Plaine, de 7\u2009h \u00e0 18\u2009h avec restauration et buvette sur place. Entr\u00e9e 1\u00a0\u20ac. Man\u00e8ge et animations.<\/p>\n<p class=\" wall-content\"><strong>Gonneville-la-Mallet\u2009:<\/strong> foire \u00e0 tout dans la salle rue des entrepreneurs, de 8\u2009h \u00e0 17\u2009h. Entr\u00e9e 1\u00a0\u20ac. Restauration sur place.<\/p>\n<p class=\" wall-content\"><strong>La Chauss\u00e9e<\/strong>\u2009: 20\u1d49 rassemblement des vieilles m\u00e9caniques, exposition de v\u00e9hicules anciens (tracteurs, motos, autos\u2026), repas champ\u00eatre, feu d\u2019artifice et concert. Entr\u00e9e 2,50\u00a0\u20ac. De 10\u2009h \u00e0 18\u2009h, terrain des vieilles m\u00e9caniques, rue Rotomagus. Restauration sur place.<\/p>\n<p class=\" wall-content\"><strong>La Londe<\/strong>\u2009: vide grenier place du l\u2019Ourail, de 7\u2009h \u00e0 18\u2009h. Restauration sur place.<\/p>\n<p class=\" wall-content\"><strong>Le\u00a0Havre\u2009<\/strong>: vide grenier dans la salle des f\u00eates de Graville, 133 rue de Verdun. de 8\u2009h \u00e0 17\u2009h\u200930. Entr\u00e9e 1\u00a0\u20ac. Restauration sur place.<\/p>\n<p class=\" wall-content\"><strong>Le\u00a0Havre<\/strong>\u2009: vide-grenier organis\u00e9 par le club de Basket Saint-Marie dans la salle Franklin de 8\u2009h\u200930 \u00e0 18\u2009h.<\/p>\n<p class=\" wall-content\"><strong>Normanville<\/strong>\u2009: Vide\u2011grenier de 6\u2009h\u200930 \u00e0 18\u2009h, au stade. Restauration sur place.<\/p>\n<p class=\" wall-content\"><strong>Oissel\u2009:<\/strong> foire \u00e0 tout plaine des Landaus, 30 rue Pierre-S\u00e9mard, de 6\u2009h \u00e0 18\u2009h. animations et tombola<\/p>\n<p class=\" wall-content\"><strong>Offranville<\/strong>\u2009: foire \u00e0 tout au stade, avenue de l\u2019Epine, de 7\u2009h \u00e0 18\u2009h. Restauration sur place.<\/p>\n<p class=\" wall-content\"><strong>Sotteville\u2011sur\u2011Mer\u2009:<\/strong> Vide\u2011grenier de la rentr\u00e9e, toute la journ\u00e9e (8\u2009h \u2013 17\u2009h), place de la Bergerie, entr\u00e9e libre.<\/p>\n<p class=\" wall-content\"><strong>Riville<\/strong>\u2009: vide grenier sur le terrain communal, 7 rue du Bosc aux Moines de 8\u2009h \u00e0 17\u2009h\u200930. Entr\u00e9e 1\u00a0\u20ac. Restauration sur place.<\/p>\n<p class=\" wall-content\"><strong>Rocquemont\u2009:<\/strong> Grande foire \u00e0 tout place de la mairie de 6\u2009h \u00e0 17\u2009h. Restauration sur place. Animations et tombola.<\/p>\n<p class=\" wall-content\"><strong>Rouen<\/strong>\u2009: foire \u00e0 tout rue Lethuillier Pinel, 180 rue Saint-Julien. De 8\u2009h \u00e0 18\u2009h.<\/p>\n<p class=\" wall-content\"><strong>Ry\u2009:<\/strong> vide grenier en centre-ville, de 6\u2009h\u200930 \u00e0 18\u2009h. Restauration sur place.<\/p>\n<p class=\" wall-content\"><strong>Saint-Jean-du-Cardonnay\u2009:<\/strong> foire \u00e0 tout du club de foot sur la stade de football, route de Vatis, de 6\u2009h \u00e0 18\u2009h. Restauration sur place.<\/p>\n<p class=\" wall-content\"><strong>Saint-Maclou-de-Folleville\u2009:<\/strong> Vide-grenier avec march\u00e9 artisanal et loterie sur le parking de la salle communale de 6\u2009h\u200930 \u00e0 17\u2009h\u200930. Restauration sur place.<\/p>\n<p class=\" wall-content\"><strong>Sassetot-le-Malgard\u00e9\u2009:<\/strong> Foire \u00e0 tout et kermesse, 8 rue de la mairie. De 7h30 \u00e0 18h30. Restauration sur place. C\u2019est la premi\u00e8re foire \u00e0 tout organis\u00e9e par le comit\u00e9 des f\u00eates. Tombola.<\/p>\n<p class=\" wall-content\"><strong>Sotteville-sur-Mer\u2009:<\/strong> vide-grenier dans la salle de la bergerie, route entre mer et lin, de 7\u2009h \u00e0 17\u2009h. Restauration sur place.<\/p>\n<p class=\" wall-content\"><strong>Valliquerville<\/strong>\u2009: foire \u00e0 tout sur le stade et le parking, rue de la mairie, de 6\u2009h\u200930 \u00e0 18h30. Restauration sur place. Concert de dimete et un maestro.<\/p>\n<p class=\" wall-content\"><strong>Yville-sur-Seine<\/strong>\u2009: foire \u00e0 tout pour la f\u00eate de la Saint-Louis, dans la salle des f\u00eates, 1 chemin de la garderie. De 7\u2009h \u00e0 18\u2009h. Restauration sur place.<\/p>\n<p>Vous souhaitez annoncer un \u00e9v\u00e9nement festif ou associatif, une initiative locale\u2009? Rendez-vous sur notre plateforme <a href=\"https:\/\/www.infolocale.fr\/decouvrir\/actu\/\" rel=\"nofollow noopener\" target=\"_blank\">Infolocale<\/a>.<\/p>\n<p class=\" wall-content\">Personnalisez votre actualit\u00e9 en ajoutant vos villes et m\u00e9dias en favori avec <a href=\"https:\/\/moncompte.actu.fr\" title=\"D\u00e9couvez Mon Actu\" rel=\"nofollow noopener\" data-trk=\"{&quot;cta&quot;:{&quot;action&quot;:&quot;https:\\\/\\\/moncompte.actu.fr&quot;,&quot;category&quot;:&quot;mon compte&quot;,&quot;from&quot;:&quot;article footer&quot;,&quot;name&quot;:&quot;Mon actu&quot;,&quot;type&quot;:&quot;cta&quot;}}\" target=\"_blank\">Mon Actu<\/a>.<\/p>\n","protected":false},"excerpt":{"rendered":"Par Louise Boutard Publi\u00e9 le 29 ao\u00fbt 2025 \u00e0 20h24 C\u2019est la fin de l\u2019\u00e9t\u00e9, mais il est&hellip;\n","protected":false},"author":2,"featured_media":352827,"comment_status":"","ping_status":"","sticky":false,"template":"","format":"standard","meta":{"footnotes":""},"categories":[9587],"tags":[1111,11,1777,674,1011,27,12,5161,25,9590,104],"class_list":{"0":"post-352826","1":"post","2":"type-post","3":"status-publish","4":"format-standard","5":"has-post-thumbnail","7":"category-rouen","8":"tag-actu","9":"tag-actualites","10":"tag-eu","11":"tag-europe","12":"tag-fr","13":"tag-france","14":"tag-news","15":"tag-normandie","16":"tag-republique-francaise","17":"tag-rouen","18":"tag-societe"},"share_on_mastodon":{"url":"https:\/\/pubeurope.com\/@fr\/115113708937199473","error":""},"_links":{"self":[{"href":"https:\/\/www.europesays.com\/fr\/wp-json\/wp\/v2\/posts\/352826","targetHints":{"allow":["GET"]}}],"collection":[{"href":"https:\/\/www.europesays.com\/fr\/wp-json\/wp\/v2\/posts"}],"about":[{"href":"https:\/\/www.europesays.com\/fr\/wp-json\/wp\/v2\/types\/post"}],"author":[{"embeddable":true,"href":"https:\/\/www.europesays.com\/fr\/wp-json\/wp\/v2\/users\/2"}],"replies":[{"embeddable":true,"href":"https:\/\/www.europesays.com\/fr\/wp-json\/wp\/v2\/comments?post=352826"}],"version-history":[{"count":0,"href":"https:\/\/www.europesays.com\/fr\/wp-json\/wp\/v2\/posts\/352826\/revisions"}],"wp:featuredmedia":[{"embeddable":true,"href":"https:\/\/www.europesays.com\/fr\/wp-json\/wp\/v2\/media\/352827"}],"wp:attachment":[{"href":"https:\/\/www.europesays.com\/fr\/wp-json\/wp\/v2\/media?parent=352826"}],"wp:term":[{"taxonomy":"category","embeddable":true,"href":"https:\/\/www.europesays.com\/fr\/wp-json\/wp\/v2\/categories?post=352826"},{"taxonomy":"post_tag","embeddable":true,"href":"https:\/\/www.europesays.com\/fr\/wp-json\/wp\/v2\/tags?post=352826"}],"curies":[{"name":"wp","href":"https:\/\/api.w.org\/{rel}","templated":true}]}}