{"id":352836,"date":"2025-08-29T19:40:10","date_gmt":"2025-08-29T19:40:10","guid":{"rendered":"https:\/\/www.europesays.com\/fr\/352836\/"},"modified":"2025-08-29T19:40:10","modified_gmt":"2025-08-29T19:40:10","slug":"ils-transportaient-159-kg-de-resine-de-cannabis-trois-et-quatre-ans-de-prison-et-12-million-deuros-damende","status":"publish","type":"post","link":"https:\/\/www.europesays.com\/fr\/352836\/","title":{"rendered":"Ils transportaient 159 kg de r\u00e9sine de cannabis: trois et quatre ans de prison et 1,2 million d&rsquo;euros d\u2019amende"},"content":{"rendered":"<p>Joli coup pour les douaniers de Menton. Le 15 juillet dernier, alors qu\u2019ils \u00e9taient en contr\u00f4le sur une aire de l\u2019autoroute A8, les agents de la brigade des douanes de Menton ont s\u00e9lectionn\u00e9 une fourgonnette immatricul\u00e9e en plaques allemandes.<\/p>\n<p>Deux personnes se trouvaient \u00e0 bord. Le chauffeur expliquait aux agents venir d\u2019Espagne et se rendre en Italie.<\/p>\n<p>L\u2019ouverture des portes arri\u00e8re a permis de constater la pr\u00e9sence de nombreux outils en vrac. Mais c\u2019est sous les outils que se trouvait le plus int\u00e9ressant.<\/p>\n<p>Les agents des douanes ont d\u00e9couvert quatre gros ballots qui s\u2019av\u00e9raient contenir de la r\u00e9sine de cannabis. Au total, ce sont plus de 159kg de cannabis qui ont \u00e9t\u00e9 saisis.<\/p>\n<p>Lors de la retenue douani\u00e8re, un des individus a avou\u00e9 qu\u2019ils avaient \u00e9t\u00e9 approch\u00e9s par des individus afin d\u2019effectuer un transport de marchandise illicite contre r\u00e9mun\u00e9ration.<\/p>\n<p>3,3 tonnes de stup\u00e9fiants saisis en 2024<\/p>\n<p>Jug\u00e9s en comparution imm\u00e9diate le 29 ao\u00fbt par le tribunal judiciaire de Nice, les deux individus ont \u00e9t\u00e9 condamn\u00e9s \u00e0 3 ans d\u2019interdiction du territoire fran\u00e7ais, au paiement d\u2019une amende douani\u00e8re solidaire de 1.276.000 euros, \u00e0 une peine d\u2019emprisonnement de 4 ans pour le conducteur et de 3 ans pour le passager.<\/p>\n<p>La direction r\u00e9gionale des douanes de Nice indique que ses agents \u00ab\u00a0sont tr\u00e8s mobilis\u00e9s dans la lutte contre les narcotrafics comme en t\u00e9moignent cette nouvelle affaire et les quantit\u00e9s de stup\u00e9fiants saisies en 2024\u00a0\u00bb.<\/p>\n<p> 3,3 tonnes de stup\u00e9fiants ont \u00e9t\u00e9 saisies sur les vecteurs routiers et a\u00e9riens du d\u00e9partement des Alpes Maritimes en 2024, dont 192kg de coca\u00efne.<\/p>\n<p>\u00ab\u00a0Un record\u00a0\u00bb, indiquent les Douanes.<\/p>\n","protected":false},"excerpt":{"rendered":"Joli coup pour les douaniers de Menton. Le 15 juillet dernier, alors qu\u2019ils \u00e9taient en contr\u00f4le sur une&hellip;\n","protected":false},"author":2,"featured_media":352837,"comment_status":"","ping_status":"","sticky":false,"template":"","format":"standard","meta":{"footnotes":""},"categories":[2819],"tags":[1111,11,1777,674,118,1011,27,12,2401,882,25],"class_list":{"0":"post-352836","1":"post","2":"type-post","3":"status-publish","4":"format-standard","5":"has-post-thumbnail","7":"category-nice","8":"tag-actu","9":"tag-actualites","10":"tag-eu","11":"tag-europe","12":"tag-faits-divers","13":"tag-fr","14":"tag-france","15":"tag-news","16":"tag-nice","17":"tag-provence-alpes-cote-dazur","18":"tag-republique-francaise"},"share_on_mastodon":{"url":"https:\/\/pubeurope.com\/@fr\/115113756263288501","error":""},"_links":{"self":[{"href":"https:\/\/www.europesays.com\/fr\/wp-json\/wp\/v2\/posts\/352836","targetHints":{"allow":["GET"]}}],"collection":[{"href":"https:\/\/www.europesays.com\/fr\/wp-json\/wp\/v2\/posts"}],"about":[{"href":"https:\/\/www.europesays.com\/fr\/wp-json\/wp\/v2\/types\/post"}],"author":[{"embeddable":true,"href":"https:\/\/www.europesays.com\/fr\/wp-json\/wp\/v2\/users\/2"}],"replies":[{"embeddable":true,"href":"https:\/\/www.europesays.com\/fr\/wp-json\/wp\/v2\/comments?post=352836"}],"version-history":[{"count":0,"href":"https:\/\/www.europesays.com\/fr\/wp-json\/wp\/v2\/posts\/352836\/revisions"}],"wp:featuredmedia":[{"embeddable":true,"href":"https:\/\/www.europesays.com\/fr\/wp-json\/wp\/v2\/media\/352837"}],"wp:attachment":[{"href":"https:\/\/www.europesays.com\/fr\/wp-json\/wp\/v2\/media?parent=352836"}],"wp:term":[{"taxonomy":"category","embeddable":true,"href":"https:\/\/www.europesays.com\/fr\/wp-json\/wp\/v2\/categories?post=352836"},{"taxonomy":"post_tag","embeddable":true,"href":"https:\/\/www.europesays.com\/fr\/wp-json\/wp\/v2\/tags?post=352836"}],"curies":[{"name":"wp","href":"https:\/\/api.w.org\/{rel}","templated":true}]}}