{"id":352838,"date":"2025-08-29T19:41:10","date_gmt":"2025-08-29T19:41:10","guid":{"rendered":"https:\/\/www.europesays.com\/fr\/352838\/"},"modified":"2025-08-29T19:41:10","modified_gmt":"2025-08-29T19:41:10","slug":"un-voyageur-refuse-de-payer-un-supplement-bagages-et-declenche-une-bagarre-a-laeroport-de-nice","status":"publish","type":"post","link":"https:\/\/www.europesays.com\/fr\/352838\/","title":{"rendered":"Un voyageur refuse de payer un suppl\u00e9ment bagages et d\u00e9clenche une bagarre \u00e0 l\u2019a\u00e9roport de Nice"},"content":{"rendered":"<p class=\"paragraph text_align_left lp-f-body-02\">Ils s\u2019expliqueront au tribunal. Deux voyageurs seront jug\u00e9s fin d\u00e9cembre pour avoir <a href=\"https:\/\/www.leparisien.fr\/val-de-marne-94\/aeroport-d-orly-la-bagarre-entre-kaaris-et-booba-leur-coutera-45-000-euros-19-12-2019-8221344.php\" target=\"_blank\" rel=\"noreferrer noopener\">d\u00e9clench\u00e9 une bagarre<\/a> dans le Terminal 2 de l\u2019a\u00e9roport de Nice (Alpes-Maritimes) samedi 23 ao\u00fbt dernier, indique le parquet de Nice aupr\u00e8s de nos confr\u00e8res de France 3 R\u00e9gions.<\/p>\n<p class=\"paragraph text_align_left lp-f-body-02\">Selon les informations de la cha\u00eene de t\u00e9l\u00e9vision et celles de Nice-Matin, les deux voyageurs, un couple, s\u2019appr\u00eataient \u00e0 monter \u00e0 bord d\u2019un vol EasyJet \u00e0 destination de Mykonos. Probl\u00e8me : au moment d\u2019embarquer, <a href=\"https:\/\/www.leparisien.fr\/economie\/soute-cabine-petits-sacs-comment-les-compagnies-aeriennes-font-monter-les-prix-des-billets-avec-les-bagages-22-04-2022-AYTXYMR73JF6FPTV62WVB63SGE.php\" target=\"_blank\" rel=\"noreferrer noopener\">leur bagage cabine d\u00e9passe les dimensions maximales autoris\u00e9es par la compagnie low-cost<\/a>.<\/p>\n<p>Deux jours d\u2019ITT pour l\u2019agent a\u00e9roportuaire<\/p>\n<p class=\"paragraph text_align_left lp-f-body-02\">Un agent de l\u2019a\u00e9roport demande alors au couple de payer un suppl\u00e9ment. Mais les deux voyageurs refusent. Le ton monte et les \u00e9changes verbaux finissent par devenir des coups. Les deux hommes finissent au sol et la compagne du voyageur, elle, ass\u00e8ne des coups de chaussure sur la t\u00eate de l\u2019agent a\u00e9roportuaire. La sc\u00e8ne a \u00e9t\u00e9 film\u00e9e et diffus\u00e9e sur les r\u00e9seaux sociaux.<\/p>\n<blockquote class=\"twitter-tweet\">\n<p lang=\"fr\" dir=\"ltr\">\ud83d\udea8\ud83c\uddeb\ud83c\uddf7\u2708\ufe0f ALERTE INFO<\/p>\n<p>SC\u00c8NE COMPL\u00c8TEMENT FOLLE \u00c0 L\u2019A\u00c9ROPORT DE NICE !<\/p>\n<p>Un couple a ATTAQU\u00c9 VIOLEMMENT un agent EasyJet apr\u00e8s avoir refus\u00e9 de payer un suppl\u00e9ment bagages pour un vol vers Mykonos.<\/p>\n<p>L\u2019homme s\u2019est jet\u00e9 sur l\u2019agent, qui a d\u00fb lui faire une CLEF DE JAMBE pour se d\u00e9fendre,\u2026 <a href=\"https:\/\/t.co\/hsPvzWtgnd\">pic.twitter.com\/hsPvzWtgnd<\/a><\/p>\n<p>\u2014 Impact (@ImpactMediaFR) <a href=\"https:\/\/twitter.com\/ImpactMediaFR\/status\/1961436975191232542?ref_src=twsrc%5Etfw\" target=\"_blank\" rel=\"noopener\">August 29, 2025<\/a><\/p><\/blockquote>\n<p class=\"paragraph text_align_left lp-f-body-02\">L\u2019agent agress\u00e9 s\u2019est vu prescrire deux jours d\u2019incapacit\u00e9 totale de travail, entra\u00eenant un arr\u00eat, indiquent nos confr\u00e8res de France 3. Le parquet de Nice affirme aupr\u00e8s de la cha\u00eene que les deux voyageurs sont poursuivis pour \u00ab violences dans un acc\u00e8s \u00e0 un moyen de transport collectif de voyageurs suivies d\u2019incapacit\u00e9 n\u2019exc\u00e9dant pas 8 jours \u00bb, et compara\u00eetront devant la justice en d\u00e9cembre.<\/p>\n<p><script async src=\"https:\/\/platform.twitter.com\/widgets.js\" charset=\"utf-8\"><\/script><\/p>\n","protected":false},"excerpt":{"rendered":"Ils s\u2019expliqueront au tribunal. Deux voyageurs seront jug\u00e9s fin d\u00e9cembre pour avoir d\u00e9clench\u00e9 une bagarre dans le Terminal&hellip;\n","protected":false},"author":2,"featured_media":352839,"comment_status":"","ping_status":"","sticky":false,"template":"","format":"standard","meta":{"footnotes":""},"categories":[2819],"tags":[1111,11,1777,674,118,1011,27,12,2401,882,25],"class_list":{"0":"post-352838","1":"post","2":"type-post","3":"status-publish","4":"format-standard","5":"has-post-thumbnail","7":"category-nice","8":"tag-actu","9":"tag-actualites","10":"tag-eu","11":"tag-europe","12":"tag-faits-divers","13":"tag-fr","14":"tag-france","15":"tag-news","16":"tag-nice","17":"tag-provence-alpes-cote-dazur","18":"tag-republique-francaise"},"share_on_mastodon":{"url":"https:\/\/pubeurope.com\/@fr\/115113760146833784","error":""},"_links":{"self":[{"href":"https:\/\/www.europesays.com\/fr\/wp-json\/wp\/v2\/posts\/352838","targetHints":{"allow":["GET"]}}],"collection":[{"href":"https:\/\/www.europesays.com\/fr\/wp-json\/wp\/v2\/posts"}],"about":[{"href":"https:\/\/www.europesays.com\/fr\/wp-json\/wp\/v2\/types\/post"}],"author":[{"embeddable":true,"href":"https:\/\/www.europesays.com\/fr\/wp-json\/wp\/v2\/users\/2"}],"replies":[{"embeddable":true,"href":"https:\/\/www.europesays.com\/fr\/wp-json\/wp\/v2\/comments?post=352838"}],"version-history":[{"count":0,"href":"https:\/\/www.europesays.com\/fr\/wp-json\/wp\/v2\/posts\/352838\/revisions"}],"wp:featuredmedia":[{"embeddable":true,"href":"https:\/\/www.europesays.com\/fr\/wp-json\/wp\/v2\/media\/352839"}],"wp:attachment":[{"href":"https:\/\/www.europesays.com\/fr\/wp-json\/wp\/v2\/media?parent=352838"}],"wp:term":[{"taxonomy":"category","embeddable":true,"href":"https:\/\/www.europesays.com\/fr\/wp-json\/wp\/v2\/categories?post=352838"},{"taxonomy":"post_tag","embeddable":true,"href":"https:\/\/www.europesays.com\/fr\/wp-json\/wp\/v2\/tags?post=352838"}],"curies":[{"name":"wp","href":"https:\/\/api.w.org\/{rel}","templated":true}]}}