{"id":35284,"date":"2025-04-19T01:24:58","date_gmt":"2025-04-19T01:24:58","guid":{"rendered":"https:\/\/www.europesays.com\/fr\/35284\/"},"modified":"2025-04-19T01:24:58","modified_gmt":"2025-04-19T01:24:58","slug":"je-nallais-pas-jouer-un-enieme-flic-frederic-diefenthal-explique-pourquoi-il-a-finalement-accepte-ce-role","status":"publish","type":"post","link":"https:\/\/www.europesays.com\/fr\/35284\/","title":{"rendered":"\u00ab\u00a0Je n&rsquo;allais pas jouer un \u00e9ni\u00e8me flic\u00a0\u00bb&#8230; Fr\u00e9d\u00e9ric Diefenthal explique pourquoi il a finalement accept\u00e9 ce r\u00f4le"},"content":{"rendered":"<p class=\"articleContent-meta\">\n        Jeudi 17 avril 2025 \u00e0 11:41 &#8211; par             <a class=\"articleContent-metaAuthorsLink\" href=\"https:\/\/www.cesoirtv.com\/auteur\/thomas-fourcroy\/\" target=\"_blank\" rel=\"noopener\">Thomas Fourcroy<\/a><\/p>\n<p>                    Tweeter<\/p>\n<p>                    Partager sur Facebook<\/p>\n<p>                        <img decoding=\"async\" src=\"https:\/\/www.europesays.com\/fr\/wp-content\/uploads\/2025\/04\/en-attendant-un-miracle-18-decembre.jpg\" alt=\"Player Video\" class=\"player-applyRatio poster exclude-seedtag\"\/><\/p>\n<p>Le jeudi 17 avril \u00e0 21h05, France 3 rediffuse En attendant un miracle. Un polar qui profite de la pr\u00e9sence de Fr\u00e9d\u00e9ric Diefenthal, acteur s&rsquo;\u00e9tant lass\u00e9 de certains r\u00f4les de flic&#8230;<\/p>\n<p>C&rsquo;est peu dire qu&rsquo;en France, comme ailleurs, les fictions polici\u00e8res occupent la majeure partie de l&rsquo;espace. Pl\u00e9biscit\u00e9es par le public, elles peinent parfois \u00e0 convaincre les acteurs eux-m\u00eames. R\u00e9cemment, <a href=\"https:\/\/www.cesoirtv.com\/\/news\/series\/3205-a-fleur-de-peau-j-ai-dit-non-tout-de-suite-raphael-lenglet-a-failli-refuser-le-telefilm\/\" target=\"_blank\" rel=\"noopener\">Rapha\u00ebl Lenglet <\/a>avait par exemple expliqu\u00e9 avoir du <a href=\"https:\/\/www.cesoirtv.com\/\/news\/series\/3249-apres-la-nuit-pourquoi-raphael-lenglet-a-t-il-finalement-accepte-de-rejouer-un-flic\/\" target=\"_blank\" rel=\"noopener\">mal avec les \u00ab\u00a0flics classiques\u00a0\u00bb \u00e0 la t\u00e9l\u00e9vision<\/a>. Un constat partag\u00e9 en un sens par un com\u00e9dien \u00e0 la carri\u00e8re prolifique, <a href=\"https:\/\/www.cesoirtv.com\/news\/series\/952-superpapa-la-fille-daxelle-lafont-et-le-fils-de-frederic-diefenthal-au-casting-du-telefilm-de-tf1\/\" target=\"_blank\" rel=\"noopener\">Fr\u00e9d\u00e9ric Diefenthal<\/a>, qu&rsquo;on retrouve ce soir sur France 3 dans le polar En attendant un miracle.<\/p>\n<p>En attendant un miracle : Lourdes, une ville originale pour un polar<\/p>\n<p>R\u00e9alis\u00e9 par Thierry Binisti en 2021, le t\u00e9l\u00e9film En attendant un miracle, nous embarque du c\u00f4t\u00e9 de Lourdes pour une enqu\u00eate assez originale. Ici, la d\u00e9couverte du cadavre du m\u00e9decin viendra troubler le quotidien de la cit\u00e9 mariale. Et pour cause, il s&rsquo;agit d&rsquo;un professionnel membre du CMIL, le comit\u00e9 qui valide les gu\u00e9risons miraculeuses de Lourdes&#8230; Visiblement assassin\u00e9 dans un bassin de la ville dans lequel les p\u00e8lerins s&rsquo;immergent, son cas va inqui\u00e9ter Fiona, capitaine de police, et Maxime, r\u00e9cemment install\u00e9 dans le coin. Deux personnages qui verront bien des individus leur mettre des b\u00e2tons dans les roues, \u00e0 commencer par le maire de cette ville sacr\u00e9e. Une myst\u00e9rieuse intrigue qui donne \u00e0 voir Lourdes sous un autre angle, port\u00e9e par une Anne Charrier impeccable et Fr\u00e9d\u00e9ric Diefenthal, encore une fois dans un r\u00f4le d&rsquo;enqu\u00eateur&#8230;<\/p>\n<p>                                    Fr\u00e9d\u00e9ric Diefenthal, acteur prolifique mais exigeant<\/p>\n<p>Pourtant, quelques ann\u00e9es avant de prendre ce r\u00f4le, l&rsquo;acteur pass\u00e9 par <a href=\"https:\/\/www.cesoirtv.com\/news\/cinema\/223-taxi-pourquoi-six-taxis-differents-ont-ete-utilises-pour-le-tournage\/\" target=\"_blank\" rel=\"noopener\">la saga Taxi<\/a> ou encore la s\u00e9rie Flics d&rsquo;<a href=\"https:\/\/www.cesoirtv.com\/news\/series\/209-meurtres-a-blois-la-serie-a-t-elle-vraiment-ete-tournee-a-blois\/\" target=\"_blank\" rel=\"noopener\">Olivier Marchal<\/a>, avait d\u00e9clar\u00e9, \u00e0 demi-mot, ne plus trop vouloir jouer les policiers. C&rsquo;\u00e9tait dans les colonnes de T\u00e9l\u00e9 Star, au moment de faire la promotion de son arriv\u00e9e dans <a href=\"https:\/\/www.cesoirtv.com\/news\/series\/509-meurtres-a-cayenne-que-devient-anne-caillon-depuis-son-depart-de-demain-nous-appartient\/\" target=\"_blank\" rel=\"noopener\">Demain nous appartient<\/a> en 2019 : \u00ab\u00a0J&rsquo;ai tenu \u00e0 m&rsquo;assurer que je n&rsquo;allais pas jouer un \u00e9ni\u00e8me flic. J&rsquo;en ai fait suffisamment. Je suis papa de trois enfants et le sujet de la transmission, par exemple, me tenait particuli\u00e8rement \u00e0 coeur. Je n&rsquo;ai pas si souvent jou\u00e9 un p\u00e8re de famille et je n&rsquo;avais pas encore \u00e9t\u00e9 proviseur adjoint.\u00a0\u00bb Finalement, Fr\u00e9d\u00e9ric Diefenthal a choisi de repasser par la case gardien de la paix pour plusieurs productions, comme En attendant un miracle. Il s&rsquo;en est expliqu\u00e9 chez T\u00e9l\u00e9 7 Jours : \u00ab\u00a0\u00c0 chaque fois, je dis que j\u2019arr\u00eate les r\u00f4les de flic un certain temps\u2026 et, finalement, j\u2019y retourne ! (Rires) En m\u00eame temps, c\u2019est compliqu\u00e9 de passer \u00e0 c\u00f4t\u00e9 des polars lorsqu\u2019on tourne pour la t\u00e9l\u00e9vision.\u00a0\u00bb<\/p>\n","protected":false},"excerpt":{"rendered":"Jeudi 17 avril 2025 \u00e0 11:41 &#8211; par Thomas Fourcroy Tweeter Partager sur Facebook Le jeudi 17 avril&hellip;\n","protected":false},"author":2,"featured_media":35285,"comment_status":"","ping_status":"","sticky":false,"template":"","format":"standard","meta":{"footnotes":""},"categories":[1356],"tags":[1409,5334,58,11451,11452,11453,11454,11456,11455,59,1011,27,876,11448,11449,252,1364,11450],"class_list":{"0":"post-35284","1":"post","2":"type-post","3":"status-publish","4":"format-standard","5":"has-post-thumbnail","7":"category-television","8":"tag-bande-annonce","9":"tag-channel_bandes-annonces","10":"tag-divertissement","11":"tag-en-attendant-un-miracle-18122021-210500-france-3","12":"tag-en-attendant-un-miracle-18122021-210500-france-3-alsace","13":"tag-en-attendant-un-miracle-18122021-210500-france-3-aquitaine","14":"tag-en-attendant-un-miracle-18122021-210500-france-3-bourgogne","15":"tag-en-attendant-un-miracle-18122021-210500-france-3-limousin","16":"tag-en-attendant-un-miracle-18122021-210500-france-3-pays-de-la-loire","17":"tag-entertainment","18":"tag-fr","19":"tag-france","20":"tag-france-3","21":"tag-fru00e9du00e9ric-diefenthal","22":"tag-guid_6286950738001","23":"tag-television","24":"tag-tv","25":"tag-uuid_dcbfa1e8-0ee1-460c-b8ec-48e7571f3a20"},"share_on_mastodon":{"url":"","error":"Validation failed: Text character limit of 500 exceeded"},"_links":{"self":[{"href":"https:\/\/www.europesays.com\/fr\/wp-json\/wp\/v2\/posts\/35284","targetHints":{"allow":["GET"]}}],"collection":[{"href":"https:\/\/www.europesays.com\/fr\/wp-json\/wp\/v2\/posts"}],"about":[{"href":"https:\/\/www.europesays.com\/fr\/wp-json\/wp\/v2\/types\/post"}],"author":[{"embeddable":true,"href":"https:\/\/www.europesays.com\/fr\/wp-json\/wp\/v2\/users\/2"}],"replies":[{"embeddable":true,"href":"https:\/\/www.europesays.com\/fr\/wp-json\/wp\/v2\/comments?post=35284"}],"version-history":[{"count":0,"href":"https:\/\/www.europesays.com\/fr\/wp-json\/wp\/v2\/posts\/35284\/revisions"}],"wp:featuredmedia":[{"embeddable":true,"href":"https:\/\/www.europesays.com\/fr\/wp-json\/wp\/v2\/media\/35285"}],"wp:attachment":[{"href":"https:\/\/www.europesays.com\/fr\/wp-json\/wp\/v2\/media?parent=35284"}],"wp:term":[{"taxonomy":"category","embeddable":true,"href":"https:\/\/www.europesays.com\/fr\/wp-json\/wp\/v2\/categories?post=35284"},{"taxonomy":"post_tag","embeddable":true,"href":"https:\/\/www.europesays.com\/fr\/wp-json\/wp\/v2\/tags?post=35284"}],"curies":[{"name":"wp","href":"https:\/\/api.w.org\/{rel}","templated":true}]}}